{"id":53356,"date":"2019-04-26T16:35:59","date_gmt":"2019-04-26T13:35:59","guid":{"rendered":"http:\/\/arantv.az\/?p=53356"},"modified":"2019-04-26T16:35:59","modified_gmt":"2019-04-26T13:35:59","slug":"mehriban-%c9%99liyeva-qala-divarlari-olan-%c9%99raziy%c9%99-g%c9%99ldi-video","status":"publish","type":"post","link":"https:\/\/arantv.az\/?p=53356","title":{"rendered":"Mehriban \u018fliyeva Qala divarlar\u0131 olan \u0259raziy\u0259 g\u0259ldi \u2013 V\u0130DEO"},"content":{"rendered":"<p>Az\u0259rbaycan Respublikas\u0131n\u0131n Birinci vitse-prezidenti Mehriban \u018fliyeva \u0130\u00e7\u0259ri\u015f\u0259h\u0259r\u0259 g\u0259lib.<\/p>\n<p><b>ARANTV.AZ\u00a0<\/b>\u00a0baku.ws-\u0259 istinad\u0259n x\u0259b\u0259r verir ki, birinci xan\u0131m Ki\u00e7ik Qala k\u00fc\u00e7\u0259sind\u0259 yerl\u0259\u015f\u0259n Qala divarlar\u0131 olan \u0259razid\u0259ki v\u0259ziyy\u0259tl\u0259 yerind\u0259 tan\u0131\u015f olub.<\/p>\n<p>Mehriban \u018fliyeva sakinl\u0259rl\u0259 g\u00f6r\u00fc\u015f\u00fcb v\u0259 onlar\u0131 maraqland\u0131ran suallar\u0131 cavabland\u0131r\u0131b.<\/p>\n<p>G\u00f6r\u00fc\u015f zaman\u0131 bildirilib ki, \u0259razid\u0259 apar\u0131lan tikinti i\u015fl\u0259ri Qala divarlar\u0131na he\u00e7 bir z\u0259r\u0259r vurmay\u0131b.<\/p>\n<div class=\"embed-responsive embed-responsive-16by9\"><iframe loading=\"lazy\" id=\"nmqembedid\" class=\"embed-responsive-item\" title=\"video player\" src=\"https:\/\/izle.az\/embed\/09fPzS9L1Uus0k_NTUpN0U_1yy8qyfI2Knbz8fZ2zi7w9kkKNjSw9K5yNg_zrowP97Eo8Q1ONjA2yIwP8bZIzy921q3yCwms9A1xNPLLSax0yikvj_Rw9A8I1NEBAA~~\" width=\"600\" height=\"340\" frameborder=\"0\" scrolling=\"no\" allowfullscreen=\"allowfullscreen\" data-mce-fragment=\"1\"><\/iframe><\/div>\n<div class=\"datespan clearfix\"><\/div>\n","protected":false},"excerpt":{"rendered":"<p>Az\u0259rbaycan Respublikas\u0131n\u0131n Birinci vitse-prezidenti Mehriban \u018fliyeva \u0130\u00e7\u0259ri\u015f\u0259h\u0259r\u0259 g\u0259lib. ARANTV.AZ\u00a0\u00a0baku.ws-\u0259 istinad\u0259n x\u0259b\u0259r verir ki, birinci xan\u0131m Ki\u00e7ik Qala k\u00fc\u00e7\u0259sind\u0259 yerl\u0259\u015f\u0259n Qala divarlar\u0131 olan \u0259razid\u0259ki v\u0259ziyy\u0259tl\u0259 yerind\u0259 tan\u0131\u015f olub. Mehriban \u018fliyeva sakinl\u0259rl\u0259 g\u00f6r\u00fc\u015f\u00fcb v\u0259 onlar\u0131 maraqland\u0131ran suallar\u0131 cavabland\u0131r\u0131b. G\u00f6r\u00fc\u015f zaman\u0131 bildirilib ki, \u0259razid\u0259 apar\u0131lan tikinti i\u015fl\u0259ri Qala divarlar\u0131na he\u00e7 bir z\u0259r\u0259r vurmay\u0131b.<\/p>\n","protected":false},"author":2,"featured_media":53357,"comment_status":"closed","ping_status":"closed","sticky":false,"template":"","format":"standard","meta":{"om_disable_all_campaigns":false,"_monsterinsights_skip_tracking":false,"_monsterinsights_sitenote_active":false,"_monsterinsights_sitenote_note":"","_monsterinsights_sitenote_category":0},"categories":[4],"tags":[],"aioseo_notices":[],"gutentor_comment":0,"rttpg_featured_image_url":{"full":["https:\/\/arantv.az\/wp-content\/uploads\/2019\/04\/1556284517_409027117.jpg",549,297,false],"landscape":["https:\/\/arantv.az\/wp-content\/uploads\/2019\/04\/1556284517_409027117.jpg",549,297,false],"portraits":["https:\/\/arantv.az\/wp-content\/uploads\/2019\/04\/1556284517_409027117.jpg",549,297,false],"thumbnail":["https:\/\/arantv.az\/wp-content\/uploads\/2019\/04\/1556284517_409027117-150x150.jpg",150,150,true],"medium":["https:\/\/arantv.az\/wp-content\/uploads\/2019\/04\/1556284517_409027117-300x162.jpg",300,162,true],"large":["https:\/\/arantv.az\/wp-content\/uploads\/2019\/04\/1556284517_409027117.jpg",549,297,false],"1536x1536":["https:\/\/arantv.az\/wp-content\/uploads\/2019\/04\/1556284517_409027117.jpg",549,297,false],"2048x2048":["https:\/\/arantv.az\/wp-content\/uploads\/2019\/04\/1556284517_409027117.jpg",549,297,false],"post-thumbnail":["https:\/\/arantv.az\/wp-content\/uploads\/2019\/04\/1556284517_409027117-240x172.jpg",240,172,true],"advps-thumb-one":["https:\/\/arantv.az\/wp-content\/uploads\/2019\/04\/1556284517_409027117.jpg",549,297,false]},"rttpg_author":{"display_name":"V\u00fcsal Rafiqo\u011flu","author_link":"https:\/\/arantv.az\/?author=2"},"rttpg_comment":0,"rttpg_category":"<a href=\"https:\/\/arantv.az\/?cat=4\" rel=\"category\">Siyas\u0259t<\/a>","rttpg_excerpt":"Az\u0259rbaycan Respublikas\u0131n\u0131n Birinci vitse-prezidenti Mehriban \u018fliyeva \u0130\u00e7\u0259ri\u015f\u0259h\u0259r\u0259 g\u0259lib. ARANTV.AZ\u00a0\u00a0baku.ws-\u0259 istinad\u0259n x\u0259b\u0259r verir ki, birinci xan\u0131m Ki\u00e7ik Qala k\u00fc\u00e7\u0259sind\u0259 yerl\u0259\u015f\u0259n Qala divarlar\u0131 olan \u0259razid\u0259ki v\u0259ziyy\u0259tl\u0259 yerind\u0259 tan\u0131\u015f olub. Mehriban \u018fliyeva sakinl\u0259rl\u0259 g\u00f6r\u00fc\u015f\u00fcb v\u0259 onlar\u0131 maraqland\u0131ran suallar\u0131 cavabland\u0131r\u0131b. G\u00f6r\u00fc\u015f zaman\u0131 bildirilib ki, \u0259razid\u0259 apar\u0131lan tikinti i\u015fl\u0259ri Qala divarlar\u0131na he\u00e7 bir z\u0259r\u0259r vurmay\u0131b.","_links":{"self":[{"href":"https:\/\/arantv.az\/index.php?rest_route=\/wp\/v2\/posts\/53356"}],"collection":[{"href":"https:\/\/arantv.az\/index.php?rest_route=\/wp\/v2\/posts"}],"about":[{"href":"https:\/\/arantv.az\/index.php?rest_route=\/wp\/v2\/types\/post"}],"author":[{"embeddable":true,"href":"https:\/\/arantv.az\/index.php?rest_route=\/wp\/v2\/users\/2"}],"replies":[{"embeddable":true,"href":"https:\/\/arantv.az\/index.php?rest_route=%2Fwp%2Fv2%2Fcomments&post=53356"}],"version-history":[{"count":0,"href":"https:\/\/arantv.az\/index.php?rest_route=\/wp\/v2\/posts\/53356\/revisions"}],"wp:featuredmedia":[{"embeddable":true,"href":"https:\/\/arantv.az\/index.php?rest_route=\/wp\/v2\/media\/53357"}],"wp:attachment":[{"href":"https:\/\/arantv.az\/index.php?rest_route=%2Fwp%2Fv2%2Fmedia&parent=53356"}],"wp:term":[{"taxonomy":"category","embeddable":true,"href":"https:\/\/arantv.az\/index.php?rest_route=%2Fwp%2Fv2%2Fcategories&post=53356"},{"taxonomy":"post_tag","embeddable":true,"href":"https:\/\/arantv.az\/index.php?rest_route=%2Fwp%2Fv2%2Ftags&post=53356"}],"curies":[{"name":"wp","href":"https:\/\/api.w.org\/{rel}","templated":true}]}}