{"id":53359,"date":"2019-04-26T16:37:28","date_gmt":"2019-04-26T13:37:28","guid":{"rendered":"http:\/\/arantv.az\/?p=53359"},"modified":"2019-04-26T16:37:28","modified_gmt":"2019-04-26T13:37:28","slug":"prezident-ilham-%c9%99liyev-az%c9%99rbaycandaki-biznes-muhiti-dunyada-olan-%c9%99n-qabaqcil-biznes-muhitl%c9%99rind%c9%99n-biridir","status":"publish","type":"post","link":"https:\/\/arantv.az\/?p=53359","title":{"rendered":"Prezident \u0130lham \u018fliyev: &#8220;Az\u0259rbaycandak\u0131 biznes m\u00fchiti d\u00fcnyada olan \u0259n qabaqc\u0131l biznes m\u00fchitl\u0259rind\u0259n biridir&#8221;"},"content":{"rendered":"<p>&#8220;Az\u0259rbaycandak\u0131 biznes m\u00fchiti d\u00fcnyada olan \u0259n qabaqc\u0131l biznes m\u00fchitl\u0259rind\u0259n biridir&#8221;.<\/p>\n<p><strong>ARANTV.AZ<\/strong> az\u0259rtac-a istinad\u0259n x\u0259b\u0259r verir ki, bunu Az\u0259rbaycan Prezidenti \u0130lham \u018fliyev aprelin 26-da Pekind\u0259 ke\u00e7iril\u0259n 2-ci &#8220;Bir k\u0259m\u0259r, bir yol&#8221; Beyn\u0259lxalq \u018fm\u0259kda\u015fl\u0131q Forumunda \u00e7\u0131x\u0131\u015f\u0131 zaman\u0131 deyib.<\/p>\n<p>\u0130lham \u018fliyev bildirib ki, m\u00fcasir n\u0259qliyyat infrastrukturunun yarad\u0131lmas\u0131 Az\u0259rbaycan\u0131n prioritetl\u0259ri s\u0131ras\u0131ndad\u0131r: &#8220;Co\u011frafi m\u00f6vqeyimizd\u0259n b\u0259hr\u0259l\u0259n\u0259r\u0259k biz Asiya il\u0259 Avropa aras\u0131nda k\u00f6rp\u00fcl\u0259rin qurulmas\u0131na investisiya yat\u0131rd\u0131q. A\u00e7\u0131q d\u0259niz\u0259 \u00e7\u0131x\u0131\u015f\u0131 olmayan \u00f6lk\u0259 olma\u011f\u0131m\u0131za baxmayaraq, biz Az\u0259rbaycan\u0131 beyn\u0259lxalq n\u0259qliyyat m\u0259rk\u0259zl\u0259rind\u0259n birin\u0259 \u00e7evirmi\u015fik. Bizi qon\u015fular\u0131m\u0131zla birl\u0259\u015fdir\u0259n \u015fax\u0259l\u0259nmi\u015f d\u0259mir yolu \u015f\u0259b\u0259k\u0259si yaratm\u0131\u015f\u0131q. Az\u0259rbaycanda son 15 ild\u0259 15 min kilometr yol v\u0259 avtomagistrallar \u00e7\u0259kilib. Davos D\u00fcnya \u0130qtisadi Forumunun hesablamalar\u0131na g\u00f6r\u0259 Az\u0259rbaycan yollar\u0131n keyfiyy\u0259tin\u0259 g\u00f6r\u0259 d\u00fcnyada 34-c\u00fc yerd\u0259dir&#8221;.<\/p>\n<p>D\u00f6vl\u0259t ba\u015f\u00e7\u0131s\u0131 vur\u011fulay\u0131b ki, infrastrukturun inki\u015faf\u0131na, h\u0259m\u00e7inin \u00e7ox \u0259lveri\u015fli biznes m\u00fchitinin yarad\u0131lmas\u0131 il\u0259 d\u0259st\u0259k verilir: &#8220;Qeyd etdiyim kimi, 260 milyard dollar h\u0259cmind\u0259 investisiya yat\u0131r\u0131l\u0131b v\u0259 bunlar\u0131n yar\u0131s\u0131n\u0131 xarici investisiyalar t\u0259\u015fkil edir. Bu g\u00fcn Az\u0259rbaycandak\u0131 biznes m\u00fchiti d\u00fcnyada olan \u0259n qabaqc\u0131l biznes m\u00fchitl\u0259rind\u0259n biridir. D\u00fcnya Bank\u0131n\u0131n \u0259n son &#8220;Doing Business&#8221; hesabat\u0131na g\u00f6r\u0259, Az\u0259rbaycan biznes m\u00fchiti \u00fczr\u0259 25-ci pill\u0259d\u0259dir v\u0259 bir il \u0259rzind\u0259 biz m\u00f6vqeyimizi \u0259sasl\u0131 \u015f\u0259kild\u0259 yax\u015f\u0131la\u015fd\u0131rm\u0131\u015f\u0131q. \u0130ndi Az\u0259rbaycan d\u00fcnyada \u0259n \u00e7ox islahat aparan on \u00f6lk\u0259 s\u0131ras\u0131ndad\u0131r.<\/p>\n<p>N\u0259qliyyat infrastrukturundan dan\u0131\u015fark\u0259n hava n\u0259qliyyat\u0131na qoyulan investisiyalar\u0131 \u0259lav\u0259 etm\u0259k ist\u0259yir\u0259m. Alt\u0131 beyn\u0259lxalq hava liman\u0131 m\u00fcasir n\u0259qliyyat infrastrukturunun yarad\u0131lmas\u0131na n\u00f6vb\u0259ti t\u00f6hf\u0259mizdir. Heyd\u0259r \u018fliyev Beyn\u0259lxalq Aeroportu &#8220;Skytrax&#8221; Beyn\u0259lxalq N\u0259qliyyat Reytinq Agentliyi t\u0259r\u0259find\u0259n \u0259n yax\u015f\u0131 regional hava liman\u0131 kateqoriyas\u0131nda be\u015f ulduza layiq g\u00f6r\u00fcl\u00fcb. 2017-ci ild\u0259 istifad\u0259y\u0259 verilmi\u015f Bak\u0131-Tbilisi-Qars d\u0259mir yolu x\u0259tti t\u0259kc\u0259 3 \u00f6lk\u0259ni birl\u0259\u015fdir\u0259n regional layih\u0259 deyil. O, eyni zamanda, qit\u0259l\u0259ri birl\u0259\u015fdirir, Asiya v\u0259 Avropa aras\u0131nda vacib ba\u011flant\u0131d\u0131r. Bu d\u0259mir yolu \u015e\u0259rq-Q\u0259rb n\u0259qliyyat d\u0259hlizinin m\u00fch\u00fcm hiss\u0259sidir. Bak\u0131-Tbilisi-Qars d\u0259mir yolunun tikintisini tamamlamaq \u00fc\u00e7\u00fcn t\u0259r\u0259fda\u015flar\u0131m\u0131zla biz\u0259 \u00e7oxlu vaxt t\u0259l\u0259b olundu v\u0259 bu g\u00fcn bu d\u0259mir yolu Avrasiyada n\u0259qliyyatda \u00e7ox m\u00fch\u00fcm rol oynay\u0131r&#8221;.<\/p>\n<p>Prezident qeyd edib ki, Az\u0259rbaycan\u0131n s\u0259rmay\u0259 yat\u0131rd\u0131\u011f\u0131 daha bir \u0259h\u0259miyy\u0259tli n\u0259qliyyat layih\u0259si \u015eimal-C\u0259nub d\u0259hlizidir: &#8220;\u015e\u0259rq-Q\u0259rb v\u0259 \u015eimal-C\u0259nub n\u0259qliyyat d\u0259hlizl\u0259rind\u0259 yerl\u0259\u015f\u0259n \u00f6lk\u0259l\u0259r \u00f6z mallar\u0131n\u0131 n\u0259ql etm\u0259k \u00fc\u00e7\u00fcn Az\u0259rbaycan\u0131n \u0259razisind\u0259n istifad\u0259 edirl\u0259r. Buna g\u00f6r\u0259 d\u0259 m\u00fcasir infrastrukturun yarad\u0131lmas\u0131na yat\u0131rd\u0131\u011f\u0131m\u0131z investisiyalar yaln\u0131z iqtisadi potensial\u0131m\u0131z\u0131n art\u0131r\u0131lmas\u0131na v\u0259 bizim dost, t\u0259r\u0259fda\u015f v\u0259 qon\u015fular\u0131m\u0131za xidm\u0259t g\u00f6st\u0259rm\u0259yimiz\u0259 k\u00f6m\u0259k etmir, bu, h\u0259m d\u0259 ticar\u0259t, turizm, n\u0259qliyyat sah\u0259l\u0259rind\u0259 nadir imkan yarad\u0131r v\u0259 xalqlar\u0131, \u00f6lk\u0259l\u0259ri birl\u0259\u015fdirir. \u00d6lk\u0259l\u0259r bir-birin\u0259 ba\u011flan\u0131r v\u0259 bu, s\u00fclh v\u0259 sabitlik amal\u0131na xidm\u0259t edir. Bel\u0259likl\u0259, Az\u0259rbaycan m\u00fcasir n\u0259qliyyat infrastrukturuna malik vacib tranzit \u00f6lk\u0259y\u0259 \u00e7evrilib&#8221;.<\/p>\n<p>\u0130lham \u018fliyev vur\u011fulay\u0131b ki, \u00f6t\u0259n il istifad\u0259y\u0259 verilmi\u015f Lapis-Lazuli mar\u015frutu Bak\u0131-Tbilisi-Qars d\u0259mir yolu x\u0259ttin\u0259 birl\u0259\u015f\u0259r\u0259k Az\u0259rbaycan\u0131n tranzit potensial\u0131n\u0131 daha da art\u0131r\u0131b: &#8220;Bu g\u00fcn Az\u0259rbaycan say\u0131 artmaqda olan \u00f6lk\u0259l\u0259r \u00fc\u00e7\u00fcn tranzit imkanlar\u0131n\u0131 t\u0259min edir. Az\u0259rbaycan X\u0259z\u0259r d\u0259nizind\u0259 260 g\u0259mid\u0259n ibar\u0259t \u0259n b\u00f6y\u00fck donanmaya malikdir. Az\u0259rbaycanda f\u0259aliyy\u0259t g\u00f6st\u0259r\u0259n v\u0259 nisb\u0259t\u0259n yax\u0131n vaxtlarda tikilmi\u015f g\u0259miqay\u0131rma zavodu ist\u0259nil\u0259n n\u00f6v g\u0259mini in\u015fa ed\u0259 bil\u0259r. \u00d6t\u0259n il biz 15 milyon ton y\u00fck v\u0259 100 min konteyner y\u00fcka\u015f\u0131rma qabiliyy\u0259tin\u0259 malik yeni beyn\u0259lxalq Bak\u0131 D\u0259niz Liman\u0131n\u0131 istifad\u0259y\u0259 verdik. G\u0259l\u0259c\u0259kd\u0259 onun imkanlar\u0131 25 milyon ton v\u0259 1 milyon konteyner\u0259 q\u0259d\u0259r art\u0131r\u0131lacaq.<\/p>\n<p>M\u00fcasir n\u0259qliyyat v\u0259 logistika infrastrukturu yaratmaqla biz yaln\u0131z \u00f6lk\u0259mizi m\u00fch\u00fcm n\u0259qliyyat m\u0259rk\u0259zin\u0259 \u00e7evirm\u0259dik. Eyni zamanda, biz \u015e\u0259rq-Q\u0259rb v\u0259 \u015eimal-C\u0259nub d\u0259hlizl\u0259ri layih\u0259l\u0259rind\u0259 i\u015ftirak ed\u0259n \u00f6lk\u0259l\u0259r aras\u0131nda \u0259m\u0259kda\u015fl\u0131\u011fa t\u00f6hf\u0259 verdik. Beyn\u0259lxalq n\u0259qliyyat layih\u0259l\u0259ri \u00f6lk\u0259l\u0259r v\u0259 xalqlar aras\u0131nda \u0259m\u0259kda\u015fl\u0131\u011f\u0131n m\u00f6hk\u0259ml\u0259ndirilm\u0259sin\u0259 xidm\u0259t edir. &#8220;Bir k\u0259m\u0259r, bir yol&#8221; t\u0259\u015f\u0259bb\u00fcs\u00fc n\u0259qliyyat sah\u0259sind\u0259 yeni imkanlar a\u00e7maqla yana\u015f\u0131, ticar\u0259ti, turizmi, xalqlar aras\u0131nda t\u0259maslar\u0131 t\u0259\u015fviq edir v\u0259 Avrasiya m\u0259kan\u0131nda sabitliyin, t\u0259hl\u00fck\u0259sizliyin v\u0259 s\u00fclh\u00fcn b\u0259rq\u0259rar olmas\u0131 i\u015fin\u0259 xidm\u0259t g\u00f6st\u0259rir&#8221;.<\/p>\n","protected":false},"excerpt":{"rendered":"<p>&#8220;Az\u0259rbaycandak\u0131 biznes m\u00fchiti d\u00fcnyada olan \u0259n qabaqc\u0131l biznes m\u00fchitl\u0259rind\u0259n biridir&#8221;. ARANTV.AZ az\u0259rtac-a istinad\u0259n x\u0259b\u0259r verir ki, bunu Az\u0259rbaycan Prezidenti \u0130lham \u018fliyev aprelin 26-da Pekind\u0259 ke\u00e7iril\u0259n 2-ci &#8220;Bir k\u0259m\u0259r, bir yol&#8221; Beyn\u0259lxalq \u018fm\u0259kda\u015fl\u0131q Forumunda \u00e7\u0131x\u0131\u015f\u0131 zaman\u0131 deyib. \u0130lham \u018fliyev bildirib ki, m\u00fcasir n\u0259qliyyat infrastrukturunun yarad\u0131lmas\u0131 Az\u0259rbaycan\u0131n prioritetl\u0259ri s\u0131ras\u0131ndad\u0131r: &#8220;Co\u011frafi m\u00f6vqeyimizd\u0259n b\u0259hr\u0259l\u0259n\u0259r\u0259k biz Asiya il\u0259 Avropa aras\u0131nda k\u00f6rp\u00fcl\u0259rin qurulmas\u0131na investisiya yat\u0131rd\u0131q. A\u00e7\u0131q d\u0259niz\u0259 \u00e7\u0131x\u0131\u015f\u0131 olmayan \u00f6lk\u0259 olma\u011f\u0131m\u0131za baxmayaraq, biz Az\u0259rbaycan\u0131 beyn\u0259lxalq n\u0259qliyyat m\u0259rk\u0259zl\u0259rind\u0259n birin\u0259 \u00e7evirmi\u015fik. Bizi qon\u015fular\u0131m\u0131zla birl\u0259\u015fdir\u0259n \u015fax\u0259l\u0259nmi\u015f d\u0259mir yolu \u015f\u0259b\u0259k\u0259si yaratm\u0131\u015f\u0131q. Az\u0259rbaycanda son 15 ild\u0259 15 min kilometr yol v\u0259&hellip;<\/p>\n","protected":false},"author":2,"featured_media":53360,"comment_status":"closed","ping_status":"closed","sticky":false,"template":"","format":"standard","meta":{"om_disable_all_campaigns":false,"_monsterinsights_skip_tracking":false,"_monsterinsights_sitenote_active":false,"_monsterinsights_sitenote_note":"","_monsterinsights_sitenote_category":0},"categories":[4],"tags":[],"aioseo_notices":[],"gutentor_comment":0,"rttpg_featured_image_url":{"full":["https:\/\/arantv.az\/wp-content\/uploads\/2019\/04\/750075.jpg",800,600,false],"landscape":["https:\/\/arantv.az\/wp-content\/uploads\/2019\/04\/750075.jpg",800,600,false],"portraits":["https:\/\/arantv.az\/wp-content\/uploads\/2019\/04\/750075.jpg",800,600,false],"thumbnail":["https:\/\/arantv.az\/wp-content\/uploads\/2019\/04\/750075-150x150.jpg",150,150,true],"medium":["https:\/\/arantv.az\/wp-content\/uploads\/2019\/04\/750075-300x225.jpg",300,225,true],"large":["https:\/\/arantv.az\/wp-content\/uploads\/2019\/04\/750075.jpg",640,480,false],"1536x1536":["https:\/\/arantv.az\/wp-content\/uploads\/2019\/04\/750075.jpg",800,600,false],"2048x2048":["https:\/\/arantv.az\/wp-content\/uploads\/2019\/04\/750075.jpg",800,600,false],"post-thumbnail":["https:\/\/arantv.az\/wp-content\/uploads\/2019\/04\/750075-240x172.jpg",240,172,true],"advps-thumb-one":["https:\/\/arantv.az\/wp-content\/uploads\/2019\/04\/750075.jpg",800,600,false]},"rttpg_author":{"display_name":"V\u00fcsal Rafiqo\u011flu","author_link":"https:\/\/arantv.az\/?author=2"},"rttpg_comment":0,"rttpg_category":"<a href=\"https:\/\/arantv.az\/?cat=4\" rel=\"category\">Siyas\u0259t<\/a>","rttpg_excerpt":"&#8220;Az\u0259rbaycandak\u0131 biznes m\u00fchiti d\u00fcnyada olan \u0259n qabaqc\u0131l biznes m\u00fchitl\u0259rind\u0259n biridir&#8221;. ARANTV.AZ az\u0259rtac-a istinad\u0259n x\u0259b\u0259r verir ki, bunu Az\u0259rbaycan Prezidenti \u0130lham \u018fliyev aprelin 26-da Pekind\u0259 ke\u00e7iril\u0259n 2-ci &#8220;Bir k\u0259m\u0259r, bir yol&#8221; Beyn\u0259lxalq \u018fm\u0259kda\u015fl\u0131q Forumunda \u00e7\u0131x\u0131\u015f\u0131 zaman\u0131 deyib. \u0130lham \u018fliyev bildirib ki, m\u00fcasir n\u0259qliyyat infrastrukturunun yarad\u0131lmas\u0131 Az\u0259rbaycan\u0131n prioritetl\u0259ri s\u0131ras\u0131ndad\u0131r: &#8220;Co\u011frafi m\u00f6vqeyimizd\u0259n b\u0259hr\u0259l\u0259n\u0259r\u0259k biz Asiya il\u0259 Avropa aras\u0131nda&hellip;","_links":{"self":[{"href":"https:\/\/arantv.az\/index.php?rest_route=\/wp\/v2\/posts\/53359"}],"collection":[{"href":"https:\/\/arantv.az\/index.php?rest_route=\/wp\/v2\/posts"}],"about":[{"href":"https:\/\/arantv.az\/index.php?rest_route=\/wp\/v2\/types\/post"}],"author":[{"embeddable":true,"href":"https:\/\/arantv.az\/index.php?rest_route=\/wp\/v2\/users\/2"}],"replies":[{"embeddable":true,"href":"https:\/\/arantv.az\/index.php?rest_route=%2Fwp%2Fv2%2Fcomments&post=53359"}],"version-history":[{"count":0,"href":"https:\/\/arantv.az\/index.php?rest_route=\/wp\/v2\/posts\/53359\/revisions"}],"wp:featuredmedia":[{"embeddable":true,"href":"https:\/\/arantv.az\/index.php?rest_route=\/wp\/v2\/media\/53360"}],"wp:attachment":[{"href":"https:\/\/arantv.az\/index.php?rest_route=%2Fwp%2Fv2%2Fmedia&parent=53359"}],"wp:term":[{"taxonomy":"category","embeddable":true,"href":"https:\/\/arantv.az\/index.php?rest_route=%2Fwp%2Fv2%2Fcategories&post=53359"},{"taxonomy":"post_tag","embeddable":true,"href":"https:\/\/arantv.az\/index.php?rest_route=%2Fwp%2Fv2%2Ftags&post=53359"}],"curies":[{"name":"wp","href":"https:\/\/api.w.org\/{rel}","templated":true}]}}