{"id":53369,"date":"2019-04-26T16:43:02","date_gmt":"2019-04-26T13:43:02","guid":{"rendered":"http:\/\/arantv.az\/?p=53369"},"modified":"2019-04-26T16:43:02","modified_gmt":"2019-04-26T13:43:02","slug":"milli-paralimpiya-komit%c9%99sinin-prezidenti-konullul%c9%99rl%c9%99-gorusdu","status":"publish","type":"post","link":"https:\/\/arantv.az\/?p=53369","title":{"rendered":"Milli Paralimpiya Komit\u0259sinin prezidenti k\u00f6n\u00fcll\u00fcl\u0259rl\u0259 g\u00f6r\u00fc\u015fd\u00fc"},"content":{"rendered":"<p>Az\u0259rbaycan Milli Paralimpiya Komit\u0259sinin prezidenti \u0130lqar R\u0259himov 13-14 may tarixl\u0259rind\u0259 &#8220;Ruhun z\u0259f\u0259ri&#8221; \u015f\u00fcar\u0131 alt\u0131nda Bak\u0131da ke\u00e7iril\u0259c\u0259k Para C\u00fcdo idman n\u00f6v\u00fc \u00fczr\u0259 beyn\u0259lxalq Qran-Pri yar\u0131\u015f\u0131na d\u0259st\u0259k ver\u0259c\u0259k\u00a0 &#8220;Bir K\u00f6n\u00fcll\u00fc&#8221; t\u0259\u015fkilat\u0131n\u0131n \u00fczvl\u0259ri il\u0259 g\u00f6r\u00fc\u015f\u00fcb.<\/p>\n<p><strong>ARANTV.AZ<\/strong> x\u0259b\u0259r verir ki,\u00a0t\u0259dbird\u0259 \u0259lilliyi olan k\u00f6n\u00fcll\u00fcl\u0259r, Qaraba\u011f Qazil\u0259ri v\u0259 T\u0259hsil Nazirliyinin &#8220;Bir k\u00f6n\u00fcll\u00fc&#8221; proqram\u0131n\u0131n \u00fczvl\u0259ri i\u015ftirak edibl\u0259r.<\/p>\n<p>G\u00f6r\u00fc\u015f Az\u0259rbaycan Milli Olimpiya Komit\u0259sinin ofisind\u0259 ba\u015f tutub.<\/p>\n<p>T\u0259dbiri a\u00e7an \u0130lqar R\u0259himov Milli Paralimpiya Komit\u0259sinin tarixi haqda m\u0259lumat verib.\u00a0 O bildirib ki, 1996-c\u0131 ild\u0259 yarad\u0131lan t\u0259\u015fkilat bu ill\u0259r \u0259rzind\u0259 uzun yol q\u0259t edib. \u00d6lk\u0259mizd\u0259 paralimpiya h\u0259r\u0259kat\u0131 v\u0259 s\u00fcr\u0259tli inki\u015faf\u0131, u\u015faq paralimpiya h\u0259r\u0259kat\u0131, \u00f6lk\u0259 ba\u015f\u00e7\u0131s\u0131 c\u0259nab \u0130lham \u018fliyevin bu h\u0259r\u0259kata v\u0259 paralimpiya\u00e7\u0131lara g\u00f6st\u0259rdiyi diqq\u0259t v\u0259 qay\u011f\u0131 haqq\u0131nda geni\u015f m\u0259lumat ver\u0259n \u0130lqar R\u0259himov bildirib ki, haz\u0131rda bizim 7 paralimpiya \u00e7empionumuz var. Onlardan ikisi is\u0259 ikiqat paralimpiya \u00e7empionudur.<\/p>\n<p>Komit\u0259 prezidenti bir daha xat\u0131rlad\u0131b ki, 13-14 may tarixl\u0259rind\u0259 ilk d\u0259f\u0259 olaraq paytaxt\u0131m\u0131z\u00a0 &#8220;Ruhun z\u0259f\u0259ri&#8221; \u015f\u00fcar\u0131 alt\u0131nda Para C\u00fcdo idman n\u00f6v\u00fc \u00fczr\u0259 beyn\u0259lxalq Qran-Pri yar\u0131\u015f\u0131na ev sahibliyi edir. &#8220;Tokio 2020&#8221; XVI Yay Paralimpiya Oyunlar\u0131na lisenziya xallar\u0131 qazand\u0131ran bu yar\u0131\u015fda 36 \u00f6lk\u0259d\u0259n 345\u00a0 i\u015ftirak\u00e7\u0131 i\u015ftirak ed\u0259c\u0259k.<\/p>\n<p>Onun s\u00f6zl\u0259rin\u0259 g\u00f6r\u0259, Para C\u00fcdo \u00fczr\u0259 Bak\u0131 Qran-Prisi \u0259lill\u0259rin idman yar\u0131\u015f\u0131 oldu\u011fu \u00fc\u00e7\u00fcn, t\u0259\u015fkilati i\u015fl\u0259r\u0259 fiziki m\u0259hdudiyy\u0259ti olan insanlar da c\u0259lb olunub. Bu t\u0259dbirin tamamil\u0259 inkl\u00fcziv olmas\u0131 \u00fc\u00e7\u00fcn t\u0259dbirl\u0259r g\u00f6r\u00fcl\u00fcr.<\/p>\n<p>&#8220;Yar\u0131\u015f\u0131n ke\u00e7irilm\u0259sind\u0259 \u0259lilliyi olan k\u00f6n\u00fcll\u00fcl\u0259r d\u0259 yax\u0131ndan i\u015ftirak ed\u0259c\u0259k. Bundan \u0259lav\u0259, yar\u0131\u015f ke\u00e7iril\u0259n g\u00fcnl\u0259rd\u0259 Heyd\u0259r \u018fliyev \u0130dman Arenas\u0131nda fiziki m\u0259hdudiyy\u0259tli \u015f\u0259xsl\u0259rin \u0259l i\u015fl\u0259rind\u0259n ibar\u0259t s\u0259rgi-sat\u0131\u015f yarmarkas\u0131 da ba\u015f tutacaq. Bu yar\u0131\u015f\u0131n t\u0259\u015fkil olunmas\u0131nda t\u0259l\u0259b\u0259 k\u00f6n\u00fcll\u00fcl\u0259rin z\u0259hm\u0259ti d\u0259 y\u00fcks\u0259k qiym\u0259tl\u0259ndirilm\u0259lidir&#8221;, &#8211; dey\u0259 o \u0259lav\u0259 edib.<\/p>\n<p>Komit\u0259 prezidenti yar\u0131\u015fa haz\u0131rl\u0131q m\u0259rh\u0259l\u0259sind\u0259 g\u00f6r\u00fcl\u0259n i\u015fl\u0259rd\u0259n d\u0259 s\u00f6z a\u00e7\u0131b. Onun s\u00f6zl\u0259rin\u0259 g\u00f6r\u0259, bu g\u00fcn\u0259 Bak\u0131 Qran-Prisin\u0259 h\u0259sr olunmu\u015f plakat m\u00fcsabiq\u0259si ke\u00e7irilib. \u018flil idman\u0131n\u0131n t\u0259\u015fviqin\u0259 h\u0259sr olunmu\u015f m\u00fcsabiq\u0259nin qalibl\u0259rin\u0259 pul m\u00fckafatlar\u0131 verilib.<\/p>\n<p>Bu yax\u0131nlarda c\u00fcdo yar\u0131\u015f\u0131na h\u0259sr olunmu\u015f &#8220;Paint Ball&#8221; yar\u0131\u015f\u0131 da ke\u00e7irilib. Yar\u0131\u015fda Paralimpiya Komit\u0259si, ASAN Radio, &#8220;Bir k\u00f6n\u00fcll\u00fc&#8221; proqram\u0131 v\u0259 Qaraba\u011f Qazil\u0259rind\u0259n ibar\u0259t komandalar yar\u0131\u015f\u0131blar. Qaraba\u011f qazil\u0259ri bu yar\u0131\u015fda qalib g\u0259libl\u0259r.<\/p>\n<p>&#8220;Bu yar\u0131\u015f \u00f6z m\u00f6ht\u0259\u015f\u0259mliyi v\u0259 f\u0259rqliliyi\u00a0 il\u0259 se\u00e7ilm\u0259kd\u0259dir.\u00a0 Olimpiya\u00e7\u0131lar\u0131n C\u00fcdo \u00fczr\u0259 B\u00f6y\u00fck D\u0259bilq\u0259 turniri v\u0259\u00a0 Para c\u00fcdonun Qran Pri yar\u0131\u015f\u0131 ard\u0131c\u0131l olaraq ke\u00e7iril\u0259c\u0259kdir. Bu \u00e7ox \u00f6n\u0259mli bir hadis\u0259dir v\u0259 inkluziv idmana veril\u0259n d\u0259st\u0259kdir. Bildiyimiz kimi, olimpiya\u00e7\u0131 v\u0259 paralimpiya\u00e7\u0131 idman\u00e7\u0131lar\u0131m\u0131z\u0131n yar\u0131\u015flarda paralel \u00e7\u0131x\u0131\u015f\u0131 ilk d\u0259f\u0259 Bak\u0131da\u00a0 ke\u00e7iril\u0259n\u00a0 &#8220;Bak\u0131 2015&#8221; I Avropa Oyunlar\u0131nda v\u0259 sonradan\u00a0 &#8220;Bak\u0131 2017&#8243; IV \u0130slam H\u0259mr\u0259yliyi Oyunlar\u0131nda ba\u015f tutmu\u015fdur.<\/p>\n<p>\u015e\u00fcbh\u0259siz ki, bu Oyunlar \u0259lil idman\u0131n\u0131n beyn\u0259lxalq v\u0259 milli s\u0259viyy\u0259d\u0259 t\u0259\u015fviqin\u0259 misilsiz t\u00f6vh\u0259 verib.\u00a0 Bel\u0259\u00a0 humanist q\u0259rarlar\u0131 q\u0259bul etdikl\u0259ri \u00fc\u00e7\u00fcn \u00f6lk\u0259 ba\u015f\u00e7\u0131s\u0131 c\u0259nab \u0130lham \u018fliyev\u0259 v\u0259 h\u0259r iki Oyunlar\u0131n t\u0259\u015fkilat Komit\u0259sinin s\u0259dri, \u00f6lk\u0259mizin Birinci vitse-prezidenti Mehriban xan\u0131m \u018fliyevaya \u00f6z t\u0259\u015f\u0259kk\u00fcr\u00fcm\u00fcz\u00fc bildiririk&#8221;, &#8211; dey\u0259 o \u0259lav\u0259 edib.<\/p>\n<p>\u0130lqar R\u0259himov yar\u0131\u015f\u0131n ke\u00e7irilm\u0259sind\u0259 g\u00f6st\u0259rdiyi d\u0259st\u0259y\u0259 g\u00f6r\u0259 Ben\u0259lxalq C\u00fcdo Federasiyas\u0131na, Beyn\u0259lxalq G\u00f6rm\u0259 M\u0259hdudiyy\u0259tli \u0130dman\u00e7\u0131lar Assosiasiyas\u0131na v\u0259 Az\u0259rbaycan C\u00fcdo Federasiyas\u0131na minn\u0259tdarl\u0131\u011f\u0131n\u0131 bildirib.<\/p>\n<p>Sonda \u0130.R\u0259himov qeyd edib ki, \u00f6lk\u0259mizd\u0259 K\u00f6n\u00fcll\u00fcl\u0259r institu \u0259sas\u0259n 2015-ci ild\u0259 I Avropa Oyunlar\u0131 \u0259r\u0259f\u0259sind\u0259 yarad\u0131l\u0131b v\u0259 haz\u0131rda geni\u015f v\u00fcs\u0259t al\u0131b. Bu g\u00fcn biz bunun bariz n\u00fcm\u00fcn\u0259sini g\u00f6r\u00fcr\u00fck.<\/p>\n<p>O, ke\u00e7iril\u0259c\u0259k t\u0259dbir\u0259 verdikl\u0259ri d\u0259st\u0259y\u0259 g\u00f6r\u0259 &#8220;Bir k\u00f6n\u00fcll\u00fc&#8221; proqram\u0131n\u0131n r\u0259hb\u0259rliyin\u0259 v\u0259 h\u0259r bir \u00fczv\u00fcn\u0259 \u00f6z t\u0259\u015f\u0259kk\u00fcr\u00fcn\u00fc bildir\u0259r\u0259k, onlara u\u011furlar arzulay\u0131b.<\/p>\n<p>Daha sonra MPK-n\u0131n ba\u015f katibi Kamal M\u0259mm\u0259dov \u00e7\u0131x\u0131\u015f edib. O, t\u0259l\u0259b\u0259 k\u00f6n\u00fcll\u00fcl\u0259r\u0259 yar\u0131\u015f bar\u0259d\u0259 daha \u0259trafl\u0131 m\u0259lumat verib. Onun s\u00f6zl\u0259rin\u0259 g\u00f6r\u0259, yar\u0131\u015flara d\u0259st\u0259k olacaq k\u00f6n\u00fcll\u00fcl\u0259r \u00fc\u00e7\u00fcn x\u00fcsusi k\u00f6yn\u0259kl\u0259r haz\u0131rlan\u0131b. O, k\u00f6n\u00fcll\u00fcl\u0259r \u00fc\u00e7\u00fcn akkreditasiyalar\u0131n da haz\u0131r oldu\u011funu qeyd edib v\u0259 bir ne\u00e7\u0259 g\u00fcn\u0259 t\u0259qdim olunaca\u011f\u0131n\u0131 bildirib.<\/p>\n<p>Daha sonra &#8220;Bir k\u00f6n\u00fcll\u00fc&#8221; proqram\u0131n\u0131n meneceri Cano\u011flan \u0130lyasov \u00e7\u0131x\u0131\u015f edib. O qeyd edib ki, T\u0259hsil Nazirliyinin &#8220;Bir k\u00f6n\u00fcll\u00fc&#8221; proqram\u0131 \u00f6lk\u0259mizd\u0259 ke\u00e7iril\u0259n m\u00f6t\u0259b\u0259r t\u0259dbirl\u0259r\u0259 daim oldu\u011funu vur\u011fulay\u0131b.milli.az<\/p>\n","protected":false},"excerpt":{"rendered":"<p>Az\u0259rbaycan Milli Paralimpiya Komit\u0259sinin prezidenti \u0130lqar R\u0259himov 13-14 may tarixl\u0259rind\u0259 &#8220;Ruhun z\u0259f\u0259ri&#8221; \u015f\u00fcar\u0131 alt\u0131nda Bak\u0131da ke\u00e7iril\u0259c\u0259k Para C\u00fcdo idman n\u00f6v\u00fc \u00fczr\u0259 beyn\u0259lxalq Qran-Pri yar\u0131\u015f\u0131na d\u0259st\u0259k ver\u0259c\u0259k\u00a0 &#8220;Bir K\u00f6n\u00fcll\u00fc&#8221; t\u0259\u015fkilat\u0131n\u0131n \u00fczvl\u0259ri il\u0259 g\u00f6r\u00fc\u015f\u00fcb. ARANTV.AZ x\u0259b\u0259r verir ki,\u00a0t\u0259dbird\u0259 \u0259lilliyi olan k\u00f6n\u00fcll\u00fcl\u0259r, Qaraba\u011f Qazil\u0259ri v\u0259 T\u0259hsil Nazirliyinin &#8220;Bir k\u00f6n\u00fcll\u00fc&#8221; proqram\u0131n\u0131n \u00fczvl\u0259ri i\u015ftirak edibl\u0259r. G\u00f6r\u00fc\u015f Az\u0259rbaycan Milli Olimpiya Komit\u0259sinin ofisind\u0259 ba\u015f tutub. T\u0259dbiri a\u00e7an \u0130lqar R\u0259himov Milli Paralimpiya Komit\u0259sinin tarixi haqda m\u0259lumat verib.\u00a0 O bildirib ki, 1996-c\u0131 ild\u0259 yarad\u0131lan t\u0259\u015fkilat bu ill\u0259r \u0259rzind\u0259 uzun yol q\u0259t edib. \u00d6lk\u0259mizd\u0259 paralimpiya h\u0259r\u0259kat\u0131 v\u0259 s\u00fcr\u0259tli inki\u015faf\u0131, u\u015faq&hellip;<\/p>\n","protected":false},"author":2,"featured_media":53370,"comment_status":"closed","ping_status":"closed","sticky":false,"template":"","format":"standard","meta":{"om_disable_all_campaigns":false,"_monsterinsights_skip_tracking":false,"_monsterinsights_sitenote_active":false,"_monsterinsights_sitenote_note":"","_monsterinsights_sitenote_category":0},"categories":[6],"tags":[],"aioseo_notices":[],"gutentor_comment":0,"rttpg_featured_image_url":{"full":["https:\/\/arantv.az\/wp-content\/uploads\/2019\/04\/750041.jpg",800,600,false],"landscape":["https:\/\/arantv.az\/wp-content\/uploads\/2019\/04\/750041.jpg",800,600,false],"portraits":["https:\/\/arantv.az\/wp-content\/uploads\/2019\/04\/750041.jpg",800,600,false],"thumbnail":["https:\/\/arantv.az\/wp-content\/uploads\/2019\/04\/750041-150x150.jpg",150,150,true],"medium":["https:\/\/arantv.az\/wp-content\/uploads\/2019\/04\/750041-300x225.jpg",300,225,true],"large":["https:\/\/arantv.az\/wp-content\/uploads\/2019\/04\/750041.jpg",640,480,false],"1536x1536":["https:\/\/arantv.az\/wp-content\/uploads\/2019\/04\/750041.jpg",800,600,false],"2048x2048":["https:\/\/arantv.az\/wp-content\/uploads\/2019\/04\/750041.jpg",800,600,false],"post-thumbnail":["https:\/\/arantv.az\/wp-content\/uploads\/2019\/04\/750041-240x172.jpg",240,172,true],"advps-thumb-one":["https:\/\/arantv.az\/wp-content\/uploads\/2019\/04\/750041.jpg",800,600,false]},"rttpg_author":{"display_name":"V\u00fcsal Rafiqo\u011flu","author_link":"https:\/\/arantv.az\/?author=2"},"rttpg_comment":0,"rttpg_category":"<a href=\"https:\/\/arantv.az\/?cat=6\" rel=\"category\">\u0130dman<\/a>","rttpg_excerpt":"Az\u0259rbaycan Milli Paralimpiya Komit\u0259sinin prezidenti \u0130lqar R\u0259himov 13-14 may tarixl\u0259rind\u0259 &#8220;Ruhun z\u0259f\u0259ri&#8221; \u015f\u00fcar\u0131 alt\u0131nda Bak\u0131da ke\u00e7iril\u0259c\u0259k Para C\u00fcdo idman n\u00f6v\u00fc \u00fczr\u0259 beyn\u0259lxalq Qran-Pri yar\u0131\u015f\u0131na d\u0259st\u0259k ver\u0259c\u0259k\u00a0 &#8220;Bir K\u00f6n\u00fcll\u00fc&#8221; t\u0259\u015fkilat\u0131n\u0131n \u00fczvl\u0259ri il\u0259 g\u00f6r\u00fc\u015f\u00fcb. ARANTV.AZ x\u0259b\u0259r verir ki,\u00a0t\u0259dbird\u0259 \u0259lilliyi olan k\u00f6n\u00fcll\u00fcl\u0259r, Qaraba\u011f Qazil\u0259ri v\u0259 T\u0259hsil Nazirliyinin &#8220;Bir k\u00f6n\u00fcll\u00fc&#8221; proqram\u0131n\u0131n \u00fczvl\u0259ri i\u015ftirak edibl\u0259r. G\u00f6r\u00fc\u015f Az\u0259rbaycan Milli Olimpiya Komit\u0259sinin&hellip;","_links":{"self":[{"href":"https:\/\/arantv.az\/index.php?rest_route=\/wp\/v2\/posts\/53369"}],"collection":[{"href":"https:\/\/arantv.az\/index.php?rest_route=\/wp\/v2\/posts"}],"about":[{"href":"https:\/\/arantv.az\/index.php?rest_route=\/wp\/v2\/types\/post"}],"author":[{"embeddable":true,"href":"https:\/\/arantv.az\/index.php?rest_route=\/wp\/v2\/users\/2"}],"replies":[{"embeddable":true,"href":"https:\/\/arantv.az\/index.php?rest_route=%2Fwp%2Fv2%2Fcomments&post=53369"}],"version-history":[{"count":0,"href":"https:\/\/arantv.az\/index.php?rest_route=\/wp\/v2\/posts\/53369\/revisions"}],"wp:featuredmedia":[{"embeddable":true,"href":"https:\/\/arantv.az\/index.php?rest_route=\/wp\/v2\/media\/53370"}],"wp:attachment":[{"href":"https:\/\/arantv.az\/index.php?rest_route=%2Fwp%2Fv2%2Fmedia&parent=53369"}],"wp:term":[{"taxonomy":"category","embeddable":true,"href":"https:\/\/arantv.az\/index.php?rest_route=%2Fwp%2Fv2%2Fcategories&post=53369"},{"taxonomy":"post_tag","embeddable":true,"href":"https:\/\/arantv.az\/index.php?rest_route=%2Fwp%2Fv2%2Ftags&post=53369"}],"curies":[{"name":"wp","href":"https:\/\/api.w.org\/{rel}","templated":true}]}}