{"id":53390,"date":"2019-04-27T08:27:29","date_gmt":"2019-04-27T05:27:29","guid":{"rendered":"http:\/\/arantv.az\/?p=53390"},"modified":"2019-04-27T08:27:29","modified_gmt":"2019-04-27T05:27:29","slug":"formula-1in-ikinci-gunu-basladi","status":"publish","type":"post","link":"https:\/\/arantv.az\/?p=53390","title":{"rendered":"\u201cFormula-1\u201din ikinci g\u00fcn\u00fc ba\u015flad\u0131"},"content":{"rendered":"<p>Bu g\u00fcn Bak\u0131da \u201cFormula-1\u201d Az\u0259rbaycan Qran Prisinin ikinci yar\u0131\u015f g\u00fcn\u00fc ba\u015flay\u0131r.<\/p>\n<p>Aprelin 27-d\u0259 Bak\u0131 \u015e\u0259h\u0259r Halqas\u0131nda \u201cFormula-2\u201d bolidl\u0259rinin parad\u0131, sonra is\u0259 birinci yar\u0131\u015f\u0131 ke\u00e7iril\u0259c\u0259k.<\/p>\n<p>Bundan ba\u015fqa, Bak\u0131 trekind\u0259 \u201cFormula-1\u201d bolidl\u0259rinin \u00fc\u00e7\u00fcnc\u00fc s\u0259rb\u0259st y\u00fcr\u00fc\u015f\u00fc v\u0259 s\u0131ralama turu ba\u015f tutacaq.<\/p>\n<p>\u00dcmumilikd\u0259 \u015f\u0259h\u0259r tras\u0131nda h\u0259r biri iki pilotla t\u0259msil olunan 10 komanda yar\u0131\u015facaq. Bak\u0131da yar\u0131\u015fa qat\u0131lan s\u00fcr\u0259tsev\u0259rl\u0259r aras\u0131nda Lyuis Hemilton, Fernando Alonso, Sebastyan Fettel, Valtteri Bottas, Kimi Raikkonen, Maks Ferstappen kimi tan\u0131nm\u0131\u015f pilotlar var.<\/p>\n<p>Az\u0259rbaycan paytaxt\u0131nda 4-c\u00fc d\u0259f\u0259 ke\u00e7iril\u0259n \u201cFormula-1\u201d yar\u0131\u015flar\u0131 aprelin 28-d\u0259k davam ed\u0259c\u0259k.<\/p>\n<p>Xat\u0131rladaq ki, \u201cFormula-1\u201d Bak\u0131da 2016-c\u0131 ild\u0259n ke\u00e7irilir. \u015e\u0259h\u0259r tras\u0131n\u0131n uzunlu\u011fu 6 kilometrd\u0259n bir q\u0259d\u0259r \u00e7oxdur. Trekin \u0259n geni\u015f sah\u0259si 13 metr, \u0259n dar hiss\u0259si is\u0259 \u0130\u00e7\u0259ri\u015f\u0259h\u0259r yax\u0131nl\u0131\u011f\u0131nda, yeddi v\u0259 s\u0259kkizinci d\u00f6ng\u0259l\u0259rdir \u2013 7,6 metr. Start v\u0259 fini\u015f x\u0259tti \u201cAzadl\u0131q\u201d meydan\u0131ndad\u0131r.<\/p>\n<p>2016-c\u0131 ild\u0259 \u201cWilliams\u201d komandas\u0131n\u0131n pilotu Valtteri Bottas t\u0259r\u0259find\u0259n Bak\u0131da \u201cFormula-1\u201d yar\u0131\u015flar\u0131n\u0131n s\u00fcr\u0259t rekordu qeyd\u0259 al\u0131n\u0131b \u2013 378 km\/saat.<\/p>\n","protected":false},"excerpt":{"rendered":"<p>Bu g\u00fcn Bak\u0131da \u201cFormula-1\u201d Az\u0259rbaycan Qran Prisinin ikinci yar\u0131\u015f g\u00fcn\u00fc ba\u015flay\u0131r. Aprelin 27-d\u0259 Bak\u0131 \u015e\u0259h\u0259r Halqas\u0131nda \u201cFormula-2\u201d bolidl\u0259rinin parad\u0131, sonra is\u0259 birinci yar\u0131\u015f\u0131 ke\u00e7iril\u0259c\u0259k. Bundan ba\u015fqa, Bak\u0131 trekind\u0259 \u201cFormula-1\u201d bolidl\u0259rinin \u00fc\u00e7\u00fcnc\u00fc s\u0259rb\u0259st y\u00fcr\u00fc\u015f\u00fc v\u0259 s\u0131ralama turu ba\u015f tutacaq. \u00dcmumilikd\u0259 \u015f\u0259h\u0259r tras\u0131nda h\u0259r biri iki pilotla t\u0259msil olunan 10 komanda yar\u0131\u015facaq. Bak\u0131da yar\u0131\u015fa qat\u0131lan s\u00fcr\u0259tsev\u0259rl\u0259r aras\u0131nda Lyuis Hemilton, Fernando Alonso, Sebastyan Fettel, Valtteri Bottas, Kimi Raikkonen, Maks Ferstappen kimi tan\u0131nm\u0131\u015f pilotlar var. Az\u0259rbaycan paytaxt\u0131nda 4-c\u00fc d\u0259f\u0259 ke\u00e7iril\u0259n \u201cFormula-1\u201d yar\u0131\u015flar\u0131 aprelin 28-d\u0259k davam ed\u0259c\u0259k. Xat\u0131rladaq ki, \u201cFormula-1\u201d Bak\u0131da 2016-c\u0131 ild\u0259n ke\u00e7irilir. \u015e\u0259h\u0259r&hellip;<\/p>\n","protected":false},"author":2,"featured_media":53391,"comment_status":"closed","ping_status":"closed","sticky":false,"template":"","format":"standard","meta":{"om_disable_all_campaigns":false,"_monsterinsights_skip_tracking":false,"_monsterinsights_sitenote_active":false,"_monsterinsights_sitenote_note":"","_monsterinsights_sitenote_category":0},"categories":[6],"tags":[],"aioseo_notices":[],"gutentor_comment":0,"rttpg_featured_image_url":{"full":["https:\/\/arantv.az\/wp-content\/uploads\/2019\/04\/image16x9.img_.1536.high_.jpg",620,349,false],"landscape":["https:\/\/arantv.az\/wp-content\/uploads\/2019\/04\/image16x9.img_.1536.high_.jpg",620,349,false],"portraits":["https:\/\/arantv.az\/wp-content\/uploads\/2019\/04\/image16x9.img_.1536.high_.jpg",620,349,false],"thumbnail":["https:\/\/arantv.az\/wp-content\/uploads\/2019\/04\/image16x9.img_.1536.high_-150x150.jpg",150,150,true],"medium":["https:\/\/arantv.az\/wp-content\/uploads\/2019\/04\/image16x9.img_.1536.high_-300x169.jpg",300,169,true],"large":["https:\/\/arantv.az\/wp-content\/uploads\/2019\/04\/image16x9.img_.1536.high_.jpg",620,349,false],"1536x1536":["https:\/\/arantv.az\/wp-content\/uploads\/2019\/04\/image16x9.img_.1536.high_.jpg",620,349,false],"2048x2048":["https:\/\/arantv.az\/wp-content\/uploads\/2019\/04\/image16x9.img_.1536.high_.jpg",620,349,false],"post-thumbnail":["https:\/\/arantv.az\/wp-content\/uploads\/2019\/04\/image16x9.img_.1536.high_-240x172.jpg",240,172,true],"advps-thumb-one":["https:\/\/arantv.az\/wp-content\/uploads\/2019\/04\/image16x9.img_.1536.high_.jpg",620,349,false]},"rttpg_author":{"display_name":"V\u00fcsal Rafiqo\u011flu","author_link":"https:\/\/arantv.az\/?author=2"},"rttpg_comment":0,"rttpg_category":"<a href=\"https:\/\/arantv.az\/?cat=6\" rel=\"category\">\u0130dman<\/a>","rttpg_excerpt":"Bu g\u00fcn Bak\u0131da \u201cFormula-1\u201d Az\u0259rbaycan Qran Prisinin ikinci yar\u0131\u015f g\u00fcn\u00fc ba\u015flay\u0131r. Aprelin 27-d\u0259 Bak\u0131 \u015e\u0259h\u0259r Halqas\u0131nda \u201cFormula-2\u201d bolidl\u0259rinin parad\u0131, sonra is\u0259 birinci yar\u0131\u015f\u0131 ke\u00e7iril\u0259c\u0259k. Bundan ba\u015fqa, Bak\u0131 trekind\u0259 \u201cFormula-1\u201d bolidl\u0259rinin \u00fc\u00e7\u00fcnc\u00fc s\u0259rb\u0259st y\u00fcr\u00fc\u015f\u00fc v\u0259 s\u0131ralama turu ba\u015f tutacaq. \u00dcmumilikd\u0259 \u015f\u0259h\u0259r tras\u0131nda h\u0259r biri iki pilotla t\u0259msil olunan 10 komanda yar\u0131\u015facaq. Bak\u0131da yar\u0131\u015fa qat\u0131lan s\u00fcr\u0259tsev\u0259rl\u0259r aras\u0131nda&hellip;","_links":{"self":[{"href":"https:\/\/arantv.az\/index.php?rest_route=\/wp\/v2\/posts\/53390"}],"collection":[{"href":"https:\/\/arantv.az\/index.php?rest_route=\/wp\/v2\/posts"}],"about":[{"href":"https:\/\/arantv.az\/index.php?rest_route=\/wp\/v2\/types\/post"}],"author":[{"embeddable":true,"href":"https:\/\/arantv.az\/index.php?rest_route=\/wp\/v2\/users\/2"}],"replies":[{"embeddable":true,"href":"https:\/\/arantv.az\/index.php?rest_route=%2Fwp%2Fv2%2Fcomments&post=53390"}],"version-history":[{"count":0,"href":"https:\/\/arantv.az\/index.php?rest_route=\/wp\/v2\/posts\/53390\/revisions"}],"wp:featuredmedia":[{"embeddable":true,"href":"https:\/\/arantv.az\/index.php?rest_route=\/wp\/v2\/media\/53391"}],"wp:attachment":[{"href":"https:\/\/arantv.az\/index.php?rest_route=%2Fwp%2Fv2%2Fmedia&parent=53390"}],"wp:term":[{"taxonomy":"category","embeddable":true,"href":"https:\/\/arantv.az\/index.php?rest_route=%2Fwp%2Fv2%2Fcategories&post=53390"},{"taxonomy":"post_tag","embeddable":true,"href":"https:\/\/arantv.az\/index.php?rest_route=%2Fwp%2Fv2%2Ftags&post=53390"}],"curies":[{"name":"wp","href":"https:\/\/api.w.org\/{rel}","templated":true}]}}