{"id":53393,"date":"2019-04-27T08:28:53","date_gmt":"2019-04-27T05:28:53","guid":{"rendered":"http:\/\/arantv.az\/?p=53393"},"modified":"2019-04-27T08:28:53","modified_gmt":"2019-04-27T05:28:53","slug":"kiml%c9%99r-oruc-tutmalidir-ramazana-az-qaldi","status":"publish","type":"post","link":"https:\/\/arantv.az\/?p=53393","title":{"rendered":"Kiml\u0259r ORUC tutmal\u0131d\u0131r? &#8211; Ramazana az qald\u0131"},"content":{"rendered":"<p>Az\u0259rbaycanda bu il Ramazan ay\u0131 may ay\u0131n\u0131n 6-da ba\u015flay\u0131r. \u0130slamda Ramazan ay\u0131 dig\u0259r aylardan \u00fcst\u00fcn hesab olunur. Qurani-K\u0259rim d\u0259 m\u0259hz bu ayda &#8211; Q\u0259dr gec\u0259sind\u0259 nazil olub.<\/p>\n<p>Oruc tutmaq orqanizmin sa\u011flaml\u0131\u011f\u0131 dem\u0259kdir. Dini ekspert Hac\u0131 Fuad P\u0259nahl\u0131 metbuat.az-a a\u00e7\u0131qlamas\u0131nda deyib ki, \u0259qli q\u00fcsuru olmayan, a\u011fl\u0131 ba\u015f\u0131nda olan, s\u0259f\u0259rd\u0259 olmayan, h\u0259ddi-bulu\u011fa \u00e7atm\u0131\u015f h\u0259r bir m\u00fcs\u0259lmana Ramazan ay\u0131nda oruc tutmaq vacibdir. S\u0259f\u0259rd\u0259 olanlar, oruc tutmaqla x\u0259st\u0259likl\u0259ri \u015fidd\u0259tl\u0259ndir\u0259n insanlar tutmaya bil\u0259r.<\/p>\n<p>Ekspert bildirib ki, dig\u0259r aylarda oldu\u011fu kimi Ramazan ay\u0131nda b\u00fct\u00fcn ilahi t\u0259klifl\u0259r\u0259 ciddi riayy\u0259t etm\u0259k vacibdir. Orucu batil ed\u0259n \u015f\u0259ri v\u0259 \u0259xlaqi i\u015fl\u0259rd\u0259n \u00e7\u0259kinm\u0259k laz\u0131md\u0131r.<\/p>\n<p>Bir s\u00f6zl\u0259 Pey\u011f\u0259mb\u0259r v\u0259 imamlar\u0131m\u0131z\u0131n buyurdu\u011fu kimi orucluqda t\u0259kc\u0259 m\u0259d\u0259 yox b\u00fct\u00fcn b\u0259d\u0259n orqanlar\u0131, g\u00f6z, qulaq, dil, q\u0259lb h\u0259r bir c\u0259h\u0259td\u0259n haramlardan \u00e7\u0259kinm\u0259li, Allaha daha yax\u0131n olma\u011fa \u00e7al\u0131\u015fmal\u0131y\u0131q.<\/p>\n","protected":false},"excerpt":{"rendered":"<p>Az\u0259rbaycanda bu il Ramazan ay\u0131 may ay\u0131n\u0131n 6-da ba\u015flay\u0131r. \u0130slamda Ramazan ay\u0131 dig\u0259r aylardan \u00fcst\u00fcn hesab olunur. Qurani-K\u0259rim d\u0259 m\u0259hz bu ayda &#8211; Q\u0259dr gec\u0259sind\u0259 nazil olub. Oruc tutmaq orqanizmin sa\u011flaml\u0131\u011f\u0131 dem\u0259kdir. Dini ekspert Hac\u0131 Fuad P\u0259nahl\u0131 metbuat.az-a a\u00e7\u0131qlamas\u0131nda deyib ki, \u0259qli q\u00fcsuru olmayan, a\u011fl\u0131 ba\u015f\u0131nda olan, s\u0259f\u0259rd\u0259 olmayan, h\u0259ddi-bulu\u011fa \u00e7atm\u0131\u015f h\u0259r bir m\u00fcs\u0259lmana Ramazan ay\u0131nda oruc tutmaq vacibdir. S\u0259f\u0259rd\u0259 olanlar, oruc tutmaqla x\u0259st\u0259likl\u0259ri \u015fidd\u0259tl\u0259ndir\u0259n insanlar tutmaya bil\u0259r. Ekspert bildirib ki, dig\u0259r aylarda oldu\u011fu kimi Ramazan ay\u0131nda b\u00fct\u00fcn ilahi t\u0259klifl\u0259r\u0259 ciddi riayy\u0259t etm\u0259k vacibdir. Orucu batil ed\u0259n \u015f\u0259ri v\u0259 \u0259xlaqi&hellip;<\/p>\n","protected":false},"author":2,"featured_media":53394,"comment_status":"closed","ping_status":"closed","sticky":false,"template":"","format":"standard","meta":{"om_disable_all_campaigns":false,"_monsterinsights_skip_tracking":false,"_monsterinsights_sitenote_active":false,"_monsterinsights_sitenote_note":"","_monsterinsights_sitenote_category":0},"categories":[1],"tags":[],"aioseo_notices":[],"gutentor_comment":0,"rttpg_featured_image_url":{"full":["https:\/\/arantv.az\/wp-content\/uploads\/2019\/04\/1175234.jpg",648,371,false],"landscape":["https:\/\/arantv.az\/wp-content\/uploads\/2019\/04\/1175234.jpg",648,371,false],"portraits":["https:\/\/arantv.az\/wp-content\/uploads\/2019\/04\/1175234.jpg",648,371,false],"thumbnail":["https:\/\/arantv.az\/wp-content\/uploads\/2019\/04\/1175234-150x150.jpg",150,150,true],"medium":["https:\/\/arantv.az\/wp-content\/uploads\/2019\/04\/1175234-300x172.jpg",300,172,true],"large":["https:\/\/arantv.az\/wp-content\/uploads\/2019\/04\/1175234.jpg",640,366,false],"1536x1536":["https:\/\/arantv.az\/wp-content\/uploads\/2019\/04\/1175234.jpg",648,371,false],"2048x2048":["https:\/\/arantv.az\/wp-content\/uploads\/2019\/04\/1175234.jpg",648,371,false],"post-thumbnail":["https:\/\/arantv.az\/wp-content\/uploads\/2019\/04\/1175234-240x172.jpg",240,172,true],"advps-thumb-one":["https:\/\/arantv.az\/wp-content\/uploads\/2019\/04\/1175234.jpg",648,371,false]},"rttpg_author":{"display_name":"V\u00fcsal Rafiqo\u011flu","author_link":"https:\/\/arantv.az\/?author=2"},"rttpg_comment":0,"rttpg_category":"<a href=\"https:\/\/arantv.az\/?cat=1\" rel=\"category\">C\u0259miyy\u0259t<\/a>","rttpg_excerpt":"Az\u0259rbaycanda bu il Ramazan ay\u0131 may ay\u0131n\u0131n 6-da ba\u015flay\u0131r. \u0130slamda Ramazan ay\u0131 dig\u0259r aylardan \u00fcst\u00fcn hesab olunur. Qurani-K\u0259rim d\u0259 m\u0259hz bu ayda &#8211; Q\u0259dr gec\u0259sind\u0259 nazil olub. Oruc tutmaq orqanizmin sa\u011flaml\u0131\u011f\u0131 dem\u0259kdir. Dini ekspert Hac\u0131 Fuad P\u0259nahl\u0131 metbuat.az-a a\u00e7\u0131qlamas\u0131nda deyib ki, \u0259qli q\u00fcsuru olmayan, a\u011fl\u0131 ba\u015f\u0131nda olan, s\u0259f\u0259rd\u0259 olmayan, h\u0259ddi-bulu\u011fa \u00e7atm\u0131\u015f h\u0259r bir m\u00fcs\u0259lmana Ramazan&hellip;","_links":{"self":[{"href":"https:\/\/arantv.az\/index.php?rest_route=\/wp\/v2\/posts\/53393"}],"collection":[{"href":"https:\/\/arantv.az\/index.php?rest_route=\/wp\/v2\/posts"}],"about":[{"href":"https:\/\/arantv.az\/index.php?rest_route=\/wp\/v2\/types\/post"}],"author":[{"embeddable":true,"href":"https:\/\/arantv.az\/index.php?rest_route=\/wp\/v2\/users\/2"}],"replies":[{"embeddable":true,"href":"https:\/\/arantv.az\/index.php?rest_route=%2Fwp%2Fv2%2Fcomments&post=53393"}],"version-history":[{"count":0,"href":"https:\/\/arantv.az\/index.php?rest_route=\/wp\/v2\/posts\/53393\/revisions"}],"wp:featuredmedia":[{"embeddable":true,"href":"https:\/\/arantv.az\/index.php?rest_route=\/wp\/v2\/media\/53394"}],"wp:attachment":[{"href":"https:\/\/arantv.az\/index.php?rest_route=%2Fwp%2Fv2%2Fmedia&parent=53393"}],"wp:term":[{"taxonomy":"category","embeddable":true,"href":"https:\/\/arantv.az\/index.php?rest_route=%2Fwp%2Fv2%2Fcategories&post=53393"},{"taxonomy":"post_tag","embeddable":true,"href":"https:\/\/arantv.az\/index.php?rest_route=%2Fwp%2Fv2%2Ftags&post=53393"}],"curies":[{"name":"wp","href":"https:\/\/api.w.org\/{rel}","templated":true}]}}