{"id":53483,"date":"2019-04-27T11:22:53","date_gmt":"2019-04-27T08:22:53","guid":{"rendered":"http:\/\/arantv.az\/?p=53483"},"modified":"2019-04-27T11:22:53","modified_gmt":"2019-04-27T08:22:53","slug":"s%c9%99rnisin-avtobusu-q%c9%99zaya-ugradi-x%c9%99sar%c9%99t-alanlar-var","status":"publish","type":"post","link":"https:\/\/arantv.az\/?p=53483","title":{"rendered":"S\u0259rni\u015fin avtobusu q\u0259zaya u\u011frad\u0131 &#8211; X\u018fSAR\u018fT ALANLAR VAR"},"content":{"rendered":"<p>Ab\u015feron rayonunda x\u0259sar\u0259tl\u0259 n\u0259tic\u0259l\u0259n\u0259n yol-n\u0259qliyyat hadis\u0259si ba\u015f verib.<\/p>\n<p><b>ARANTV.AZ\u00a0<\/b>\u00a0ona-ya istinad\u0259n x\u0259b\u0259r verir ki, Bak\u0131-Sumqay\u0131t yolunda Saray postunun yax\u0131nl\u0131\u011f\u0131nda &#8220;Hyundai Terracan&#8221; markal\u0131 avtomobil qar\u015f\u0131s\u0131nda h\u0259r\u0259k\u0259td\u0259 olan 523 n\u00f6mr\u0259li mar\u015frut avtobusuna \u00e7\u0131rp\u0131l\u0131b.<\/p>\n<p>\u0130dar\u0259etm\u0259ni itir\u0259n avtobus yol \u00e7iynind\u0259ki a\u011faclara d\u0259y\u0259r\u0259k dayan\u0131b. Hadis\u0259 n\u0259tic\u0259sind\u0259 ciddi x\u0259sar\u0259t alanlar\u0131n oldu\u011fu bildirilir.<br \/>\n<img class=\"imgbcode\" src=\"https:\/\/sonxeber.az\/uploads\/1556350609_695cc403904fbef.jpg\" alt=\"S\u0259rni\u015fin avtobusu q\u0259zaya u\u011frad\u0131 - X\u018fSAR\u018fT ALANLAR VAR\" \/><img class=\"imgbcode\" src=\"https:\/\/sonxeber.az\/uploads\/1556350609_605cc4038ea92c5.jpg\" alt=\"S\u0259rni\u015fin avtobusu q\u0259zaya u\u011frad\u0131 - X\u018fSAR\u018fT ALANLAR VAR\" \/><img class=\"imgbcode\" src=\"https:\/\/sonxeber.az\/uploads\/1556350609_425cc4038f4f824.jpg\" alt=\"S\u0259rni\u015fin avtobusu q\u0259zaya u\u011frad\u0131 - X\u018fSAR\u018fT ALANLAR VAR\" \/><\/p>\n","protected":false},"excerpt":{"rendered":"<p>Ab\u015feron rayonunda x\u0259sar\u0259tl\u0259 n\u0259tic\u0259l\u0259n\u0259n yol-n\u0259qliyyat hadis\u0259si ba\u015f verib. ARANTV.AZ\u00a0\u00a0ona-ya istinad\u0259n x\u0259b\u0259r verir ki, Bak\u0131-Sumqay\u0131t yolunda Saray postunun yax\u0131nl\u0131\u011f\u0131nda &#8220;Hyundai Terracan&#8221; markal\u0131 avtomobil qar\u015f\u0131s\u0131nda h\u0259r\u0259k\u0259td\u0259 olan 523 n\u00f6mr\u0259li mar\u015frut avtobusuna \u00e7\u0131rp\u0131l\u0131b. \u0130dar\u0259etm\u0259ni itir\u0259n avtobus yol \u00e7iynind\u0259ki a\u011faclara d\u0259y\u0259r\u0259k dayan\u0131b. Hadis\u0259 n\u0259tic\u0259sind\u0259 ciddi x\u0259sar\u0259t alanlar\u0131n oldu\u011fu bildirilir.<\/p>\n","protected":false},"author":2,"featured_media":53484,"comment_status":"closed","ping_status":"closed","sticky":false,"template":"","format":"standard","meta":{"om_disable_all_campaigns":false,"_monsterinsights_skip_tracking":false,"_monsterinsights_sitenote_active":false,"_monsterinsights_sitenote_note":"","_monsterinsights_sitenote_category":0},"categories":[5],"tags":[],"aioseo_notices":[],"gutentor_comment":0,"rttpg_featured_image_url":{"full":["https:\/\/arantv.az\/wp-content\/uploads\/2019\/04\/1556350609_755cc4038fe40e1.jpg",549,309,false],"landscape":["https:\/\/arantv.az\/wp-content\/uploads\/2019\/04\/1556350609_755cc4038fe40e1.jpg",549,309,false],"portraits":["https:\/\/arantv.az\/wp-content\/uploads\/2019\/04\/1556350609_755cc4038fe40e1.jpg",549,309,false],"thumbnail":["https:\/\/arantv.az\/wp-content\/uploads\/2019\/04\/1556350609_755cc4038fe40e1-150x150.jpg",150,150,true],"medium":["https:\/\/arantv.az\/wp-content\/uploads\/2019\/04\/1556350609_755cc4038fe40e1-300x169.jpg",300,169,true],"large":["https:\/\/arantv.az\/wp-content\/uploads\/2019\/04\/1556350609_755cc4038fe40e1.jpg",549,309,false],"1536x1536":["https:\/\/arantv.az\/wp-content\/uploads\/2019\/04\/1556350609_755cc4038fe40e1.jpg",549,309,false],"2048x2048":["https:\/\/arantv.az\/wp-content\/uploads\/2019\/04\/1556350609_755cc4038fe40e1.jpg",549,309,false],"post-thumbnail":["https:\/\/arantv.az\/wp-content\/uploads\/2019\/04\/1556350609_755cc4038fe40e1-240x172.jpg",240,172,true],"advps-thumb-one":["https:\/\/arantv.az\/wp-content\/uploads\/2019\/04\/1556350609_755cc4038fe40e1.jpg",549,309,false]},"rttpg_author":{"display_name":"V\u00fcsal Rafiqo\u011flu","author_link":"https:\/\/arantv.az\/?author=2"},"rttpg_comment":0,"rttpg_category":"<a href=\"https:\/\/arantv.az\/?cat=5\" rel=\"category\">Hadis\u0259<\/a>","rttpg_excerpt":"Ab\u015feron rayonunda x\u0259sar\u0259tl\u0259 n\u0259tic\u0259l\u0259n\u0259n yol-n\u0259qliyyat hadis\u0259si ba\u015f verib. ARANTV.AZ\u00a0\u00a0ona-ya istinad\u0259n x\u0259b\u0259r verir ki, Bak\u0131-Sumqay\u0131t yolunda Saray postunun yax\u0131nl\u0131\u011f\u0131nda &#8220;Hyundai Terracan&#8221; markal\u0131 avtomobil qar\u015f\u0131s\u0131nda h\u0259r\u0259k\u0259td\u0259 olan 523 n\u00f6mr\u0259li mar\u015frut avtobusuna \u00e7\u0131rp\u0131l\u0131b. \u0130dar\u0259etm\u0259ni itir\u0259n avtobus yol \u00e7iynind\u0259ki a\u011faclara d\u0259y\u0259r\u0259k dayan\u0131b. Hadis\u0259 n\u0259tic\u0259sind\u0259 ciddi x\u0259sar\u0259t alanlar\u0131n oldu\u011fu bildirilir.","_links":{"self":[{"href":"https:\/\/arantv.az\/index.php?rest_route=\/wp\/v2\/posts\/53483"}],"collection":[{"href":"https:\/\/arantv.az\/index.php?rest_route=\/wp\/v2\/posts"}],"about":[{"href":"https:\/\/arantv.az\/index.php?rest_route=\/wp\/v2\/types\/post"}],"author":[{"embeddable":true,"href":"https:\/\/arantv.az\/index.php?rest_route=\/wp\/v2\/users\/2"}],"replies":[{"embeddable":true,"href":"https:\/\/arantv.az\/index.php?rest_route=%2Fwp%2Fv2%2Fcomments&post=53483"}],"version-history":[{"count":0,"href":"https:\/\/arantv.az\/index.php?rest_route=\/wp\/v2\/posts\/53483\/revisions"}],"wp:featuredmedia":[{"embeddable":true,"href":"https:\/\/arantv.az\/index.php?rest_route=\/wp\/v2\/media\/53484"}],"wp:attachment":[{"href":"https:\/\/arantv.az\/index.php?rest_route=%2Fwp%2Fv2%2Fmedia&parent=53483"}],"wp:term":[{"taxonomy":"category","embeddable":true,"href":"https:\/\/arantv.az\/index.php?rest_route=%2Fwp%2Fv2%2Fcategories&post=53483"},{"taxonomy":"post_tag","embeddable":true,"href":"https:\/\/arantv.az\/index.php?rest_route=%2Fwp%2Fv2%2Ftags&post=53483"}],"curies":[{"name":"wp","href":"https:\/\/api.w.org\/{rel}","templated":true}]}}