{"id":53513,"date":"2019-04-27T13:50:27","date_gmt":"2019-04-27T10:50:27","guid":{"rendered":"http:\/\/arantv.az\/?p=53513"},"modified":"2019-04-27T13:50:27","modified_gmt":"2019-04-27T10:50:27","slug":"prezident-ilham-%c9%99liyev-biz-enerji-resurslarimizdan-xalqimizin-m%c9%99nafeyi-namin%c9%99-istifad%c9%99-etmisik-edirik-v%c9%99-davamli-inkisafa-nail-olmusuq","status":"publish","type":"post","link":"https:\/\/arantv.az\/?p=53513","title":{"rendered":"Prezident \u0130lham \u018fliyev: &#8220;Biz enerji resurslar\u0131m\u0131zdan xalq\u0131m\u0131z\u0131n m\u0259nafeyi namin\u0259 istifad\u0259 etmi\u015fik, edirik v\u0259 davaml\u0131 inki\u015fafa nail olmu\u015fuq&#8221;"},"content":{"rendered":"<p><strong>Biz enerji resurslar\u0131m\u0131zdan xalq\u0131m\u0131z\u0131n m\u0259nafeyi namin\u0259 istifad\u0259 etmi\u015fik, edirik v\u0259 davaml\u0131 inki\u015fafa nail olmu\u015fuq.<\/strong><\/p>\n<p><strong>ARANTV.AZ<\/strong> az\u0259rtac-a istinad\u0259n bildirir ki,\u00a0bunu Az\u0259rbaycan Prezidenti \u0130lham \u018fliyev aprelin 27-d\u0259 Pekind\u0259 ikinci &#8220;Bir k\u0259m\u0259r, bir yol&#8221; Beyn\u0259lxalq \u018fm\u0259kda\u015fl\u0131q Forumunun &#8220;BMT-nin 2030-cu il G\u00fcnd\u0259liyini h\u0259yata ke\u00e7irm\u0259k \u00fc\u00e7\u00fcn ya\u015f\u0131l v\u0259 dayan\u0131ql\u0131 inki\u015faf\u0131n t\u0259\u015fviqi&#8221; m\u00f6vzusuna h\u0259sr olunan \u00fc\u00e7\u00fcnc\u00fc sessiyas\u0131nda \u00e7\u0131x\u0131\u015f\u0131 zaman\u0131 deyib.<\/p>\n<p>Prezident vur\u011fulay\u0131b ki, Az\u0259rbaycan v\u0259 \u00c7in t\u0259r\u0259fda\u015f \u00f6lk\u0259l\u0259rdir. D\u00f6vl\u0259timizin ba\u015f\u00e7\u0131s\u0131 2015-ci ild\u0259 \u00c7in\u0259 d\u00f6vl\u0259t s\u0259f\u0259ri zaman\u0131 &#8220;\u0130p\u0259k Yolu \u0130qtisadi K\u0259m\u0259ri&#8221;nin yarad\u0131lmas\u0131n\u0131n birg\u0259 t\u0259\u015fviqin\u0259 dair Anla\u015fma Memorandumunun imzaland\u0131\u011f\u0131n\u0131 qeyd edib.<\/p>\n<p>\u0130lham \u018fliyev bildirib ki, Az\u0259rbaycan infrastrukturun inki\u015faf\u0131na m\u00fch\u00fcm \u0259h\u0259miyy\u0259t verir: &#8220;Az\u0259rbaycanda m\u00f6hk\u0259m infrastruktur bazas\u0131 yarad\u0131l\u0131b ki, bu da bizim v\u0259 t\u0259r\u0259fda\u015flar\u0131m\u0131z\u0131n maraqlar\u0131na xidm\u0259t edir. Az\u0259rbaycan, h\u0259m\u00e7inin enerji ixrac ed\u0259n \u00f6lk\u0259dir. Enerji ixrac\u0131 bizim inki\u015faf\u0131m\u0131z \u00fc\u00e7\u00fcn \u0259sasl\u0131 baza v\u0259 t\u0259m\u0259l yaratm\u0131\u015fd\u0131r. Biz enerji resurslar\u0131m\u0131zdan xalq\u0131m\u0131z\u0131n m\u0259nafeyi namin\u0259 istifad\u0259 etmi\u015fik, edirik v\u0259 davaml\u0131 inki\u015fafa nail olmu\u015fuq. Haz\u0131rda iqtisadiyyat\u0131n \u015fax\u0259l\u0259ndirilm\u0259si \u0259sas v\u0259zif\u0259l\u0259rd\u0259n biridir&#8221;.<\/p>\n<p>D\u00f6vl\u0259t ba\u015f\u00e7\u0131s\u0131 qeyd edib ki, n\u0259qliyyat infrastrukturu sah\u0259sind\u0259 \u018fl\u0259t D\u0259niz Ticar\u0259t Liman\u0131 v\u0259 yeni istifad\u0259y\u0259 veril\u0259n Bak\u0131-Tbilisi-Qars d\u0259mir yolu x\u0259tti qeyd edilm\u0259lidir:<\/p>\n<p>&#8220;Az\u0259rbaycanda 15 min kilometrd\u0259n \u00e7ox yol \u00e7\u0259kilib, d\u0259mir yolu x\u0259tl\u0259ri modernl\u0259\u015fdirilib. Biz x\u00fcsusil\u0259 \u015e\u0259rq-Q\u0259rb n\u0259qliyyat d\u0259hlizind\u0259 \u00e7ox f\u0259al i\u015ftirak edirik. H\u0259m\u00e7inin \u015eimal-C\u0259nub n\u0259qliyyat d\u0259hlizinin inki\u015faf\u0131 prosesind\u0259 i\u015ftirak edirik. Az\u0259rbaycanda hava n\u0259qliyyat\u0131 infrastrukturu yarad\u0131l\u0131b. Bel\u0259 ki, alt\u0131 beyn\u0259lxalq aeroport tikilib. Az\u0259rbaycan X\u0259z\u0259r d\u0259nizind\u0259 260 g\u0259mi il\u0259 \u0259n b\u00f6y\u00fck ticar\u0259t donanmas\u0131na malik \u00f6lk\u0259dir. Az\u0259rbaycan\u0131n n\u0259qliyyat sah\u0259sind\u0259 potensial\u0131 daha da art\u0131r v\u0259 bu, beyn\u0259lxalq \u0259m\u0259kda\u015fl\u0131q \u00fc\u00e7\u00fcn yax\u015f\u0131 imkanlar yarad\u0131r. Az\u0259rbaycanda iqtisadi inki\u015faf n\u0259tic\u0259sind\u0259 i\u015fsizlik v\u0259 yoxsulluq 5 faiz h\u0259ddin\u0259 sal\u0131n\u0131b. N\u0259qliyyat v\u0259 enerji t\u0259hl\u00fck\u0259sizliyi milli t\u0259hl\u00fck\u0259sizliyin vacib elementidir&#8221;.<\/p>\n<p>Az\u0259rbaycan Prezidenti deyib ki, &#8220;Bir, k\u0259m\u0259r, bir yol&#8221; t\u0259kc\u0259 n\u0259qliyyat layih\u0259si deyil, bu, s\u00fclh\u0259, t\u0259hl\u00fck\u0259sizliy\u0259 v\u0259 \u0259m\u0259kda\u015fl\u0131\u011fa xidm\u0259t ed\u0259n layih\u0259dir.<\/p>\n","protected":false},"excerpt":{"rendered":"<p>Biz enerji resurslar\u0131m\u0131zdan xalq\u0131m\u0131z\u0131n m\u0259nafeyi namin\u0259 istifad\u0259 etmi\u015fik, edirik v\u0259 davaml\u0131 inki\u015fafa nail olmu\u015fuq. ARANTV.AZ az\u0259rtac-a istinad\u0259n bildirir ki,\u00a0bunu Az\u0259rbaycan Prezidenti \u0130lham \u018fliyev aprelin 27-d\u0259 Pekind\u0259 ikinci &#8220;Bir k\u0259m\u0259r, bir yol&#8221; Beyn\u0259lxalq \u018fm\u0259kda\u015fl\u0131q Forumunun &#8220;BMT-nin 2030-cu il G\u00fcnd\u0259liyini h\u0259yata ke\u00e7irm\u0259k \u00fc\u00e7\u00fcn ya\u015f\u0131l v\u0259 dayan\u0131ql\u0131 inki\u015faf\u0131n t\u0259\u015fviqi&#8221; m\u00f6vzusuna h\u0259sr olunan \u00fc\u00e7\u00fcnc\u00fc sessiyas\u0131nda \u00e7\u0131x\u0131\u015f\u0131 zaman\u0131 deyib. Prezident vur\u011fulay\u0131b ki, Az\u0259rbaycan v\u0259 \u00c7in t\u0259r\u0259fda\u015f \u00f6lk\u0259l\u0259rdir. D\u00f6vl\u0259timizin ba\u015f\u00e7\u0131s\u0131 2015-ci ild\u0259 \u00c7in\u0259 d\u00f6vl\u0259t s\u0259f\u0259ri zaman\u0131 &#8220;\u0130p\u0259k Yolu \u0130qtisadi K\u0259m\u0259ri&#8221;nin yarad\u0131lmas\u0131n\u0131n birg\u0259 t\u0259\u015fviqin\u0259 dair Anla\u015fma Memorandumunun imzaland\u0131\u011f\u0131n\u0131 qeyd edib. \u0130lham \u018fliyev bildirib ki, Az\u0259rbaycan infrastrukturun inki\u015faf\u0131na&hellip;<\/p>\n","protected":false},"author":2,"featured_media":53514,"comment_status":"closed","ping_status":"closed","sticky":false,"template":"","format":"standard","meta":{"om_disable_all_campaigns":false,"_monsterinsights_skip_tracking":false,"_monsterinsights_sitenote_active":false,"_monsterinsights_sitenote_note":"","_monsterinsights_sitenote_category":0},"categories":[4],"tags":[],"aioseo_notices":[],"gutentor_comment":0,"rttpg_featured_image_url":{"full":["https:\/\/arantv.az\/wp-content\/uploads\/2019\/04\/750270.jpg",999,669,false],"landscape":["https:\/\/arantv.az\/wp-content\/uploads\/2019\/04\/750270.jpg",999,669,false],"portraits":["https:\/\/arantv.az\/wp-content\/uploads\/2019\/04\/750270.jpg",999,669,false],"thumbnail":["https:\/\/arantv.az\/wp-content\/uploads\/2019\/04\/750270-150x150.jpg",150,150,true],"medium":["https:\/\/arantv.az\/wp-content\/uploads\/2019\/04\/750270-300x201.jpg",300,201,true],"large":["https:\/\/arantv.az\/wp-content\/uploads\/2019\/04\/750270.jpg",640,429,false],"1536x1536":["https:\/\/arantv.az\/wp-content\/uploads\/2019\/04\/750270.jpg",999,669,false],"2048x2048":["https:\/\/arantv.az\/wp-content\/uploads\/2019\/04\/750270.jpg",999,669,false],"post-thumbnail":["https:\/\/arantv.az\/wp-content\/uploads\/2019\/04\/750270-240x172.jpg",240,172,true],"advps-thumb-one":["https:\/\/arantv.az\/wp-content\/uploads\/2019\/04\/750270-999x620.jpg",999,620,true]},"rttpg_author":{"display_name":"V\u00fcsal Rafiqo\u011flu","author_link":"https:\/\/arantv.az\/?author=2"},"rttpg_comment":0,"rttpg_category":"<a href=\"https:\/\/arantv.az\/?cat=4\" rel=\"category\">Siyas\u0259t<\/a>","rttpg_excerpt":"Biz enerji resurslar\u0131m\u0131zdan xalq\u0131m\u0131z\u0131n m\u0259nafeyi namin\u0259 istifad\u0259 etmi\u015fik, edirik v\u0259 davaml\u0131 inki\u015fafa nail olmu\u015fuq. ARANTV.AZ az\u0259rtac-a istinad\u0259n bildirir ki,\u00a0bunu Az\u0259rbaycan Prezidenti \u0130lham \u018fliyev aprelin 27-d\u0259 Pekind\u0259 ikinci &#8220;Bir k\u0259m\u0259r, bir yol&#8221; Beyn\u0259lxalq \u018fm\u0259kda\u015fl\u0131q Forumunun &#8220;BMT-nin 2030-cu il G\u00fcnd\u0259liyini h\u0259yata ke\u00e7irm\u0259k \u00fc\u00e7\u00fcn ya\u015f\u0131l v\u0259 dayan\u0131ql\u0131 inki\u015faf\u0131n t\u0259\u015fviqi&#8221; m\u00f6vzusuna h\u0259sr olunan \u00fc\u00e7\u00fcnc\u00fc sessiyas\u0131nda \u00e7\u0131x\u0131\u015f\u0131 zaman\u0131 deyib. Prezident&hellip;","_links":{"self":[{"href":"https:\/\/arantv.az\/index.php?rest_route=\/wp\/v2\/posts\/53513"}],"collection":[{"href":"https:\/\/arantv.az\/index.php?rest_route=\/wp\/v2\/posts"}],"about":[{"href":"https:\/\/arantv.az\/index.php?rest_route=\/wp\/v2\/types\/post"}],"author":[{"embeddable":true,"href":"https:\/\/arantv.az\/index.php?rest_route=\/wp\/v2\/users\/2"}],"replies":[{"embeddable":true,"href":"https:\/\/arantv.az\/index.php?rest_route=%2Fwp%2Fv2%2Fcomments&post=53513"}],"version-history":[{"count":0,"href":"https:\/\/arantv.az\/index.php?rest_route=\/wp\/v2\/posts\/53513\/revisions"}],"wp:featuredmedia":[{"embeddable":true,"href":"https:\/\/arantv.az\/index.php?rest_route=\/wp\/v2\/media\/53514"}],"wp:attachment":[{"href":"https:\/\/arantv.az\/index.php?rest_route=%2Fwp%2Fv2%2Fmedia&parent=53513"}],"wp:term":[{"taxonomy":"category","embeddable":true,"href":"https:\/\/arantv.az\/index.php?rest_route=%2Fwp%2Fv2%2Fcategories&post=53513"},{"taxonomy":"post_tag","embeddable":true,"href":"https:\/\/arantv.az\/index.php?rest_route=%2Fwp%2Fv2%2Ftags&post=53513"}],"curies":[{"name":"wp","href":"https:\/\/api.w.org\/{rel}","templated":true}]}}