{"id":53572,"date":"2019-04-27T14:55:01","date_gmt":"2019-04-27T11:55:01","guid":{"rendered":"http:\/\/arantv.az\/?p=53572"},"modified":"2019-04-27T14:55:01","modified_gmt":"2019-04-27T11:55:01","slug":"%c9%99rdogan-1915-ci-ild%c9%99-soyqirimi-olsaydi-indi-q%c9%99rbd%c9%99-v%c9%99-qonsu-olk%c9%99l%c9%99rd%c9%99-bir-n%c9%99f%c9%99r-d%c9%99-olsun-erm%c9%99ni-olmazdi","status":"publish","type":"post","link":"https:\/\/arantv.az\/?p=53572","title":{"rendered":"\u018frdo\u011fan: &#8220;1915-ci ild\u0259 &#8220;soyq\u0131r\u0131m\u0131&#8221; olsayd\u0131, indi Q\u0259rbd\u0259 v\u0259 qon\u015fu \u00f6lk\u0259l\u0259rd\u0259 bir n\u0259f\u0259r d\u0259 olsun erm\u0259ni olmazd\u0131&#8221;"},"content":{"rendered":"<blockquote><p><em><strong>\u018fg\u0259r 1915-ci ild\u0259 &#8220;soyq\u0131r\u0131m\u0131&#8221; olsayd\u0131, indi Q\u0259rbd\u0259 v\u0259 qon\u015fu \u00f6lk\u0259l\u0259rd\u0259 bir n\u0259f\u0259r d\u0259 olsun erm\u0259ni olmazd\u0131.<\/strong><\/em><\/p><\/blockquote>\n<p><strong>ARANTV.AZ<\/strong>\u00a0<span style=\"color: #000000;\">\u00a0<\/span><a href=\"http:\/\/az.trend.az\/\" target=\"_blank\" rel=\"noopener\"><span style=\"color: #000000;\">Trend<\/span><\/a>-\u0259 istinad\u0259n bildirir ki, bunu T\u00fcrkiy\u0259 Prezidenti R\u0259c\u0259b Tayyib \u018frdo\u011fan 1915-ci il hadis\u0259l\u0259rini \u015f\u0259rh ed\u0259rk\u0259n deyib.<\/p>\n<p>T\u00fcrkiy\u0259li lider deyib: &#8220;T\u00fcrkiy\u0259 \u00f6z tarixind\u0259n utanm\u0131r, \u0259ksin\u0259 \u00f6y\u00fcn\u00fcr&#8221;.<\/p>\n<p>R.T.\u018frdo\u011fan daha sonra qeyd edib ki, erm\u0259nil\u0259rd\u0259n f\u0259rqli olaraq T\u00fcrkiy\u0259 1915-ci il hadis\u0259l\u0259rinin ara\u015fd\u0131r\u0131lmas\u0131 \u00fc\u00e7\u00fcn \u00f6z arxivl\u0259rini a\u00e7\u0131b.<\/p>\n","protected":false},"excerpt":{"rendered":"<p>\u018fg\u0259r 1915-ci ild\u0259 &#8220;soyq\u0131r\u0131m\u0131&#8221; olsayd\u0131, indi Q\u0259rbd\u0259 v\u0259 qon\u015fu \u00f6lk\u0259l\u0259rd\u0259 bir n\u0259f\u0259r d\u0259 olsun erm\u0259ni olmazd\u0131. ARANTV.AZ\u00a0\u00a0Trend-\u0259 istinad\u0259n bildirir ki, bunu T\u00fcrkiy\u0259 Prezidenti R\u0259c\u0259b Tayyib \u018frdo\u011fan 1915-ci il hadis\u0259l\u0259rini \u015f\u0259rh ed\u0259rk\u0259n deyib. T\u00fcrkiy\u0259li lider deyib: &#8220;T\u00fcrkiy\u0259 \u00f6z tarixind\u0259n utanm\u0131r, \u0259ksin\u0259 \u00f6y\u00fcn\u00fcr&#8221;. R.T.\u018frdo\u011fan daha sonra qeyd edib ki, erm\u0259nil\u0259rd\u0259n f\u0259rqli olaraq T\u00fcrkiy\u0259 1915-ci il hadis\u0259l\u0259rinin ara\u015fd\u0131r\u0131lmas\u0131 \u00fc\u00e7\u00fcn \u00f6z arxivl\u0259rini a\u00e7\u0131b.<\/p>\n","protected":false},"author":2,"featured_media":53573,"comment_status":"closed","ping_status":"closed","sticky":false,"template":"","format":"standard","meta":{"om_disable_all_campaigns":false,"_monsterinsights_skip_tracking":false,"_monsterinsights_sitenote_active":false,"_monsterinsights_sitenote_note":"","_monsterinsights_sitenote_category":0},"categories":[7],"tags":[],"aioseo_notices":[],"gutentor_comment":0,"rttpg_featured_image_url":{"full":["https:\/\/arantv.az\/wp-content\/uploads\/2019\/04\/erdogan_28237475.jpg",800,600,false],"landscape":["https:\/\/arantv.az\/wp-content\/uploads\/2019\/04\/erdogan_28237475.jpg",800,600,false],"portraits":["https:\/\/arantv.az\/wp-content\/uploads\/2019\/04\/erdogan_28237475.jpg",800,600,false],"thumbnail":["https:\/\/arantv.az\/wp-content\/uploads\/2019\/04\/erdogan_28237475-150x150.jpg",150,150,true],"medium":["https:\/\/arantv.az\/wp-content\/uploads\/2019\/04\/erdogan_28237475-300x225.jpg",300,225,true],"large":["https:\/\/arantv.az\/wp-content\/uploads\/2019\/04\/erdogan_28237475.jpg",640,480,false],"1536x1536":["https:\/\/arantv.az\/wp-content\/uploads\/2019\/04\/erdogan_28237475.jpg",800,600,false],"2048x2048":["https:\/\/arantv.az\/wp-content\/uploads\/2019\/04\/erdogan_28237475.jpg",800,600,false],"post-thumbnail":["https:\/\/arantv.az\/wp-content\/uploads\/2019\/04\/erdogan_28237475-240x172.jpg",240,172,true],"advps-thumb-one":["https:\/\/arantv.az\/wp-content\/uploads\/2019\/04\/erdogan_28237475.jpg",800,600,false]},"rttpg_author":{"display_name":"V\u00fcsal Rafiqo\u011flu","author_link":"https:\/\/arantv.az\/?author=2"},"rttpg_comment":0,"rttpg_category":"<a href=\"https:\/\/arantv.az\/?cat=7\" rel=\"category\">D\u00fcnya<\/a>","rttpg_excerpt":"\u018fg\u0259r 1915-ci ild\u0259 &#8220;soyq\u0131r\u0131m\u0131&#8221; olsayd\u0131, indi Q\u0259rbd\u0259 v\u0259 qon\u015fu \u00f6lk\u0259l\u0259rd\u0259 bir n\u0259f\u0259r d\u0259 olsun erm\u0259ni olmazd\u0131. ARANTV.AZ\u00a0\u00a0Trend-\u0259 istinad\u0259n bildirir ki, bunu T\u00fcrkiy\u0259 Prezidenti R\u0259c\u0259b Tayyib \u018frdo\u011fan 1915-ci il hadis\u0259l\u0259rini \u015f\u0259rh ed\u0259rk\u0259n deyib. T\u00fcrkiy\u0259li lider deyib: &#8220;T\u00fcrkiy\u0259 \u00f6z tarixind\u0259n utanm\u0131r, \u0259ksin\u0259 \u00f6y\u00fcn\u00fcr&#8221;. R.T.\u018frdo\u011fan daha sonra qeyd edib ki, erm\u0259nil\u0259rd\u0259n f\u0259rqli olaraq T\u00fcrkiy\u0259 1915-ci il hadis\u0259l\u0259rinin ara\u015fd\u0131r\u0131lmas\u0131&hellip;","_links":{"self":[{"href":"https:\/\/arantv.az\/index.php?rest_route=\/wp\/v2\/posts\/53572"}],"collection":[{"href":"https:\/\/arantv.az\/index.php?rest_route=\/wp\/v2\/posts"}],"about":[{"href":"https:\/\/arantv.az\/index.php?rest_route=\/wp\/v2\/types\/post"}],"author":[{"embeddable":true,"href":"https:\/\/arantv.az\/index.php?rest_route=\/wp\/v2\/users\/2"}],"replies":[{"embeddable":true,"href":"https:\/\/arantv.az\/index.php?rest_route=%2Fwp%2Fv2%2Fcomments&post=53572"}],"version-history":[{"count":0,"href":"https:\/\/arantv.az\/index.php?rest_route=\/wp\/v2\/posts\/53572\/revisions"}],"wp:featuredmedia":[{"embeddable":true,"href":"https:\/\/arantv.az\/index.php?rest_route=\/wp\/v2\/media\/53573"}],"wp:attachment":[{"href":"https:\/\/arantv.az\/index.php?rest_route=%2Fwp%2Fv2%2Fmedia&parent=53572"}],"wp:term":[{"taxonomy":"category","embeddable":true,"href":"https:\/\/arantv.az\/index.php?rest_route=%2Fwp%2Fv2%2Fcategories&post=53572"},{"taxonomy":"post_tag","embeddable":true,"href":"https:\/\/arantv.az\/index.php?rest_route=%2Fwp%2Fv2%2Ftags&post=53572"}],"curies":[{"name":"wp","href":"https:\/\/api.w.org\/{rel}","templated":true}]}}