{"id":53622,"date":"2019-04-29T09:58:45","date_gmt":"2019-04-29T06:58:45","guid":{"rendered":"http:\/\/arantv.az\/?p=53622"},"modified":"2019-04-29T09:58:45","modified_gmt":"2019-04-29T06:58:45","slug":"lokbatanda-q%c9%99za-avtomobil-%c9%99ks-yola-dusdu-video","status":"publish","type":"post","link":"https:\/\/arantv.az\/?p=53622","title":{"rendered":"L\u00f6kbatanda q\u0259za: avtomobil \u0259ks yola d\u00fc\u015fd\u00fc &#8211; V\u0130DEO"},"content":{"rendered":"<p>Bak\u0131-Qazax yolunun L\u00f6kbatandan ke\u00e7\u0259n hiss\u0259sind\u0259 q\u0259za ba\u015f verib.<\/p>\n<p><strong>ARANTV.AZ\u00a0<\/strong>\u00a0x\u0259b\u0259r verir ki, q\u0259za zaman\u0131 \u201cMazda\u201d markal\u0131 avtomobil d\u0259mir arak\u0259sm\u0259y\u0259 \u00e7\u0131rp\u0131l\u0131b.<\/p>\n<div id=\"AdviadNativeVideo0\" class=\"AdviadNativeVideo\"><\/div>\n<p>Z\u0259rb\u0259nin t\u0259sirind\u0259n avtomobil qar\u015f\u0131 yola d\u00fc\u015f\u00fcb. Q\u0259za zaman\u0131 x\u0259sar\u0259t alan olmay\u0131b.<\/p>\n<p>Hadis\u0259y\u0259 s\u00fcr\u00fcc\u00fcn\u00fcn idar\u0259etm\u0259ni itirm\u0259sinin s\u0259b\u0259b oldu\u011fu bildirilir.<\/p>\n<div><iframe loading=\"lazy\" src=\"https:\/\/player.baku.tv\/embed\/8159?fbclid=IwAR2tGV3Zk3tBgzealcqtGy8FpTgtvCZanTQzPO0_sFbiuoZRk44VcdzPGOc\" width=\"560\" height=\"315\" frameborder=\"0\" allowfullscreen=\"allowfullscreen\" data-mce-fragment=\"1\"><\/iframe><\/div>\n<p><b>oxu.az<\/b><\/p>\n","protected":false},"excerpt":{"rendered":"<p>Bak\u0131-Qazax yolunun L\u00f6kbatandan ke\u00e7\u0259n hiss\u0259sind\u0259 q\u0259za ba\u015f verib. ARANTV.AZ\u00a0\u00a0x\u0259b\u0259r verir ki, q\u0259za zaman\u0131 \u201cMazda\u201d markal\u0131 avtomobil d\u0259mir arak\u0259sm\u0259y\u0259 \u00e7\u0131rp\u0131l\u0131b. Z\u0259rb\u0259nin t\u0259sirind\u0259n avtomobil qar\u015f\u0131 yola d\u00fc\u015f\u00fcb. Q\u0259za zaman\u0131 x\u0259sar\u0259t alan olmay\u0131b. Hadis\u0259y\u0259 s\u00fcr\u00fcc\u00fcn\u00fcn idar\u0259etm\u0259ni itirm\u0259sinin s\u0259b\u0259b oldu\u011fu bildirilir. oxu.az<\/p>\n","protected":false},"author":2,"featured_media":53623,"comment_status":"closed","ping_status":"closed","sticky":false,"template":"","format":"standard","meta":{"om_disable_all_campaigns":false,"_monsterinsights_skip_tracking":false,"_monsterinsights_sitenote_active":false,"_monsterinsights_sitenote_note":"","_monsterinsights_sitenote_category":0},"categories":[5],"tags":[],"aioseo_notices":[],"gutentor_comment":0,"rttpg_featured_image_url":{"full":["https:\/\/arantv.az\/wp-content\/uploads\/2019\/04\/123.jpg",620,465,false],"landscape":["https:\/\/arantv.az\/wp-content\/uploads\/2019\/04\/123.jpg",620,465,false],"portraits":["https:\/\/arantv.az\/wp-content\/uploads\/2019\/04\/123.jpg",620,465,false],"thumbnail":["https:\/\/arantv.az\/wp-content\/uploads\/2019\/04\/123-150x150.jpg",150,150,true],"medium":["https:\/\/arantv.az\/wp-content\/uploads\/2019\/04\/123-300x225.jpg",300,225,true],"large":["https:\/\/arantv.az\/wp-content\/uploads\/2019\/04\/123.jpg",620,465,false],"1536x1536":["https:\/\/arantv.az\/wp-content\/uploads\/2019\/04\/123.jpg",620,465,false],"2048x2048":["https:\/\/arantv.az\/wp-content\/uploads\/2019\/04\/123.jpg",620,465,false],"post-thumbnail":["https:\/\/arantv.az\/wp-content\/uploads\/2019\/04\/123-240x172.jpg",240,172,true],"advps-thumb-one":["https:\/\/arantv.az\/wp-content\/uploads\/2019\/04\/123.jpg",620,465,false]},"rttpg_author":{"display_name":"V\u00fcsal Rafiqo\u011flu","author_link":"https:\/\/arantv.az\/?author=2"},"rttpg_comment":0,"rttpg_category":"<a href=\"https:\/\/arantv.az\/?cat=5\" rel=\"category\">Hadis\u0259<\/a>","rttpg_excerpt":"Bak\u0131-Qazax yolunun L\u00f6kbatandan ke\u00e7\u0259n hiss\u0259sind\u0259 q\u0259za ba\u015f verib. ARANTV.AZ\u00a0\u00a0x\u0259b\u0259r verir ki, q\u0259za zaman\u0131 \u201cMazda\u201d markal\u0131 avtomobil d\u0259mir arak\u0259sm\u0259y\u0259 \u00e7\u0131rp\u0131l\u0131b. Z\u0259rb\u0259nin t\u0259sirind\u0259n avtomobil qar\u015f\u0131 yola d\u00fc\u015f\u00fcb. Q\u0259za zaman\u0131 x\u0259sar\u0259t alan olmay\u0131b. Hadis\u0259y\u0259 s\u00fcr\u00fcc\u00fcn\u00fcn idar\u0259etm\u0259ni itirm\u0259sinin s\u0259b\u0259b oldu\u011fu bildirilir. oxu.az","_links":{"self":[{"href":"https:\/\/arantv.az\/index.php?rest_route=\/wp\/v2\/posts\/53622"}],"collection":[{"href":"https:\/\/arantv.az\/index.php?rest_route=\/wp\/v2\/posts"}],"about":[{"href":"https:\/\/arantv.az\/index.php?rest_route=\/wp\/v2\/types\/post"}],"author":[{"embeddable":true,"href":"https:\/\/arantv.az\/index.php?rest_route=\/wp\/v2\/users\/2"}],"replies":[{"embeddable":true,"href":"https:\/\/arantv.az\/index.php?rest_route=%2Fwp%2Fv2%2Fcomments&post=53622"}],"version-history":[{"count":0,"href":"https:\/\/arantv.az\/index.php?rest_route=\/wp\/v2\/posts\/53622\/revisions"}],"wp:featuredmedia":[{"embeddable":true,"href":"https:\/\/arantv.az\/index.php?rest_route=\/wp\/v2\/media\/53623"}],"wp:attachment":[{"href":"https:\/\/arantv.az\/index.php?rest_route=%2Fwp%2Fv2%2Fmedia&parent=53622"}],"wp:term":[{"taxonomy":"category","embeddable":true,"href":"https:\/\/arantv.az\/index.php?rest_route=%2Fwp%2Fv2%2Fcategories&post=53622"},{"taxonomy":"post_tag","embeddable":true,"href":"https:\/\/arantv.az\/index.php?rest_route=%2Fwp%2Fv2%2Ftags&post=53622"}],"curies":[{"name":"wp","href":"https:\/\/api.w.org\/{rel}","templated":true}]}}