{"id":53643,"date":"2019-04-29T10:05:04","date_gmt":"2019-04-29T07:05:04","guid":{"rendered":"http:\/\/arantv.az\/?p=53643"},"modified":"2019-04-29T10:05:04","modified_gmt":"2019-04-29T07:05:04","slug":"bas-nazirin-muavini-xorvatiya-az%c9%99rbaycani-muhum-strateji-t%c9%99r%c9%99fdas-hesab-edir","status":"publish","type":"post","link":"https:\/\/arantv.az\/?p=53643","title":{"rendered":"Ba\u015f nazirin m\u00fcavini: &#8220;Xorvatiya Az\u0259rbaycan\u0131 m\u00fch\u00fcm strateji t\u0259r\u0259fda\u015f hesab edir&#8221;"},"content":{"rendered":"<blockquote><p><strong><em>Xorvatiya Az\u0259rbaycan\u0131 m\u00fch\u00fcm strateji t\u0259r\u0259fda\u015f hesab edir.<\/em><\/strong><\/p><\/blockquote>\n<p><strong>ARANTV.AZ<\/strong>\u00a0 x\u0259b\u0259r verir ki, bunu\u00a0<a href=\"https:\/\/az.trend.az\/\" target=\"_blank\" rel=\"noopener\">Trend<\/a>-\u0259 a\u00e7\u0131qlamas\u0131nda Xorvatiya Ba\u015f nazirinin m\u00fcavini, xarici v\u0259 Avropa i\u015fl\u0259ri naziri Mariya Pey\u00e7inovi\u00e7-Buri\u00e7 deyib.<\/p>\n<p>Nazir bildirib: &#8220;Bizim t\u0259r\u0259fda\u015fl\u0131\u011f\u0131m\u0131z v\u0259 ikit\u0259r\u0259fli dost m\u00fcnasib\u0259tl\u0259rimiz \u00f6t\u0259n il sentyabr\u0131n 6-da Az\u0259rbaycan Prezidenti \u0130lham \u018fliyevin Zaqreb\u0259 s\u0259f\u0259ri zaman\u0131 bir daha y\u00fcks\u0259k s\u0259viyy\u0259d\u0259 t\u0259sdiq olundu. Biz bundan sonra da d\u00f6vl\u0259t qurumlar\u0131m\u0131z, biznes v\u0259 v\u0259t\u0259nda\u015flar\u0131m\u0131z aras\u0131nda daha s\u0131x m\u00fcbadil\u0259ni t\u0259\u015fviq etm\u0259k ist\u0259yirik&#8221;.<\/p>\n<p>O xat\u0131rlad\u0131b ki, Xorvatiya v\u0259 Az\u0259rbaycan h\u00f6kum\u0259tl\u0259ri aras\u0131nda iqtisadi \u0259m\u0259kda\u015fl\u0131q \u00fczr\u0259 birg\u0259 komissiyan\u0131n n\u00f6vb\u0259ti iclas\u0131 2019-cu ilin sonu, 2020-ci ilin \u0259vv\u0259lind\u0259 ke\u00e7iril\u0259c\u0259k:<\/p>\n<p>&#8220;Bu komissiya qar\u015f\u0131l\u0131ql\u0131 maraq do\u011furan bir \u00e7ox sah\u0259l\u0259rd\u0259 ikit\u0259r\u0259fli ticar\u0259tin geni\u015fl\u0259ndirilm\u0259si \u00fc\u00e7\u00fcn \u0259sas yarada bil\u0259r&#8221;.<\/p>\n<p>Ba\u015f nazirin m\u00fcavini qeyd edib ki, Xorvatiya \u015firk\u0259tl\u0259ri x\u00fcsus\u0259n energetika, n\u0259qliyyat, g\u0259miqay\u0131rma, \u0259cza\u00e7\u0131l\u0131q v\u0259 \u0130KT sah\u0259l\u0259rin\u0259 investisiyalarda maraql\u0131d\u0131rlar:<\/p>\n<p>&#8220;Ma\u015f\u0131nqay\u0131rma, tekstil, k\u0259nd t\u0259s\u0259rr\u00fcfat\u0131, qida s\u0259nayesi v\u0259 \u0259lb\u0259tt\u0259 ki, turizm sah\u0259sind\u0259 \u0259m\u0259kda\u015fl\u0131q \u00fc\u00e7\u00fcn d\u0259 imkanlar var&#8221;.<\/p>\n","protected":false},"excerpt":{"rendered":"<p>Xorvatiya Az\u0259rbaycan\u0131 m\u00fch\u00fcm strateji t\u0259r\u0259fda\u015f hesab edir. ARANTV.AZ\u00a0 x\u0259b\u0259r verir ki, bunu\u00a0Trend-\u0259 a\u00e7\u0131qlamas\u0131nda Xorvatiya Ba\u015f nazirinin m\u00fcavini, xarici v\u0259 Avropa i\u015fl\u0259ri naziri Mariya Pey\u00e7inovi\u00e7-Buri\u00e7 deyib. Nazir bildirib: &#8220;Bizim t\u0259r\u0259fda\u015fl\u0131\u011f\u0131m\u0131z v\u0259 ikit\u0259r\u0259fli dost m\u00fcnasib\u0259tl\u0259rimiz \u00f6t\u0259n il sentyabr\u0131n 6-da Az\u0259rbaycan Prezidenti \u0130lham \u018fliyevin Zaqreb\u0259 s\u0259f\u0259ri zaman\u0131 bir daha y\u00fcks\u0259k s\u0259viyy\u0259d\u0259 t\u0259sdiq olundu. Biz bundan sonra da d\u00f6vl\u0259t qurumlar\u0131m\u0131z, biznes v\u0259 v\u0259t\u0259nda\u015flar\u0131m\u0131z aras\u0131nda daha s\u0131x m\u00fcbadil\u0259ni t\u0259\u015fviq etm\u0259k ist\u0259yirik&#8221;. O xat\u0131rlad\u0131b ki, Xorvatiya v\u0259 Az\u0259rbaycan h\u00f6kum\u0259tl\u0259ri aras\u0131nda iqtisadi \u0259m\u0259kda\u015fl\u0131q \u00fczr\u0259 birg\u0259 komissiyan\u0131n n\u00f6vb\u0259ti iclas\u0131 2019-cu ilin sonu, 2020-ci ilin \u0259vv\u0259lind\u0259 ke\u00e7iril\u0259c\u0259k: &#8220;Bu komissiya&hellip;<\/p>\n","protected":false},"author":2,"featured_media":53644,"comment_status":"closed","ping_status":"closed","sticky":false,"template":"","format":"standard","meta":{"om_disable_all_campaigns":false,"_monsterinsights_skip_tracking":false,"_monsterinsights_sitenote_active":false,"_monsterinsights_sitenote_note":"","_monsterinsights_sitenote_category":0},"categories":[4],"tags":[],"aioseo_notices":[],"gutentor_comment":0,"rttpg_featured_image_url":{"full":["https:\/\/arantv.az\/wp-content\/uploads\/2019\/04\/750604.jpg",800,600,false],"landscape":["https:\/\/arantv.az\/wp-content\/uploads\/2019\/04\/750604.jpg",800,600,false],"portraits":["https:\/\/arantv.az\/wp-content\/uploads\/2019\/04\/750604.jpg",800,600,false],"thumbnail":["https:\/\/arantv.az\/wp-content\/uploads\/2019\/04\/750604-150x150.jpg",150,150,true],"medium":["https:\/\/arantv.az\/wp-content\/uploads\/2019\/04\/750604-300x225.jpg",300,225,true],"large":["https:\/\/arantv.az\/wp-content\/uploads\/2019\/04\/750604.jpg",640,480,false],"1536x1536":["https:\/\/arantv.az\/wp-content\/uploads\/2019\/04\/750604.jpg",800,600,false],"2048x2048":["https:\/\/arantv.az\/wp-content\/uploads\/2019\/04\/750604.jpg",800,600,false],"post-thumbnail":["https:\/\/arantv.az\/wp-content\/uploads\/2019\/04\/750604-240x172.jpg",240,172,true],"advps-thumb-one":["https:\/\/arantv.az\/wp-content\/uploads\/2019\/04\/750604.jpg",800,600,false]},"rttpg_author":{"display_name":"V\u00fcsal Rafiqo\u011flu","author_link":"https:\/\/arantv.az\/?author=2"},"rttpg_comment":0,"rttpg_category":"<a href=\"https:\/\/arantv.az\/?cat=4\" rel=\"category\">Siyas\u0259t<\/a>","rttpg_excerpt":"Xorvatiya Az\u0259rbaycan\u0131 m\u00fch\u00fcm strateji t\u0259r\u0259fda\u015f hesab edir. ARANTV.AZ\u00a0 x\u0259b\u0259r verir ki, bunu\u00a0Trend-\u0259 a\u00e7\u0131qlamas\u0131nda Xorvatiya Ba\u015f nazirinin m\u00fcavini, xarici v\u0259 Avropa i\u015fl\u0259ri naziri Mariya Pey\u00e7inovi\u00e7-Buri\u00e7 deyib. Nazir bildirib: &#8220;Bizim t\u0259r\u0259fda\u015fl\u0131\u011f\u0131m\u0131z v\u0259 ikit\u0259r\u0259fli dost m\u00fcnasib\u0259tl\u0259rimiz \u00f6t\u0259n il sentyabr\u0131n 6-da Az\u0259rbaycan Prezidenti \u0130lham \u018fliyevin Zaqreb\u0259 s\u0259f\u0259ri zaman\u0131 bir daha y\u00fcks\u0259k s\u0259viyy\u0259d\u0259 t\u0259sdiq olundu. Biz bundan sonra da d\u00f6vl\u0259t&hellip;","_links":{"self":[{"href":"https:\/\/arantv.az\/index.php?rest_route=\/wp\/v2\/posts\/53643"}],"collection":[{"href":"https:\/\/arantv.az\/index.php?rest_route=\/wp\/v2\/posts"}],"about":[{"href":"https:\/\/arantv.az\/index.php?rest_route=\/wp\/v2\/types\/post"}],"author":[{"embeddable":true,"href":"https:\/\/arantv.az\/index.php?rest_route=\/wp\/v2\/users\/2"}],"replies":[{"embeddable":true,"href":"https:\/\/arantv.az\/index.php?rest_route=%2Fwp%2Fv2%2Fcomments&post=53643"}],"version-history":[{"count":0,"href":"https:\/\/arantv.az\/index.php?rest_route=\/wp\/v2\/posts\/53643\/revisions"}],"wp:featuredmedia":[{"embeddable":true,"href":"https:\/\/arantv.az\/index.php?rest_route=\/wp\/v2\/media\/53644"}],"wp:attachment":[{"href":"https:\/\/arantv.az\/index.php?rest_route=%2Fwp%2Fv2%2Fmedia&parent=53643"}],"wp:term":[{"taxonomy":"category","embeddable":true,"href":"https:\/\/arantv.az\/index.php?rest_route=%2Fwp%2Fv2%2Fcategories&post=53643"},{"taxonomy":"post_tag","embeddable":true,"href":"https:\/\/arantv.az\/index.php?rest_route=%2Fwp%2Fv2%2Ftags&post=53643"}],"curies":[{"name":"wp","href":"https:\/\/api.w.org\/{rel}","templated":true}]}}