{"id":53646,"date":"2019-04-29T10:06:22","date_gmt":"2019-04-29T07:06:22","guid":{"rendered":"http:\/\/arantv.az\/?p=53646"},"modified":"2019-04-29T10:06:22","modified_gmt":"2019-04-29T07:06:22","slug":"70-yasli-kisi-q%c9%99tl%c9%99-yetirildi","status":"publish","type":"post","link":"https:\/\/arantv.az\/?p=53646","title":{"rendered":"70 ya\u015fl\u0131 ki\u015fi q\u0259tl\u0259 yetirildi"},"content":{"rendered":"<p><strong>Tovuz rayonunda q\u0259tl hadis\u0259si ba\u015f verib.<\/strong><\/p>\n<p><strong>ARANTV.AZ\u00a0<\/strong>\u00a0<span style=\"color: #000000;\"><a style=\"color: #000000;\" href=\"https:\/\/az.trend.az\/\" target=\"_blank\" rel=\"noopener\">Trend<\/a><\/span>-\u0259\u00a0istinad\u0259n x\u0259b\u0259r verir ki, hadis\u0259 rayonun Yan\u0131ql\u0131 k\u0259ndind\u0259 qeyd\u0259 al\u0131n\u0131b.<\/p>\n<p>K\u0259nd sakini, 1971-ci il t\u0259v\u0259ll\u00fcdl\u00fc Abdiyev Oqtay Mikay\u0131l o\u011flu m\u00fcnaqi\u015f\u0259 z\u0259minind\u0259 h\u0259mk\u0259ndlisi, 1949-cu il t\u0259v\u0259ll\u00fcdl\u00fc Ta\u011f\u0131yev C\u0259lal S\u0259m\u0259d o\u011flunu b\u0131\u00e7aqlay\u0131b.<\/p>\n<p>Yaral\u0131 Tovuz Rayon M\u0259rk\u0259zi X\u0259st\u0259xanas\u0131na yerl\u0259\u015fdirils\u0259 d\u0259, orada \u00f6l\u00fcb.<\/p>\n<div id=\"AdviadNativeVideo0\" class=\"AdviadNativeVideo\"><\/div>\n<p>Faktla ba\u011fl\u0131 cinay\u0259t i\u015fi ba\u015flan\u0131b.<\/p>\n","protected":false},"excerpt":{"rendered":"<p>Tovuz rayonunda q\u0259tl hadis\u0259si ba\u015f verib. ARANTV.AZ\u00a0\u00a0Trend-\u0259\u00a0istinad\u0259n x\u0259b\u0259r verir ki, hadis\u0259 rayonun Yan\u0131ql\u0131 k\u0259ndind\u0259 qeyd\u0259 al\u0131n\u0131b. K\u0259nd sakini, 1971-ci il t\u0259v\u0259ll\u00fcdl\u00fc Abdiyev Oqtay Mikay\u0131l o\u011flu m\u00fcnaqi\u015f\u0259 z\u0259minind\u0259 h\u0259mk\u0259ndlisi, 1949-cu il t\u0259v\u0259ll\u00fcdl\u00fc Ta\u011f\u0131yev C\u0259lal S\u0259m\u0259d o\u011flunu b\u0131\u00e7aqlay\u0131b. Yaral\u0131 Tovuz Rayon M\u0259rk\u0259zi X\u0259st\u0259xanas\u0131na yerl\u0259\u015fdirils\u0259 d\u0259, orada \u00f6l\u00fcb. Faktla ba\u011fl\u0131 cinay\u0259t i\u015fi ba\u015flan\u0131b.<\/p>\n","protected":false},"author":2,"featured_media":53647,"comment_status":"closed","ping_status":"closed","sticky":false,"template":"","format":"standard","meta":{"om_disable_all_campaigns":false,"_monsterinsights_skip_tracking":false,"_monsterinsights_sitenote_active":false,"_monsterinsights_sitenote_note":"","_monsterinsights_sitenote_category":0},"categories":[3],"tags":[],"aioseo_notices":[],"gutentor_comment":0,"rttpg_featured_image_url":{"full":["https:\/\/arantv.az\/wp-content\/uploads\/2019\/04\/bicaq_5555.jpg",482,361,false],"landscape":["https:\/\/arantv.az\/wp-content\/uploads\/2019\/04\/bicaq_5555.jpg",482,361,false],"portraits":["https:\/\/arantv.az\/wp-content\/uploads\/2019\/04\/bicaq_5555.jpg",482,361,false],"thumbnail":["https:\/\/arantv.az\/wp-content\/uploads\/2019\/04\/bicaq_5555-150x150.jpg",150,150,true],"medium":["https:\/\/arantv.az\/wp-content\/uploads\/2019\/04\/bicaq_5555-300x225.jpg",300,225,true],"large":["https:\/\/arantv.az\/wp-content\/uploads\/2019\/04\/bicaq_5555.jpg",482,361,false],"1536x1536":["https:\/\/arantv.az\/wp-content\/uploads\/2019\/04\/bicaq_5555.jpg",482,361,false],"2048x2048":["https:\/\/arantv.az\/wp-content\/uploads\/2019\/04\/bicaq_5555.jpg",482,361,false],"post-thumbnail":["https:\/\/arantv.az\/wp-content\/uploads\/2019\/04\/bicaq_5555-240x172.jpg",240,172,true],"advps-thumb-one":["https:\/\/arantv.az\/wp-content\/uploads\/2019\/04\/bicaq_5555.jpg",482,361,false]},"rttpg_author":{"display_name":"V\u00fcsal Rafiqo\u011flu","author_link":"https:\/\/arantv.az\/?author=2"},"rttpg_comment":0,"rttpg_category":"<a href=\"https:\/\/arantv.az\/?cat=3\" rel=\"category\">Kriminal<\/a>","rttpg_excerpt":"Tovuz rayonunda q\u0259tl hadis\u0259si ba\u015f verib. ARANTV.AZ\u00a0\u00a0Trend-\u0259\u00a0istinad\u0259n x\u0259b\u0259r verir ki, hadis\u0259 rayonun Yan\u0131ql\u0131 k\u0259ndind\u0259 qeyd\u0259 al\u0131n\u0131b. K\u0259nd sakini, 1971-ci il t\u0259v\u0259ll\u00fcdl\u00fc Abdiyev Oqtay Mikay\u0131l o\u011flu m\u00fcnaqi\u015f\u0259 z\u0259minind\u0259 h\u0259mk\u0259ndlisi, 1949-cu il t\u0259v\u0259ll\u00fcdl\u00fc Ta\u011f\u0131yev C\u0259lal S\u0259m\u0259d o\u011flunu b\u0131\u00e7aqlay\u0131b. Yaral\u0131 Tovuz Rayon M\u0259rk\u0259zi X\u0259st\u0259xanas\u0131na yerl\u0259\u015fdirils\u0259 d\u0259, orada \u00f6l\u00fcb. Faktla ba\u011fl\u0131 cinay\u0259t i\u015fi ba\u015flan\u0131b.","_links":{"self":[{"href":"https:\/\/arantv.az\/index.php?rest_route=\/wp\/v2\/posts\/53646"}],"collection":[{"href":"https:\/\/arantv.az\/index.php?rest_route=\/wp\/v2\/posts"}],"about":[{"href":"https:\/\/arantv.az\/index.php?rest_route=\/wp\/v2\/types\/post"}],"author":[{"embeddable":true,"href":"https:\/\/arantv.az\/index.php?rest_route=\/wp\/v2\/users\/2"}],"replies":[{"embeddable":true,"href":"https:\/\/arantv.az\/index.php?rest_route=%2Fwp%2Fv2%2Fcomments&post=53646"}],"version-history":[{"count":0,"href":"https:\/\/arantv.az\/index.php?rest_route=\/wp\/v2\/posts\/53646\/revisions"}],"wp:featuredmedia":[{"embeddable":true,"href":"https:\/\/arantv.az\/index.php?rest_route=\/wp\/v2\/media\/53647"}],"wp:attachment":[{"href":"https:\/\/arantv.az\/index.php?rest_route=%2Fwp%2Fv2%2Fmedia&parent=53646"}],"wp:term":[{"taxonomy":"category","embeddable":true,"href":"https:\/\/arantv.az\/index.php?rest_route=%2Fwp%2Fv2%2Fcategories&post=53646"},{"taxonomy":"post_tag","embeddable":true,"href":"https:\/\/arantv.az\/index.php?rest_route=%2Fwp%2Fv2%2Ftags&post=53646"}],"curies":[{"name":"wp","href":"https:\/\/api.w.org\/{rel}","templated":true}]}}