{"id":536463,"date":"2022-11-19T14:49:18","date_gmt":"2022-11-19T11:49:18","guid":{"rendered":"https:\/\/arantv.az\/?p=536463"},"modified":"2022-11-19T14:49:18","modified_gmt":"2022-11-19T11:49:18","slug":"iranin-yuk-masinlari-xank%c9%99ndiy%c9%99-silah-sursat-v%c9%99-yanacaq-dasiyib-r%c9%99y-foto","status":"publish","type":"post","link":"https:\/\/arantv.az\/?p=536463","title":{"rendered":"\u201c\u0130ran\u0131n y\u00fck ma\u015f\u0131nlar\u0131 Xank\u0259ndiy\u0259 silah-sursat v\u0259 yanacaq da\u015f\u0131y\u0131b\u201d &#8211; R\u018fY + FOTO"},"content":{"rendered":"<p>\u201c\u0130ran\u0131n y\u00fck ma\u015f\u0131nlar\u0131 Xank\u0259ndiy\u0259 silah-sursat v\u0259 yanacaq da\u015f\u0131y\u0131b\u201d.<\/p>\n<p>Bunu \u201cReport\u201da a\u00e7\u0131qlamas\u0131nda siyasi \u015f\u0259rh\u00e7i Asif N\u0259rimanl\u0131 deyib.<\/p>\n<div class=\"AdviadNativeVideo\"><\/div>\n<p><img src=\"https:\/\/cdn.oxu.az\/uploads\/W1siZiIsIjIwMjIvMTEvMTkvMTQvNDgvNTYvMjAxOTcwYWYtMzYyMi00ZDJkLTg5YjctOWNmZWUyZTkyNjkwLzM4MTRlYjc2LWZhNzEtMzNjMS1hZWM1LTY3YTEzMGZjZjg5My5qcGciXSxbInAiLCJlbmNvZGUiLCJqcGciLCItcXVhbGl0eSA4MCJdLFsicCIsInRodW1iIiwiNTkweDU5MFx1MDAzZSJdXQ?sha=ce03cfedd2de71a8\" alt=\"\" \/><\/p>\n<p>Onun s\u00f6zl\u0259rin\u0259 g\u00f6r\u0259, \u0130ran\u0131n Qaraba\u011f m\u00fcnaqi\u015f\u0259sinin m\u00f6vcud oldu\u011fu 30 il\u0259 yax\u0131n d\u00f6vrd\u0259 Erm\u0259nistan\u0131n i\u015f\u011fal\u00e7\u0131l\u0131q siyas\u0259tin\u0259 verdiyi d\u0259st\u0259yini 44 g\u00fcnl\u00fck m\u00fcharib\u0259 d\u00f6vr\u00fcnd\u0259 d\u0259 davam etdirdiyin\u0259 dair kifay\u0259t q\u0259d\u0259r faktlar var:<\/p>\n<p>\u201cTehran rejimi m\u00fcharib\u0259nin getdiyi g\u00fcnl\u0259rd\u0259 he\u00e7 bir \u0259sas\u0131 olmayan \u201cregionda terror\u00e7ular var\u201d iddias\u0131n\u0131 g\u00fcnd\u0259m\u0259 g\u0259tirmi\u015fdi v\u0259 bununla \u0259slind\u0259 m\u00f6vqeyini b\u0259lli edirdi. M\u00fcharib\u0259d\u0259n sonra ortaya \u00e7\u0131xan faktlar is\u0259 g\u00f6st\u0259rdi ki, \u0130ran Erm\u0259nistana t\u0259kc\u0259 b\u0259yanatlarla deyil, praktiki add\u0131mlarla da d\u0259st\u0259k verib. Bunlardan biri Az\u0259rbaycan Ordusunun m\u00f6vqel\u0259ri haqq\u0131nda k\u0259\u015ffiyyat m\u0259lumatlar\u0131n\u0131n Erm\u0259nistan silahl\u0131 q\u00fcvv\u0259l\u0259rinin ba\u015f q\u0259rargah\u0131na \u00f6t\u00fcr\u00fclm\u0259si idi. \u0130ran m\u00fcharib\u0259nin ba\u015fland\u0131\u011f\u0131 ilk g\u00fcnl\u0259rd\u0259 Az\u0259rbaycanla s\u0259rh\u0259dd\u0259 x\u00fcsusi radar sisteml\u0259ri v\u0259 dinl\u0259m\u0259 stansiyalar\u0131 qurub. 80 n\u0259f\u0259r\u0259 yax\u0131n h\u0259rbi-texniki hey\u0259tin t\u0259msil olundu\u011fu bu m\u0259rk\u0259z Az\u0259rbaycan \u0259sg\u0259rl\u0259rinin h\u0259r\u0259k\u0259t trayektoriyas\u0131 v\u0259 m\u00f6vqel\u0259ri, d\u00f6y\u00fc\u015f t\u0259yyar\u0259l\u0259rinin hava h\u0259r\u0259k\u0259ti haqq\u0131nda m\u0259lumatlar toplay\u0131r, toplanan m\u0259lumatlar da erm\u0259nil\u0259r\u0259 g\u00f6nd\u0259rilirdi\u201d.<\/p>\n<p>Ekspert V\u0259t\u0259n m\u00fcharib\u0259sinin ilk g\u00fcnl\u0259rind\u0259n \u0130ran\u0131n Az\u0259rbaycanla s\u0259rh\u0259dd\u0259 h\u0259rbi q\u00fcvv\u0259l\u0259r toplad\u0131\u011f\u0131n\u0131 xat\u0131rlad\u0131b. O, m\u00fcharib\u0259 zaman\u0131 b\u0259zi m\u00f6vqel\u0259rd\u0259 probleml\u0259rin ya\u015fand\u0131\u011f\u0131ndan, el\u0259c\u0259 d\u0259 \u0259m\u0259liyyatlar\u0131n mane\u0259l\u0259rl\u0259 \u00fczl\u0259\u015fdiyind\u0259n s\u00f6z a\u00e7\u0131b:<\/p>\n<p>\u201cM\u0259lumdur ki, Ordumuzun \u00fczl\u0259\u015fdiyi probleml\u0259rin yaranmas\u0131n\u0131n s\u0259b\u0259bkarlar\u0131ndan biri d\u0259 \u0130ran\u0131n Erm\u0259nistana \u00f6t\u00fcrd\u00fcy\u00fc k\u0259\u015ffiyyat m\u0259lumatlar\u0131 olub. \u0130nformasiya t\u0259minat\u0131 il\u0259 yana\u015f\u0131, \u0130ran Erm\u0259nistana ba\u015fqa h\u0259rbi yard\u0131mlar da t\u0259klif edirdi. Misal \u00fc\u00e7\u00fcn, \u201cBayraktar\u201dlar\u0131n vurulmas\u0131na yard\u0131m bu t\u0259klifl\u0259rd\u0259n biridir. Lakin \u0130randa bel\u0259 bir sistem\u00a0olmad\u0131\u011f\u0131na g\u00f6r\u0259 buna nail ola bilm\u0259dil\u0259r. Bununla yana\u015f\u0131, \u0130ran\u0131n Az\u0259rbaycan\u0131n suveren \u0259razisin\u0259 daxil oldu\u011fu, Xudaf\u0259rin k\u00f6rp\u00fcs\u00fcn\u0259 bayra\u011f\u0131m\u0131z sanc\u0131landan sonra ordumuzun Z\u0259ngilan istiqam\u0259tind\u0259 h\u0259r\u0259k\u0259ti zaman\u0131 bu \u00f6lk\u0259nin \u0259sg\u0259rl\u0259ri il\u0259 \u00fcz-\u00fcz\u0259 g\u0259ldiyi fakt\u0131 da var. \u0130ran h\u0259rb\u00e7il\u0259ri bu add\u0131m\u0131 su anbar\u0131n\u0131n t\u0259hl\u00fck\u0259sizliyinin qorunmas\u0131 b\u0259han\u0259si il\u0259 izah edib, lakin \u0259sas m\u0259qs\u0259din Az\u0259rbaycan Ordusunun \u0259m\u0259liyyat \u015f\u0259raitin\u0259 mane\u0259l\u0259r yarad\u0131lmas\u0131 oldu\u011fu b\u0259llidir. \u0130ran \u0259sg\u0259rl\u0259ri r\u0259smi Bak\u0131n\u0131n diplomatik kanallarla etiraz\u0131ndan sonra geri \u00e7\u0259kilibl\u0259r. M\u00fcharib\u0259nin ilk g\u00fcnl\u0259rind\u0259n \u0130ran Az\u0259rbaycanla s\u0259rh\u0259dd\u0259 h\u0259rbi q\u00fcvv\u0259l\u0259r toplam\u0131\u015fd\u0131. Bunu d\u00f6y\u00fc\u015f \u0259m\u0259liyyat\u0131n\u0131n \u0130ran \u0259razisin\u0259 ke\u00e7m\u0259si t\u0259hl\u00fck\u0259sin\u0259 qar\u015f\u0131 t\u0259dbir kimi \u0259sasland\u0131r\u0131rd\u0131lar, h\u0259r\u00e7\u0259nd Erm\u0259nistana verdikl\u0259ri h\u0259rbi yard\u0131mlar fonunda istisna deyil ki, Tehran rejiminin bu add\u0131m\u0131 da Az\u0259rbaycan Ordusuna qar\u015f\u0131 y\u00f6n\u0259lmi\u015fdi. B\u00fct\u00fcn bunlar ictimaiyy\u0259t\u0259 m\u0259lum olan faktlard\u0131r, lakin \u0130ran\u0131n Erm\u0259nistana h\u0259rbi d\u0259st\u0259yinin bildiyimizd\u0259n daha b\u00f6y\u00fck oldu\u011fu istisna deyil\u201d.<\/p>\n<p><img src=\"https:\/\/cdn.oxu.az\/uploads\/W1siZiIsIjIwMjIvMTEvMTkvMTQvNDgvNTcvMjYxMjQ5ZjQtYzhmZi00MGZhLWExODAtNDAzMjI5ZmQxOGNkL2U5ZDA0NjgzLWRjOTItMzEzNC05NTFjLTNmMTI4YmZjNGNhOC5qcGciXSxbInAiLCJlbmNvZGUiLCJqcGciLCItcXVhbGl0eSA4MCJdLFsicCIsInRodW1iIiwiNTkweDU5MFx1MDAzZSJdXQ?sha=b8a3891d90caf15c\" alt=\"\" \/><br \/>\nA.N\u0259rimanl\u0131 vur\u011fulay\u0131b ki, eyni d\u0259st\u0259k m\u00fcharib\u0259d\u0259n sonra da h\u0259m h\u0259rbi, h\u0259m iqtisadi sferada davam etdirildi v\u0259 yard\u0131mlar t\u0259kc\u0259 Erm\u0259nistana yox, h\u0259m d\u0259 Qaraba\u011fda qalan separat\u00e7\u0131-terror\u00e7u rejim\u0259 g\u00f6nd\u0259rilirdi:<\/p>\n<p>\u201c\u0130ran TIR-lar\u0131n\u0131n Xank\u0259ndiy\u0259 yanacaq da\u015f\u0131d\u0131\u011f\u0131 fakt\u0131 m\u0259lumdur. \u0130randan y\u00fczl\u0259rl\u0259 y\u00fck ma\u015f\u0131n\u0131 Erm\u0259nistana gedir, orada da qanunsuz yolla Xank\u0259ndiy\u0259 ke\u00e7irdil\u0259r. Y\u00fck ma\u015f\u0131nlar\u0131nda yanacaq da\u015f\u0131nd\u0131\u011f\u0131n\u0131 bilirik, lakin istisna deyil ki, y\u00fckl\u0259r t\u0259kc\u0259 yanacaq yox, h\u0259m d\u0259 ki\u00e7ik\u00e7apl\u0131 silahlar v\u0259 h\u0259rbi t\u0259chizat olub. Bu fikri \u0130ran\u0131n y\u00fck ma\u015f\u0131nlar\u0131n\u0131n Xank\u0259ndiy\u0259 intensiv s\u0259f\u0259ri d\u0259 g\u00fccl\u0259ndirirdi. \u0130ran t\u0259r\u0259fi \u0259vv\u0259lc\u0259 bunlar\u0131 t\u0259kzib edirdi, lakin faktlar ortaya \u00e7\u0131xd\u0131qdan sonra gizli yola \u0259l atd\u0131lar. Bel\u0259 ki, \u0130randan y\u00fck ma\u015f\u0131nlar\u0131 Erm\u0259nistana gedir, daha sonra d\u00f6vl\u0259t n\u00f6mr\u0259 ni\u015fanlar\u0131n\u0131 d\u0259yi\u015fdir\u0259r\u0259k Xank\u0259ndiy\u0259 daxil olurdular. Az\u0259rbaycan\u0131n Gorus-Qafan yolunda iranl\u0131 s\u00fcr\u00fcc\u00fcl\u0259rd\u0259n Xank\u0259ndiy\u0259 y\u00fck da\u015f\u0131nmas\u0131na dair r\u0259smi s\u0259n\u0259di a\u015fkarlamas\u0131ndan sonra Tehran rejimi fakt qar\u015f\u0131s\u0131nda qald\u0131. Bu g\u00fcn bel\u0259 Erm\u0259nistandan Xank\u0259ndiy\u0259 \u201chumanitar yard\u0131m\u201d ad\u0131 il\u0259 apar\u0131lan y\u00fckl\u0259r aras\u0131nda \u0130ran\u0131n pay\u0131n\u0131n olmad\u0131\u011f\u0131na he\u00e7 kim z\u0259man\u0259t ver\u0259 bilm\u0259z. \u0130ran Erm\u0259nistana ist\u0259r h\u0259rbi, ist\u0259rs\u0259 dig\u0259r istiqam\u0259tl\u0259rd\u0259 d\u0259st\u0259yini bu g\u00fcn d\u0259 davam etdirir v\u0259 daha a\u00e7\u0131q \u015f\u0259kild\u0259. \u00d6z\u00fcn\u00fc \u0130slam Respublikas\u0131 adland\u0131ran bu \u00f6lk\u0259 art\u0131q se\u00e7imini \u0130slam d\u0259y\u0259rl\u0259rini t\u0259hqir ed\u0259n Erm\u0259nistandan yana edib, bunu daha gizl\u0259tmirl\u0259r d\u0259. \u018fslind\u0259, b\u00fct\u00fcn bu yard\u0131mlar, veril\u0259n d\u0259st\u0259kl\u0259r \u0130ran\u0131n son 30 ild\u0259 h\u0259yata ke\u00e7irdiyi siyas\u0259tin daha a\u00e7\u0131q m\u00fcst\u0259viy\u0259 ke\u00e7m\u0259sidir\u201d.<\/p>\n","protected":false},"excerpt":{"rendered":"<p>\u201c\u0130ran\u0131n y\u00fck ma\u015f\u0131nlar\u0131 Xank\u0259ndiy\u0259 silah-sursat v\u0259 yanacaq da\u015f\u0131y\u0131b\u201d. Bunu \u201cReport\u201da a\u00e7\u0131qlamas\u0131nda siyasi \u015f\u0259rh\u00e7i Asif N\u0259rimanl\u0131 deyib. Onun s\u00f6zl\u0259rin\u0259 g\u00f6r\u0259, \u0130ran\u0131n Qaraba\u011f m\u00fcnaqi\u015f\u0259sinin m\u00f6vcud oldu\u011fu 30 il\u0259 yax\u0131n d\u00f6vrd\u0259 Erm\u0259nistan\u0131n i\u015f\u011fal\u00e7\u0131l\u0131q siyas\u0259tin\u0259 verdiyi d\u0259st\u0259yini 44 g\u00fcnl\u00fck m\u00fcharib\u0259 d\u00f6vr\u00fcnd\u0259 d\u0259 davam etdirdiyin\u0259 dair kifay\u0259t q\u0259d\u0259r faktlar var: \u201cTehran rejimi m\u00fcharib\u0259nin getdiyi g\u00fcnl\u0259rd\u0259 he\u00e7 bir \u0259sas\u0131 olmayan \u201cregionda terror\u00e7ular var\u201d iddias\u0131n\u0131 g\u00fcnd\u0259m\u0259 g\u0259tirmi\u015fdi v\u0259 bununla \u0259slind\u0259 m\u00f6vqeyini b\u0259lli edirdi. M\u00fcharib\u0259d\u0259n sonra ortaya \u00e7\u0131xan faktlar is\u0259 g\u00f6st\u0259rdi ki, \u0130ran Erm\u0259nistana t\u0259kc\u0259 b\u0259yanatlarla deyil, praktiki add\u0131mlarla da d\u0259st\u0259k verib. Bunlardan biri Az\u0259rbaycan Ordusunun m\u00f6vqel\u0259ri haqq\u0131nda&hellip;<\/p>\n","protected":false},"author":2,"featured_media":536464,"comment_status":"closed","ping_status":"closed","sticky":false,"template":"","format":"standard","meta":{"om_disable_all_campaigns":false,"_monsterinsights_skip_tracking":false,"_monsterinsights_sitenote_active":false,"_monsterinsights_sitenote_note":"","_monsterinsights_sitenote_category":0},"categories":[4],"tags":[],"aioseo_notices":[],"gutentor_comment":0,"rttpg_featured_image_url":{"full":["https:\/\/arantv.az\/wp-content\/uploads\/2022\/11\/2dbe8a5f-c8e2-3a25-b30a-6b63fe65fb75_850.jpg",620,413,false],"landscape":["https:\/\/arantv.az\/wp-content\/uploads\/2022\/11\/2dbe8a5f-c8e2-3a25-b30a-6b63fe65fb75_850.jpg",620,413,false],"portraits":["https:\/\/arantv.az\/wp-content\/uploads\/2022\/11\/2dbe8a5f-c8e2-3a25-b30a-6b63fe65fb75_850.jpg",620,413,false],"thumbnail":["https:\/\/arantv.az\/wp-content\/uploads\/2022\/11\/2dbe8a5f-c8e2-3a25-b30a-6b63fe65fb75_850-500x280.jpg",500,280,true],"medium":["https:\/\/arantv.az\/wp-content\/uploads\/2022\/11\/2dbe8a5f-c8e2-3a25-b30a-6b63fe65fb75_850-548x365.jpg",548,365,true],"large":["https:\/\/arantv.az\/wp-content\/uploads\/2022\/11\/2dbe8a5f-c8e2-3a25-b30a-6b63fe65fb75_850.jpg",620,413,false],"1536x1536":["https:\/\/arantv.az\/wp-content\/uploads\/2022\/11\/2dbe8a5f-c8e2-3a25-b30a-6b63fe65fb75_850.jpg",620,413,false],"2048x2048":["https:\/\/arantv.az\/wp-content\/uploads\/2022\/11\/2dbe8a5f-c8e2-3a25-b30a-6b63fe65fb75_850.jpg",620,413,false],"post-thumbnail":["https:\/\/arantv.az\/wp-content\/uploads\/2022\/11\/2dbe8a5f-c8e2-3a25-b30a-6b63fe65fb75_850-240x172.jpg",240,172,true],"advps-thumb-one":["https:\/\/arantv.az\/wp-content\/uploads\/2022\/11\/2dbe8a5f-c8e2-3a25-b30a-6b63fe65fb75_850.jpg",620,413,false]},"rttpg_author":{"display_name":"V\u00fcsal Rafiqo\u011flu","author_link":"https:\/\/arantv.az\/?author=2"},"rttpg_comment":0,"rttpg_category":"<a href=\"https:\/\/arantv.az\/?cat=4\" rel=\"category\">Siyas\u0259t<\/a>","rttpg_excerpt":"\u201c\u0130ran\u0131n y\u00fck ma\u015f\u0131nlar\u0131 Xank\u0259ndiy\u0259 silah-sursat v\u0259 yanacaq da\u015f\u0131y\u0131b\u201d. Bunu \u201cReport\u201da a\u00e7\u0131qlamas\u0131nda siyasi \u015f\u0259rh\u00e7i Asif N\u0259rimanl\u0131 deyib. Onun s\u00f6zl\u0259rin\u0259 g\u00f6r\u0259, \u0130ran\u0131n Qaraba\u011f m\u00fcnaqi\u015f\u0259sinin m\u00f6vcud oldu\u011fu 30 il\u0259 yax\u0131n d\u00f6vrd\u0259 Erm\u0259nistan\u0131n i\u015f\u011fal\u00e7\u0131l\u0131q siyas\u0259tin\u0259 verdiyi d\u0259st\u0259yini 44 g\u00fcnl\u00fck m\u00fcharib\u0259 d\u00f6vr\u00fcnd\u0259 d\u0259 davam etdirdiyin\u0259 dair kifay\u0259t q\u0259d\u0259r faktlar var: \u201cTehran rejimi m\u00fcharib\u0259nin getdiyi g\u00fcnl\u0259rd\u0259 he\u00e7 bir \u0259sas\u0131 olmayan \u201cregionda&hellip;","_links":{"self":[{"href":"https:\/\/arantv.az\/index.php?rest_route=\/wp\/v2\/posts\/536463"}],"collection":[{"href":"https:\/\/arantv.az\/index.php?rest_route=\/wp\/v2\/posts"}],"about":[{"href":"https:\/\/arantv.az\/index.php?rest_route=\/wp\/v2\/types\/post"}],"author":[{"embeddable":true,"href":"https:\/\/arantv.az\/index.php?rest_route=\/wp\/v2\/users\/2"}],"replies":[{"embeddable":true,"href":"https:\/\/arantv.az\/index.php?rest_route=%2Fwp%2Fv2%2Fcomments&post=536463"}],"version-history":[{"count":0,"href":"https:\/\/arantv.az\/index.php?rest_route=\/wp\/v2\/posts\/536463\/revisions"}],"wp:featuredmedia":[{"embeddable":true,"href":"https:\/\/arantv.az\/index.php?rest_route=\/wp\/v2\/media\/536464"}],"wp:attachment":[{"href":"https:\/\/arantv.az\/index.php?rest_route=%2Fwp%2Fv2%2Fmedia&parent=536463"}],"wp:term":[{"taxonomy":"category","embeddable":true,"href":"https:\/\/arantv.az\/index.php?rest_route=%2Fwp%2Fv2%2Fcategories&post=536463"},{"taxonomy":"post_tag","embeddable":true,"href":"https:\/\/arantv.az\/index.php?rest_route=%2Fwp%2Fv2%2Ftags&post=536463"}],"curies":[{"name":"wp","href":"https:\/\/api.w.org\/{rel}","templated":true}]}}