{"id":536474,"date":"2022-11-19T14:53:22","date_gmt":"2022-11-19T11:53:22","guid":{"rendered":"https:\/\/arantv.az\/?p=536474"},"modified":"2022-11-19T14:53:22","modified_gmt":"2022-11-19T11:53:22","slug":"kanadanin-thej-ca-portalinda-fransa-senatinin-%c9%99dal%c9%99tsiz-q%c9%99rarini-pisl%c9%99y%c9%99n-m%c9%99qal%c9%99-d%c9%99rc-olunub","status":"publish","type":"post","link":"https:\/\/arantv.az\/?p=536474","title":{"rendered":"Kanadan\u0131n \u201cThej.ca\u201d portal\u0131nda Fransa Senat\u0131n\u0131n \u0259dal\u0259tsiz q\u0259rar\u0131n\u0131 pisl\u0259y\u0259n m\u0259qal\u0259 d\u0259rc olunub"},"content":{"rendered":"<p>Kanadan\u0131n n\u00fcfuzlu \u201cThej.ca\u201d y\u0259hudi media platformas\u0131nda \u201cFransa Az\u0259rbaycana deyil, \u0130rana qar\u015f\u0131 sanksiyalar t\u0259tbiq etm\u0259lidir\u201d s\u0259rl\u00f6vh\u0259li m\u0259qal\u0259 d\u0259rc olunub.<\/p>\n<p>AZ\u018fRTAC\u00a0x\u0259b\u0259r verir ki, tan\u0131nm\u0131\u015f israilli politoloq v\u0259 jurnalist, Dona Qrasiya Diplomatiya M\u0259rk\u0259zinin t\u0259sis\u00e7isi v\u0259 ba\u015f direktoru Rey\u00e7el Avraham\u0131n q\u0259l\u0259m\u0259 ald\u0131\u011f\u0131 m\u0259qal\u0259d\u0259 Fransa Senat\u0131n\u0131n Az\u0259rbaycana qar\u015f\u0131 q\u0259bul etdiyi m\u0259lum s\u0259n\u0259dl\u0259 ba\u011fl\u0131 rusiyal\u0131 analitik \u0130qor Korot\u00e7enkonun Fransa Senat\u0131n\u0131n ad\u0131n\u0131n d\u0259yi\u015fdiril\u0259r\u0259k Fransa Erm\u0259ni Diasporu Senat\u0131 adland\u0131r\u0131lmas\u0131n\u0131n z\u0259ruriliyin\u0259 dair fikirl\u0259ri yer al\u0131b: \u201cPulun qoxusu olmur. G\u00f6r\u00fcn\u00fcr, s\u0259s ver\u0259n senatorlar\u0131n h\u0259r biri bu tezisi r\u0259hb\u0259r tutub. Bildiyiniz kimi, Fransada h\u0259tta eks-prezidentl\u0259r d\u0259 erm\u0259ni milyarderl\u0259r\u0259 m\u0259sl\u0259h\u0259t\u00e7i i\u015fl\u0259yirl\u0259r. Sarkozinin n\u00fcmun\u0259sin\u0259 bax\u0131n. O, prezident kimi Liviyadan r\u00fc\u015fv\u0259t al\u0131b. B\u0259s Makron?\u201d<\/p>\n<div class=\"AdviadNativeVideo\"><\/div>\n<p>M\u0259qal\u0259d\u0259 \u201cEv Kils\u0259si H\u0259r\u0259kat\u0131\u201dn\u0131n iranl\u0131 xristian lideri, ke\u015fi\u015f S\u0259id Abedin\u0259 d\u0259 istinad edilib: \u201cM\u0259n \u0130randa insan haqlar\u0131n\u0131n v\u0259ziyy\u0259ti il\u0259 ba\u011fl\u0131 Q\u0259rbin y\u00fcr\u00fctd\u00fcy\u00fc siyas\u0259td\u0259n \u00e7ox m\u0259yus oldum. \u00d6t\u0259n il inqilaba \u00e7evril\u0259n qanl\u0131 k\u00fc\u00e7\u0259 etirazlar\u0131nda 2000-d\u0259n \u00e7ox insan \u00fcr\u0259yind\u0259n v\u0259 ba\u015f\u0131ndan g\u00fcll\u0259l\u0259ndi. Onlar \u0259sas\u0259n azya\u015fl\u0131lar v\u0259 bakir\u0259 q\u0131zlar idi. 20 mind\u0259n \u00e7ox insan, o c\u00fcml\u0259d\u0259n \u0259mim o\u011flu M\u0259h\u0259mm\u0259d v\u0259 Nazarin h\u0259bs olunub, onlar\u0131n ham\u0131s\u0131 d\u0259h\u015f\u0259tli fiziki, emosional v\u0259 cinsi i\u015fg\u0259nc\u0259l\u0259r\u0259 m\u0259ruz qal\u0131b. Onlardan b\u0259zil\u0259ri haqq\u0131nda \u00f6l\u00fcm h\u00f6km\u00fc bu m\u0259qal\u0259ni oxudu\u011funuz vaxta q\u0259d\u0259r art\u0131q yerin\u0259 yetiril\u0259c\u0259k. Dig\u0259rl\u0259ri h\u0259ft\u0259l\u0259rl\u0259 t\u0259cav\u00fcz\u0259 m\u0259ruz qal\u0131blar. Lakin Q\u0259rb bunu \u015fifahi \u015f\u0259kild\u0259 pisl\u0259s\u0259 d\u0259, he\u00e7 vaxt t\u0259dbir g\u00f6rm\u00fcr\u201d.<\/p>\n<p>\u0130srailli politoloq, h\u0259m\u00e7inin qeyd edib ki, Avropan\u0131n Ukraynadak\u0131 m\u00fcharib\u0259nin yaratd\u0131\u011f\u0131 qaz \u00e7at\u0131\u015fmazl\u0131\u011f\u0131n\u0131 h\u0259ll etm\u0259li oldu\u011fu, Az\u0259rbaycan qaz\u0131n\u0131n v\u0259 neftinin bu problemin h\u0259lli \u00fc\u00e7\u00fcn \u0259lveri\u015fli variant oldu\u011fu bir vaxtda Fransa Senat\u0131 pl\u00fcralizm\u0259, multikulturalizm\u0259 v\u0259 qad\u0131n h\u00fcquqlar\u0131na d\u0259y\u0259r ver\u0259n Az\u0259rbaycana deyil, n\u00fcv\u0259 proqram\u0131n\u0131 realla\u015fd\u0131ran v\u0259 m\u00fcnt\u0259z\u0259m olaraq \u201cAmerikaya \u00f6l\u00fcm\u201d v\u0259 \u201c\u0130srail\u0259 \u00f6l\u00fcm\u201d \u015f\u00fcarlar\u0131 s\u0259sl\u0259ndir\u0259n \u0130rana qar\u015f\u0131 \u0259lav\u0259 sanksiyalar\u0131n t\u0259tbiqin\u0259 s\u0259s verm\u0259li idi. M\u0259qal\u0259d\u0259 Fransa parlamentinin qad\u0131nlar\u0131n frans\u0131z d\u0259y\u0259ri olan Q\u0259rb libas\u0131 geym\u0259k h\u00fcququ t\u0259l\u0259b etdikl\u0259ri \u00fc\u00e7\u00fcn \u00f6ld\u00fcr\u00fcld\u00fcy\u00fc, insan haqlar\u0131n\u0131n v\u0259ziyy\u0259tinin h\u0259r g\u00fcn pisl\u0259\u015fdiyi \u0130rana qar\u015f\u0131 t\u0259dbir g\u00f6rm\u0259k \u0259v\u0259zin\u0259, qad\u0131nlar\u0131n ist\u0259dikl\u0259ri kimi geyinm\u0259kd\u0259 azad oldu\u011fu bir \u00f6lk\u0259 olan Az\u0259rbaycana sanksiya t\u0259tbiq etm\u0259k q\u0259rar\u0131n\u0131n \u0259sasl\u0131 etiraz do\u011furdu\u011fu vur\u011fulan\u0131b.<\/p>\n<p>M\u00fcxt\u0259lif fikirl\u0259rin yer ald\u0131\u011f\u0131 m\u0259qal\u0259d\u0259 yekun q\u0259na\u0259t\u0259 g\u0259linib ki, Fransa Az\u0259rbaycan kimi s\u00fclhsev\u0259r bir \u00f6lk\u0259ni t\u0259qib etm\u0259k \u0259v\u0259zin\u0259, b\u00fct\u00fcn s\u0259yl\u0259rini \u0130ran \u0130slam Respublikas\u0131na qar\u015f\u0131 y\u00f6n\u0259ltm\u0259lidir. D\u00fcnya Tehrandak\u0131 mollalara qar\u015f\u0131 birl\u0259\u015fm\u0259li, Az\u0259rbaycan\u0131 v\u0259 bu d\u0259h\u015f\u0259tli rejim\u0259 qar\u015f\u0131 m\u00fcbariz\u0259nin \u00f6n\u00fcnd\u0259 ged\u0259n dig\u0259r \u00f6lk\u0259l\u0259ri g\u00fccl\u0259ndirm\u0259li, onlar\u0131 z\u0259ifl\u0259tm\u0259m\u0259lidir. M\u00fc\u0259llif, h\u0259m\u00e7inin Fransa Senat\u0131n\u0131n q\u0259bul etdiyi q\u0259tnam\u0259y\u0259 erm\u0259ni diasporunun Fransan\u0131n milli maraqlar\u0131na vurdu\u011fu z\u0259r\u0259r kimi x\u00fcsusi diqq\u0259t yetirilm\u0259sinin vacibliyini vur\u011fulay\u0131b.<\/p>\n<p>M\u0259qal\u0259ni \u0259trafl\u0131 a\u015fa\u011f\u0131dak\u0131 linkd\u0259n oxumaq m\u00fcmk\u00fcnd\u00fcr:\u00a0<a href=\"https:\/\/www.thej.ca\/2022\/11\/16\/france-should-apply-sanctions-on-iran-not-azerbaijan\/\" target=\"_blank\" rel=\"noopener\">https:\/\/www.thej.ca\/2022\/11\/16\/france-should-apply-sanctions-on-iran-not-azerbaijan\/<\/a><\/p>\n","protected":false},"excerpt":{"rendered":"<p>Kanadan\u0131n n\u00fcfuzlu \u201cThej.ca\u201d y\u0259hudi media platformas\u0131nda \u201cFransa Az\u0259rbaycana deyil, \u0130rana qar\u015f\u0131 sanksiyalar t\u0259tbiq etm\u0259lidir\u201d s\u0259rl\u00f6vh\u0259li m\u0259qal\u0259 d\u0259rc olunub. AZ\u018fRTAC\u00a0x\u0259b\u0259r verir ki, tan\u0131nm\u0131\u015f israilli politoloq v\u0259 jurnalist, Dona Qrasiya Diplomatiya M\u0259rk\u0259zinin t\u0259sis\u00e7isi v\u0259 ba\u015f direktoru Rey\u00e7el Avraham\u0131n q\u0259l\u0259m\u0259 ald\u0131\u011f\u0131 m\u0259qal\u0259d\u0259 Fransa Senat\u0131n\u0131n Az\u0259rbaycana qar\u015f\u0131 q\u0259bul etdiyi m\u0259lum s\u0259n\u0259dl\u0259 ba\u011fl\u0131 rusiyal\u0131 analitik \u0130qor Korot\u00e7enkonun Fransa Senat\u0131n\u0131n ad\u0131n\u0131n d\u0259yi\u015fdiril\u0259r\u0259k Fransa Erm\u0259ni Diasporu Senat\u0131 adland\u0131r\u0131lmas\u0131n\u0131n z\u0259ruriliyin\u0259 dair fikirl\u0259ri yer al\u0131b: \u201cPulun qoxusu olmur. G\u00f6r\u00fcn\u00fcr, s\u0259s ver\u0259n senatorlar\u0131n h\u0259r biri bu tezisi r\u0259hb\u0259r tutub. Bildiyiniz kimi, Fransada h\u0259tta eks-prezidentl\u0259r d\u0259 erm\u0259ni milyarderl\u0259r\u0259 m\u0259sl\u0259h\u0259t\u00e7i i\u015fl\u0259yirl\u0259r. Sarkozinin&hellip;<\/p>\n","protected":false},"author":2,"featured_media":536475,"comment_status":"closed","ping_status":"closed","sticky":false,"template":"","format":"standard","meta":{"om_disable_all_campaigns":false,"_monsterinsights_skip_tracking":false,"_monsterinsights_sitenote_active":false,"_monsterinsights_sitenote_note":"","_monsterinsights_sitenote_category":0},"categories":[4],"tags":[],"aioseo_notices":[],"gutentor_comment":0,"rttpg_featured_image_url":{"full":["https:\/\/arantv.az\/wp-content\/uploads\/2022\/11\/FotoJet-1-12.jpg",620,413,false],"landscape":["https:\/\/arantv.az\/wp-content\/uploads\/2022\/11\/FotoJet-1-12.jpg",620,413,false],"portraits":["https:\/\/arantv.az\/wp-content\/uploads\/2022\/11\/FotoJet-1-12.jpg",620,413,false],"thumbnail":["https:\/\/arantv.az\/wp-content\/uploads\/2022\/11\/FotoJet-1-12-500x280.jpg",500,280,true],"medium":["https:\/\/arantv.az\/wp-content\/uploads\/2022\/11\/FotoJet-1-12-548x365.jpg",548,365,true],"large":["https:\/\/arantv.az\/wp-content\/uploads\/2022\/11\/FotoJet-1-12.jpg",620,413,false],"1536x1536":["https:\/\/arantv.az\/wp-content\/uploads\/2022\/11\/FotoJet-1-12.jpg",620,413,false],"2048x2048":["https:\/\/arantv.az\/wp-content\/uploads\/2022\/11\/FotoJet-1-12.jpg",620,413,false],"post-thumbnail":["https:\/\/arantv.az\/wp-content\/uploads\/2022\/11\/FotoJet-1-12-240x172.jpg",240,172,true],"advps-thumb-one":["https:\/\/arantv.az\/wp-content\/uploads\/2022\/11\/FotoJet-1-12.jpg",620,413,false]},"rttpg_author":{"display_name":"V\u00fcsal Rafiqo\u011flu","author_link":"https:\/\/arantv.az\/?author=2"},"rttpg_comment":0,"rttpg_category":"<a href=\"https:\/\/arantv.az\/?cat=4\" rel=\"category\">Siyas\u0259t<\/a>","rttpg_excerpt":"Kanadan\u0131n n\u00fcfuzlu \u201cThej.ca\u201d y\u0259hudi media platformas\u0131nda \u201cFransa Az\u0259rbaycana deyil, \u0130rana qar\u015f\u0131 sanksiyalar t\u0259tbiq etm\u0259lidir\u201d s\u0259rl\u00f6vh\u0259li m\u0259qal\u0259 d\u0259rc olunub. AZ\u018fRTAC\u00a0x\u0259b\u0259r verir ki, tan\u0131nm\u0131\u015f israilli politoloq v\u0259 jurnalist, Dona Qrasiya Diplomatiya M\u0259rk\u0259zinin t\u0259sis\u00e7isi v\u0259 ba\u015f direktoru Rey\u00e7el Avraham\u0131n q\u0259l\u0259m\u0259 ald\u0131\u011f\u0131 m\u0259qal\u0259d\u0259 Fransa Senat\u0131n\u0131n Az\u0259rbaycana qar\u015f\u0131 q\u0259bul etdiyi m\u0259lum s\u0259n\u0259dl\u0259 ba\u011fl\u0131 rusiyal\u0131 analitik \u0130qor Korot\u00e7enkonun Fransa Senat\u0131n\u0131n ad\u0131n\u0131n&hellip;","_links":{"self":[{"href":"https:\/\/arantv.az\/index.php?rest_route=\/wp\/v2\/posts\/536474"}],"collection":[{"href":"https:\/\/arantv.az\/index.php?rest_route=\/wp\/v2\/posts"}],"about":[{"href":"https:\/\/arantv.az\/index.php?rest_route=\/wp\/v2\/types\/post"}],"author":[{"embeddable":true,"href":"https:\/\/arantv.az\/index.php?rest_route=\/wp\/v2\/users\/2"}],"replies":[{"embeddable":true,"href":"https:\/\/arantv.az\/index.php?rest_route=%2Fwp%2Fv2%2Fcomments&post=536474"}],"version-history":[{"count":0,"href":"https:\/\/arantv.az\/index.php?rest_route=\/wp\/v2\/posts\/536474\/revisions"}],"wp:featuredmedia":[{"embeddable":true,"href":"https:\/\/arantv.az\/index.php?rest_route=\/wp\/v2\/media\/536475"}],"wp:attachment":[{"href":"https:\/\/arantv.az\/index.php?rest_route=%2Fwp%2Fv2%2Fmedia&parent=536474"}],"wp:term":[{"taxonomy":"category","embeddable":true,"href":"https:\/\/arantv.az\/index.php?rest_route=%2Fwp%2Fv2%2Fcategories&post=536474"},{"taxonomy":"post_tag","embeddable":true,"href":"https:\/\/arantv.az\/index.php?rest_route=%2Fwp%2Fv2%2Ftags&post=536474"}],"curies":[{"name":"wp","href":"https:\/\/api.w.org\/{rel}","templated":true}]}}