{"id":536478,"date":"2022-11-19T14:54:18","date_gmt":"2022-11-19T11:54:18","guid":{"rendered":"https:\/\/arantv.az\/?p=536478"},"modified":"2022-11-19T14:54:18","modified_gmt":"2022-11-19T11:54:18","slug":"mollani-%c9%99mmam%c9%99l%c9%99m%c9%99limi-%c9%99mmam%c9%99l%c9%99m%c9%99m%c9%99limi-t%c9%99hlil-foto","status":"publish","type":"post","link":"https:\/\/arantv.az\/?p=536478","title":{"rendered":"Mollan\u0131 \u0259mmam\u0259l\u0259m\u0259limi, \u0259mmam\u0259l\u0259m\u0259m\u0259limi? &#8211; T\u018fHL\u0130L + FOTO"},"content":{"rendered":"<p>\u0130randa iki aydan art\u0131qd\u0131r davam ed\u0259n antih\u00f6kum\u0259t etirazlar\u0131 qism\u0259n s\u0259ngis\u0259 d\u0259, g\u0259rginlik qalmaqdad\u0131r. Art\u0131q \u00f6lk\u0259nin 129 \u015f\u0259h\u0259rind\u0259 ke\u00e7iril\u0259n etirazlarda 400-\u0259 yax\u0131n insan \u00f6l\u00fcb, 14 mind\u0259n \u00e7ox insan h\u0259bs edilib. Hakimiyy\u0259t etiraz\u00e7\u0131lara qar\u015f\u0131 \u0259n repressiv add\u0131mlar atmaqla onlar\u0131 qorxutma\u011fa \u00e7al\u0131\u015fsa da, naraz\u0131 xalq geri \u00e7\u0259kil\u0259n\u0259 ox\u015fam\u0131r. Molla rejimi etiraf etm\u0259s\u0259 d\u0259, bu aksiya son 40 ilin \u0259n irimiqyasl\u0131 etiraz\u0131 kimi tarix\u0259 d\u00fc\u015f\u0259c\u0259k. K\u00fctl\u0259vi \u00e7\u0131x\u0131\u015flar 1979-cu il islam inqilab\u0131ndan b\u0259ri h\u00f6kum\u0259tin \u00fczl\u0259\u015fdiyi \u0259n ciddi hadis\u0259dir.<\/p>\n<p>Bud\u0259f\u0259ki etiraz bir \u00e7ox x\u00fcsusiyy\u0259tl\u0259ri il\u0259 f\u0259rql\u0259nir. \u00d6lk\u0259d\u0259 din xadiml\u0259rin\u0259 qar\u015f\u0131 nifr\u0259t pik h\u0259dd\u0259 \u00e7at\u0131b, onlara \u00e7ox s\u0259rt \u015f\u0259kild\u0259 etirazlar bildirilir, s\u00f6y\u00fcl\u00fcr, d\u00f6y\u00fcl\u00fcr, t\u0259hqir olunurlar. Art\u0131q din xadiml\u0259ri \u0259mmam\u0259l\u0259rl\u0259 k\u00fc\u00e7\u0259y\u0259 \u00e7\u0131xma\u011fa bel\u0259 qorxurlar. Rejimin bel s\u00fctunu olan mollalar art\u0131q xalqa t\u0259sir etm\u0259k imkan\u0131n\u0131 itirirl\u0259r.<\/p>\n<div class=\"AdviadNativeVideo\"><\/div>\n<p>Ali dini liderin, dig\u0259r n\u00fcfuzlu \u015f\u0259xsl\u0259rin \u015f\u0259kill\u0259ri yand\u0131r\u0131l\u0131r. \u0130ri \u015f\u0259h\u0259rl\u0259rl\u0259, universitetl\u0259rl\u0259 yana\u015f\u0131, q\u0259biristanl\u0131qlar haz\u0131rda \u0130randa \u0259n b\u00f6y\u00fck etiraz m\u0259kan\u0131na \u00e7evrilib.<\/p>\n<p><img src=\"https:\/\/cdn.oxu.az\/uploads\/W1siZiIsIjIwMjIvMTEvMTkvMTIvMDgvMjQvMmQ5NjVlNWItZGJmOS00YmQwLTlhNWUtNGI5YmJjODk3NGQwL2xuTGRSaW1ib29TejVxR2Nxalp1Ymt5aDhWYXVseTVMRGs5RTE0UVIuanBnIl0sWyJwIiwiZW5jb2RlIiwianBnIiwiLXF1YWxpdHkgODAiXSxbInAiLCJ0aHVtYiIsIjU5MHg1OTBcdTAwM2UiXV0?sha=568eb2a740f4a650\" alt=\"\" \/><\/p>\n<p>M\u00f6vzu il\u0259 ba\u011fl\u0131<a href=\"https:\/\/kaspi.az\/mollani-emmamelemelimi-emmamelememelimi\" target=\"_blank\" rel=\"noopener\"><strong>\u00a0\u201cKaspi\u201d<\/strong><\/a>\u00a0q\u0259zetinin yaz\u0131s\u0131n\u0131 t\u0259qdim edirik:<\/p>\n<p><strong>\u0130nsanlar t\u0259hdid edilir<\/strong><\/p>\n<p>\u018fn d\u0259h\u015f\u0259tlisi odur ki, etiraz\u00e7\u0131lara qar\u015f\u0131 repressiv add\u0131mlar\u0131 art\u0131ran hakimiyy\u0259t onlar\u0131n ail\u0259l\u0259rini \u00f6vladlar\u0131n\u0131n guya \u00fcr\u0259k tutmas\u0131ndan, insultdan v\u0259 ya intihardan \u00f6ld\u00fcy\u00fcn\u00fc etiraf etm\u0259yi t\u0259l\u0259b edir. Evl\u0259rind\u0259n, m\u0259kt\u0259bl\u0259rind\u0259n v\u0259 yataqxanalar\u0131ndan qa\u00e7\u0131r\u0131lan f\u0259allar, qad\u0131n h\u00fcquqlar\u0131 m\u00fcdafi\u0259\u00e7il\u0259ri, musiqi\u00e7il\u0259r, m\u0259kt\u0259bli q\u0131zlar v\u0259 t\u0259l\u0259b\u0259l\u0259r indi h\u0259tta \u00f6l\u00fcm h\u00f6km\u00fcnd\u0259n qorxma\u011fa m\u0259cburdurlar. \u201cBeyn\u0259lxalq al\u0259m bilm\u0259lidir ki, \u0130randa \u015f\u0259rin g\u00fcc\u00fc iqtidardad\u0131r, lakin xalq\u0131n c\u0259sar\u0259ti onlar\u0131n terrorundan g\u00fccl\u00fcd\u00fcr\u201d, &#8211; dey\u0259 etiraz\u00e7\u0131lardan biri bildirib.<\/p>\n<p><img src=\"https:\/\/cdn.oxu.az\/uploads\/W1siZiIsIjIwMjIvMTEvMTkvMTIvMDgvMjQvZDUwMDBkMDQtOWM1YS00ZGFmLWEzZmMtNWEyODZhNDUwNDEyL3JCTllMdEZNMWZpTXNIZDdpZEhtRE4yQjZzNTd0ZGxDMTVjQWFYOXEuanBnIl0sWyJwIiwiZW5jb2RlIiwianBnIiwiLXF1YWxpdHkgODAiXSxbInAiLCJ0aHVtYiIsIjU5MHg1OTBcdTAwM2UiXV0?sha=31799b224dedd9ba\" alt=\"\" \/><\/p>\n<p><strong>Divarlar u\u011frunda m\u00fcbariz\u0259<\/strong><\/p>\n<p>Haz\u0131rk\u0131 etirazlar\u0131 \u0259vv\u0259lkil\u0259rd\u0259n f\u0259rql\u0259ndir\u0259n daha bir c\u0259h\u0259t d\u0259 \u201cdivarlar u\u011frunda m\u00fcbariz\u0259dir\u201d. Sosial mediada divarlara \u015f\u00fcar yazan insanlar\u0131n g\u00f6r\u00fcnt\u00fcl\u0259ri d\u0259 adi hala \u00e7evrilib. B\u0259l\u0259diyy\u0259l\u0259r qraffitil\u0259r olan yerl\u0259ri yenid\u0259n boyama\u011fa \u00e7al\u0131\u015fsalar da, bu, h\u0259d\u0259r yer\u0259 apar\u0131lan m\u00fcbariz\u0259 kimi g\u00f6r\u00fcn\u00fcr. \u018fks\u0259r \u015f\u00fcarlar ali dini lider ay\u0259tullah Xamenei v\u0259 \u0130ran\u0131n teokratik rejimini h\u0259d\u0259fl\u0259yir ki, bu da \u0259vv\u0259ll\u0259r nadir m\u00fc\u015fahid\u0259 edil\u0259n bir hal idi. K\u00fc\u00e7\u0259l\u0259rd\u0259 ictimai m\u0259kanlar u\u011frunda \u0259sl m\u00fcbariz\u0259 gedir: etiraz\u00e7\u0131lar reklam l\u00f6vh\u0259l\u0259rini ya s\u00f6k\u00fcr, ya da \u00fcz\u0259rl\u0259rin\u0259 \u00f6z \u015f\u00fcarlar\u0131n\u0131 yaz\u0131rlar.<\/p>\n<p><img src=\"https:\/\/cdn.oxu.az\/uploads\/W1siZiIsIjIwMjIvMTEvMTkvMTIvMDgvMjQvOWViNmM1OWEtMDI4ZS00MGVjLWI3NWUtOGMxYzFmYjkwOGNiL3BrMU4xRjJKOURMeVIxTjdtdjVxV0dZaHZtT3R5aVpnN2FsQjFZeHAuanBnIl0sWyJwIiwiZW5jb2RlIiwianBnIiwiLXF1YWxpdHkgODAiXSxbInAiLCJ0aHVtYiIsIjU5MHg1OTBcdTAwM2UiXV0?sha=b0530b870b49cdf8\" alt=\"\" \/><\/p>\n<p>Etirazlar\u0131n dig\u0259r f\u0259rql\u0259ndirici t\u0259r\u0259fi odur ki, onun h\u0259r\u0259k\u0259tverici q\u00fcvv\u0259si g\u0259ncl\u0259rdir. \u0130nternetd\u0259ki videolarda \u015fagirdl\u0259r (\u0259sas\u0259n, q\u0131zlar) h\u00f6kum\u0259t \u0259leyhin\u0259 \u015f\u00fcarlar s\u0259sl\u0259ndirir, ay\u0259tullah Xameneinin \u015f\u0259kill\u0259rini c\u0131r\u0131r v\u0259 yaxud da d\u0259rslikl\u0259rd\u0259ki \u015f\u0259kill\u0259ri h\u0259lak olan etiraz\u00e7\u0131lar\u0131n g\u00f6r\u00fcnt\u00fcl\u0259ri il\u0259 \u0259v\u0259z edirl\u0259r.<\/p>\n<p><strong>Daxild\u0259n da\u011f\u0131lan molla rejimi<\/strong><\/p>\n<p>S\u00f6zs\u00fcz ki, bu aksiyalar 40 il y\u0131\u011f\u0131l\u0131b qalan naraz\u0131l\u0131qlar\u0131 \u00fcz\u0259 \u00e7\u0131xarm\u0131\u015f olub. Sosial \u015f\u0259b\u0259k\u0259l\u0259rd\u0259ki mollalar\u0131n g\u0259ncl\u0259r t\u0259r\u0259find\u0259n d\u00f6y\u00fclm\u0259si, ba\u015flar\u0131ndan \u0259mmam\u0259l\u0259rin sal\u0131nmas\u0131 il\u0259 ba\u011fl\u0131 \u00e7oxsayl\u0131 videolar da bunu s\u00fcbut edir. H\u0259min videolar\u0131n ham\u0131s\u0131 t\u0259xmin\u0259n eyni s\u00fcjetl\u0259 \u00e7\u0259kilir, y\u0259ni bir g\u0259nc o\u011flan insidenti \u00e7\u0259kir, dig\u0259ri is\u0259 qar\u015f\u0131da ged\u0259n mollan\u0131n ba\u015f\u0131ndak\u0131 \u0259mmam\u0259ni vurub yer\u0259 sal\u0131r.<\/p>\n<p><img src=\"https:\/\/cdn.oxu.az\/uploads\/W1siZiIsIjIwMjIvMTEvMTkvMTIvMDgvMjQvNjUyZmZmZDMtMDE0Mi00OTQzLWEzMGEtZmEzY2RlZjhhYjI3L1FINEpXS0JNc0xlbFJYY1RlSFhGUFljdnpvcVBJQVZ5dDQwZ0FEdFIuanBnIl0sWyJwIiwiZW5jb2RlIiwianBnIiwiLXF1YWxpdHkgODAiXSxbInAiLCJ0aHVtYiIsIjU5MHg1OTBcdTAwM2UiXV0?sha=4f6fbd61e554ecc5\" alt=\"\" \/><\/p>\n<p>Bir zamanlar \u0130ran rejiminin t\u0259r\u0259fdar\u0131 olan \u015f\u0259xsl\u0259rin b\u00f6y\u00fck bir qismi d\u0259 ger\u00e7\u0259klikl\u0259ri g\u00f6r\u00fcrl\u0259r v\u0259 ba\u015f ver\u0259nl\u0259r\u0259 art\u0131q \u00f6z etirazlar\u0131n\u0131 bildirirl\u0259r. B\u0259zi iranl\u0131lar \u0259mmam\u0259ni yer\u0259 salma\u011f\u0131 m\u00fcqavim\u0259t\u0259 d\u0259st\u0259k h\u0259r\u0259k\u0259ti kimi d\u0259y\u0259rl\u0259ndirs\u0259 d\u0259, dig\u0259rl\u0259ri bu h\u0259r\u0259k\u0259tin d\u00f6vl\u0259tl\u0259 he\u00e7 bir \u0259laq\u0259si olmayan sad\u0259 din adamlar\u0131na qar\u015f\u0131 haqs\u0131z zorak\u0131l\u0131q v\u0259 t\u0259hqir ola bil\u0259c\u0259yini deyirl\u0259r. Tehranl\u0131 jurnalist v\u0259 ke\u00e7mi\u015f siyasi m\u0259hbus \u018fhm\u0259d Zeydabadi deyir ki, k\u00fc\u00e7\u0259d\u0259 bu h\u0259r\u0259k\u0259t\u0259 m\u0259ruz qalan b\u0259zi mollalar \u201cd\u00f6vl\u0259tin siyas\u0259tinin t\u0259nqid\u00e7il\u0259ri v\u0259 h\u0259tta qurbanlar\u0131 da ola bil\u0259rl\u0259r\u201d.<\/p>\n<p>O \u0259lav\u0259 edib ki, y\u00fcks\u0259k v\u0259zif\u0259li mollalar nadir hallarda c\u0259miyy\u0259t aras\u0131na \u00e7\u0131x\u0131r v\u0259 \u00e7\u0131xanda da \u00e7ox zaman cang\u00fcd\u0259nl\u0259r t\u0259r\u0259find\u0259n qorunurlar. \u201cOnlar mollalar\u0131n \u0259mmam\u0259sini son 43 ild\u0259 t\u00f6r\u0259dil\u0259n cinay\u0259tl\u0259r v\u0259 korrupsiyan\u0131n, habel\u0259 mollalara veril\u0259n imtiyazlar\u0131n r\u0259mzi olaraq yer\u0259 sal\u0131rlar. Burada zorak\u0131l\u0131q yoxdur. \u00dcst\u0259lik, burada g\u0259ncl\u0259rin \u015f\u0131ltaql\u0131\u011f\u0131 da var. Bu is\u0259 inqilab\u0131n ruhunu \u0259ks etdirir\u201d, &#8211; dey\u0259 f\u0259allardan biri bu iddialara cavab verib.<\/p>\n<p><img src=\"https:\/\/cdn.oxu.az\/uploads\/W1siZiIsIjIwMjIvMTEvMTkvMTIvMDgvMjQvY2Q5Mzk1NWQtOTExOS00ZWQ5LWFkM2UtNGJiODJhMDM4NjIwL1lUY1lMeHp2WlhnVXBtSUpiMTZmYVk3RGprdUVpUkx5ZXNoOTVhdVUuanBnIl0sWyJwIiwiZW5jb2RlIiwianBnIiwiLXF1YWxpdHkgODAiXSxbInAiLCJ0aHVtYiIsIjU5MHg1OTBcdTAwM2UiXV0?sha=371ee4ec8c8ce908\" alt=\"\" \/><br \/>\n<strong>\u018fmmam\u0259 vurma trendini rejim \u00f6z\u00fc d\u0259 realla\u015fd\u0131r\u0131b\u00a0<\/strong><\/p>\n<p>Parisd\u0259 ya\u015fayan iranl\u0131 din xadimi v\u0259 t\u0259dqiqat\u00e7\u0131 H\u0259s\u0259n Fere\u015ftian Q\u0259rb medias\u0131na deyib ki, \u0259mmam\u0259 vurma trendi \u201cson q\u0131rx ild\u0259 bo\u011fulmu\u015f q\u0259z\u0259bin\u201d n\u0259tic\u0259sidir. \u201c\u018fg\u0259r onun m\u0259qs\u0259di din xadiml\u0259rini yox etm\u0259kdirs\u0259, zorak\u0131l\u0131\u011f\u0131n ba\u015flan\u011f\u0131c\u0131 il\u0259 \u00fcz-\u00fcz\u0259 qala bil\u0259rik. \u018fslind\u0259, din xadiml\u0259ri hakimiyy\u0259tin m\u0259rk\u0259zind\u0259n yox edilm\u0259lidir. Ancaq onlar c\u0259miyy\u0259td\u0259n silinm\u0259m\u0259lidir\u201d, \u2013 dey\u0259 o, \u201cRadio F\u0259rda\u201dn\u0131n fars xidm\u0259tin\u0259 m\u00fcsahib\u0259sind\u0259 bildirib.<\/p>\n<p>\u00d6t\u0259n il d\u0259 rejim t\u0259r\u0259fdarlar\u0131 hakimiyy\u0259ti t\u0259nqid ed\u0259n din xadiml\u0259rinin \u0259mmam\u0259l\u0259rini vurub yer\u0259 salm\u0131\u015fd\u0131lar. \u018fmmam\u0259si yer\u0259 sal\u0131nanlar aras\u0131nda ke\u00e7mi\u015f daxili i\u015fl\u0259r naziri Abdollah Nuri v\u0259 parlamentin ke\u00e7mi\u015f spikeri Mehdi K\u0259rrubi d\u0259 olub. 85 ya\u015fl\u0131 K\u0259rrubi 2009-cu ild\u0259 ke\u00e7mi\u015f prezident Mahmud \u018fhm\u0259dinejad\u0131n yenid\u0259n se\u00e7ilm\u0259sini sor\u011fulad\u0131\u011f\u0131 \u00fc\u00e7\u00fcn 2011-ci ild\u0259n b\u0259ri ev dustaql\u0131\u011f\u0131ndad\u0131r. K\u0259rrubiy\u0259 r\u0259smi ittiham ir\u0259li s\u00fcr\u00fclm\u0259s\u0259 d\u0259, onun ali dini lider \u018fli Xameneinin \u0259mri il\u0259 ev dustaql\u0131\u011f\u0131nda saxland\u0131\u011f\u0131 deyilir.<\/p>\n","protected":false},"excerpt":{"rendered":"<p>\u0130randa iki aydan art\u0131qd\u0131r davam ed\u0259n antih\u00f6kum\u0259t etirazlar\u0131 qism\u0259n s\u0259ngis\u0259 d\u0259, g\u0259rginlik qalmaqdad\u0131r. Art\u0131q \u00f6lk\u0259nin 129 \u015f\u0259h\u0259rind\u0259 ke\u00e7iril\u0259n etirazlarda 400-\u0259 yax\u0131n insan \u00f6l\u00fcb, 14 mind\u0259n \u00e7ox insan h\u0259bs edilib. Hakimiyy\u0259t etiraz\u00e7\u0131lara qar\u015f\u0131 \u0259n repressiv add\u0131mlar atmaqla onlar\u0131 qorxutma\u011fa \u00e7al\u0131\u015fsa da, naraz\u0131 xalq geri \u00e7\u0259kil\u0259n\u0259 ox\u015fam\u0131r. Molla rejimi etiraf etm\u0259s\u0259 d\u0259, bu aksiya son 40 ilin \u0259n irimiqyasl\u0131 etiraz\u0131 kimi tarix\u0259 d\u00fc\u015f\u0259c\u0259k. K\u00fctl\u0259vi \u00e7\u0131x\u0131\u015flar 1979-cu il islam inqilab\u0131ndan b\u0259ri h\u00f6kum\u0259tin \u00fczl\u0259\u015fdiyi \u0259n ciddi hadis\u0259dir. Bud\u0259f\u0259ki etiraz bir \u00e7ox x\u00fcsusiyy\u0259tl\u0259ri il\u0259 f\u0259rql\u0259nir. \u00d6lk\u0259d\u0259 din xadiml\u0259rin\u0259 qar\u015f\u0131 nifr\u0259t pik h\u0259dd\u0259 \u00e7at\u0131b, onlara \u00e7ox&hellip;<\/p>\n","protected":false},"author":2,"featured_media":536479,"comment_status":"closed","ping_status":"closed","sticky":false,"template":"","format":"standard","meta":{"om_disable_all_campaigns":false,"_monsterinsights_skip_tracking":false,"_monsterinsights_sitenote_active":false,"_monsterinsights_sitenote_note":"","_monsterinsights_sitenote_category":0},"categories":[4],"tags":[],"aioseo_notices":[],"gutentor_comment":0,"rttpg_featured_image_url":{"full":["https:\/\/arantv.az\/wp-content\/uploads\/2022\/11\/FotoJet-15-1.jpg",620,413,false],"landscape":["https:\/\/arantv.az\/wp-content\/uploads\/2022\/11\/FotoJet-15-1.jpg",620,413,false],"portraits":["https:\/\/arantv.az\/wp-content\/uploads\/2022\/11\/FotoJet-15-1.jpg",620,413,false],"thumbnail":["https:\/\/arantv.az\/wp-content\/uploads\/2022\/11\/FotoJet-15-1-500x280.jpg",500,280,true],"medium":["https:\/\/arantv.az\/wp-content\/uploads\/2022\/11\/FotoJet-15-1-548x365.jpg",548,365,true],"large":["https:\/\/arantv.az\/wp-content\/uploads\/2022\/11\/FotoJet-15-1.jpg",620,413,false],"1536x1536":["https:\/\/arantv.az\/wp-content\/uploads\/2022\/11\/FotoJet-15-1.jpg",620,413,false],"2048x2048":["https:\/\/arantv.az\/wp-content\/uploads\/2022\/11\/FotoJet-15-1.jpg",620,413,false],"post-thumbnail":["https:\/\/arantv.az\/wp-content\/uploads\/2022\/11\/FotoJet-15-1-240x172.jpg",240,172,true],"advps-thumb-one":["https:\/\/arantv.az\/wp-content\/uploads\/2022\/11\/FotoJet-15-1.jpg",620,413,false]},"rttpg_author":{"display_name":"V\u00fcsal Rafiqo\u011flu","author_link":"https:\/\/arantv.az\/?author=2"},"rttpg_comment":0,"rttpg_category":"<a href=\"https:\/\/arantv.az\/?cat=4\" rel=\"category\">Siyas\u0259t<\/a>","rttpg_excerpt":"\u0130randa iki aydan art\u0131qd\u0131r davam ed\u0259n antih\u00f6kum\u0259t etirazlar\u0131 qism\u0259n s\u0259ngis\u0259 d\u0259, g\u0259rginlik qalmaqdad\u0131r. Art\u0131q \u00f6lk\u0259nin 129 \u015f\u0259h\u0259rind\u0259 ke\u00e7iril\u0259n etirazlarda 400-\u0259 yax\u0131n insan \u00f6l\u00fcb, 14 mind\u0259n \u00e7ox insan h\u0259bs edilib. Hakimiyy\u0259t etiraz\u00e7\u0131lara qar\u015f\u0131 \u0259n repressiv add\u0131mlar atmaqla onlar\u0131 qorxutma\u011fa \u00e7al\u0131\u015fsa da, naraz\u0131 xalq geri \u00e7\u0259kil\u0259n\u0259 ox\u015fam\u0131r. Molla rejimi etiraf etm\u0259s\u0259 d\u0259, bu aksiya son 40 ilin&hellip;","_links":{"self":[{"href":"https:\/\/arantv.az\/index.php?rest_route=\/wp\/v2\/posts\/536478"}],"collection":[{"href":"https:\/\/arantv.az\/index.php?rest_route=\/wp\/v2\/posts"}],"about":[{"href":"https:\/\/arantv.az\/index.php?rest_route=\/wp\/v2\/types\/post"}],"author":[{"embeddable":true,"href":"https:\/\/arantv.az\/index.php?rest_route=\/wp\/v2\/users\/2"}],"replies":[{"embeddable":true,"href":"https:\/\/arantv.az\/index.php?rest_route=%2Fwp%2Fv2%2Fcomments&post=536478"}],"version-history":[{"count":0,"href":"https:\/\/arantv.az\/index.php?rest_route=\/wp\/v2\/posts\/536478\/revisions"}],"wp:featuredmedia":[{"embeddable":true,"href":"https:\/\/arantv.az\/index.php?rest_route=\/wp\/v2\/media\/536479"}],"wp:attachment":[{"href":"https:\/\/arantv.az\/index.php?rest_route=%2Fwp%2Fv2%2Fmedia&parent=536478"}],"wp:term":[{"taxonomy":"category","embeddable":true,"href":"https:\/\/arantv.az\/index.php?rest_route=%2Fwp%2Fv2%2Fcategories&post=536478"},{"taxonomy":"post_tag","embeddable":true,"href":"https:\/\/arantv.az\/index.php?rest_route=%2Fwp%2Fv2%2Ftags&post=536478"}],"curies":[{"name":"wp","href":"https:\/\/api.w.org\/{rel}","templated":true}]}}