{"id":53649,"date":"2019-04-29T10:07:20","date_gmt":"2019-04-29T07:07:20","guid":{"rendered":"http:\/\/arantv.az\/?p=53649"},"modified":"2019-04-29T10:07:20","modified_gmt":"2019-04-29T07:07:20","slug":"kobia-numay%c9%99nd%c9%99l%c9%99ri-beyn%c9%99lxalq-iqtisadiyyat-sammitind%c9%99-istirak-edibl%c9%99r","status":"publish","type":"post","link":"https:\/\/arantv.az\/?p=53649","title":{"rendered":"KOB\u0130A n\u00fcmay\u0259nd\u0259l\u0259ri Beyn\u0259lxalq \u0130qtisadiyyat Sammitind\u0259 i\u015ftirak edibl\u0259r"},"content":{"rendered":"<p><strong>24-26 aprel tarixl\u0259rind\u0259 Tatar\u0131stan Respublikas\u0131n\u0131n Kazan \u015f\u0259h\u0259rind\u0259 Rusiya Federasiyas\u0131 v\u0259 \u0130slam \u018fm\u0259kda\u015fl\u0131\u011f\u0131 T\u0259\u015fkilat\u0131n\u0131n \u00fczv \u00f6lk\u0259l\u0259rinin 11-ci Beyn\u0259lxalq \u0130qtisadiyyat Sammiti ke\u00e7irilib.<\/strong><\/p>\n<p><strong>ARANTV.AZ\u00a0<\/strong> x\u0259b\u0259r verir ki, \u0130qtisadiyyat Nazirliyind\u0259n\u00a0<a href=\"https:\/\/az.trend.az\/\" target=\"_blank\" rel=\"noopener\">Trend<\/a>-\u0259 veril\u0259n m\u0259lumata g\u00f6r\u0259, Tatar\u0131stan Respublikas\u0131 v\u0259 \u0130slam \u018fm\u0259kda\u015fl\u0131\u011f\u0131 T\u0259\u015fkilat\u0131n\u0131n \u00fczv \u00f6lk\u0259l\u0259ri aras\u0131nda ticari-iqtisadi, elmi-texniki, sosial v\u0259 m\u0259d\u0259ni \u0259laq\u0259l\u0259rin geni\u015fl\u0259ndirilm\u0259sin\u0259 dair m\u00fczakir\u0259l\u0259rin apar\u0131ld\u0131\u011f\u0131 t\u0259dbird\u0259 Az\u0259rbaycan Respublikas\u0131n\u0131n Ki\u00e7ik v\u0259 Orta Biznesin \u0130nki\u015faf\u0131 Agentliyinin (KOB\u0130A) n\u00fcmay\u0259nd\u0259l\u0259ri d\u0259 i\u015ftirak edibl\u0259r.<\/p>\n<p>11-ci Beyn\u0259lxalq \u0130qtisadiyyat Sammiti \u00e7\u0259r\u00e7iv\u0259sind\u0259 KOB\u0130A-n\u0131n \u0130dar\u0259 Hey\u0259tinin s\u0259dri Orxan M\u0259mm\u0259dov Malayziyan\u0131n sahibkarl\u0131\u011f\u0131n inki\u015faf\u0131 naziri Mohd Redzuan Yusof il\u0259 g\u00f6r\u00fc\u015f\u0259r\u0259k, t\u0259cr\u00fcb\u0259 m\u00fcbadil\u0259si v\u0259 birg\u0259 layih\u0259l\u0259rin realla\u015fd\u0131r\u0131lmas\u0131 istiqam\u0259tind\u0259 fikir m\u00fcbadil\u0259si apar\u0131b. KOB\u0130A r\u0259hb\u0259ri Tatar\u0131stan\u0131n sahibkarl\u0131\u011f\u0131n inki\u015faf\u0131 \u00fczr\u0259 model m\u00fc\u0259ssis\u0259sind\u0259 i\u015f prosesi il\u0259 d\u0259 tan\u0131\u015f olub.<\/p>\n","protected":false},"excerpt":{"rendered":"<p>24-26 aprel tarixl\u0259rind\u0259 Tatar\u0131stan Respublikas\u0131n\u0131n Kazan \u015f\u0259h\u0259rind\u0259 Rusiya Federasiyas\u0131 v\u0259 \u0130slam \u018fm\u0259kda\u015fl\u0131\u011f\u0131 T\u0259\u015fkilat\u0131n\u0131n \u00fczv \u00f6lk\u0259l\u0259rinin 11-ci Beyn\u0259lxalq \u0130qtisadiyyat Sammiti ke\u00e7irilib. ARANTV.AZ\u00a0 x\u0259b\u0259r verir ki, \u0130qtisadiyyat Nazirliyind\u0259n\u00a0Trend-\u0259 veril\u0259n m\u0259lumata g\u00f6r\u0259, Tatar\u0131stan Respublikas\u0131 v\u0259 \u0130slam \u018fm\u0259kda\u015fl\u0131\u011f\u0131 T\u0259\u015fkilat\u0131n\u0131n \u00fczv \u00f6lk\u0259l\u0259ri aras\u0131nda ticari-iqtisadi, elmi-texniki, sosial v\u0259 m\u0259d\u0259ni \u0259laq\u0259l\u0259rin geni\u015fl\u0259ndirilm\u0259sin\u0259 dair m\u00fczakir\u0259l\u0259rin apar\u0131ld\u0131\u011f\u0131 t\u0259dbird\u0259 Az\u0259rbaycan Respublikas\u0131n\u0131n Ki\u00e7ik v\u0259 Orta Biznesin \u0130nki\u015faf\u0131 Agentliyinin (KOB\u0130A) n\u00fcmay\u0259nd\u0259l\u0259ri d\u0259 i\u015ftirak edibl\u0259r. 11-ci Beyn\u0259lxalq \u0130qtisadiyyat Sammiti \u00e7\u0259r\u00e7iv\u0259sind\u0259 KOB\u0130A-n\u0131n \u0130dar\u0259 Hey\u0259tinin s\u0259dri Orxan M\u0259mm\u0259dov Malayziyan\u0131n sahibkarl\u0131\u011f\u0131n inki\u015faf\u0131 naziri Mohd Redzuan Yusof il\u0259 g\u00f6r\u00fc\u015f\u0259r\u0259k, t\u0259cr\u00fcb\u0259 m\u00fcbadil\u0259si v\u0259 birg\u0259 layih\u0259l\u0259rin realla\u015fd\u0131r\u0131lmas\u0131 istiqam\u0259tind\u0259 fikir&hellip;<\/p>\n","protected":false},"author":2,"featured_media":53650,"comment_status":"closed","ping_status":"closed","sticky":false,"template":"","format":"standard","meta":{"om_disable_all_campaigns":false,"_monsterinsights_skip_tracking":false,"_monsterinsights_sitenote_active":false,"_monsterinsights_sitenote_note":"","_monsterinsights_sitenote_category":0},"categories":[19],"tags":[],"aioseo_notices":[],"gutentor_comment":0,"rttpg_featured_image_url":{"full":["https:\/\/arantv.az\/wp-content\/uploads\/2019\/04\/750603.jpg",800,600,false],"landscape":["https:\/\/arantv.az\/wp-content\/uploads\/2019\/04\/750603.jpg",800,600,false],"portraits":["https:\/\/arantv.az\/wp-content\/uploads\/2019\/04\/750603.jpg",800,600,false],"thumbnail":["https:\/\/arantv.az\/wp-content\/uploads\/2019\/04\/750603-150x150.jpg",150,150,true],"medium":["https:\/\/arantv.az\/wp-content\/uploads\/2019\/04\/750603-300x225.jpg",300,225,true],"large":["https:\/\/arantv.az\/wp-content\/uploads\/2019\/04\/750603.jpg",640,480,false],"1536x1536":["https:\/\/arantv.az\/wp-content\/uploads\/2019\/04\/750603.jpg",800,600,false],"2048x2048":["https:\/\/arantv.az\/wp-content\/uploads\/2019\/04\/750603.jpg",800,600,false],"post-thumbnail":["https:\/\/arantv.az\/wp-content\/uploads\/2019\/04\/750603-240x172.jpg",240,172,true],"advps-thumb-one":["https:\/\/arantv.az\/wp-content\/uploads\/2019\/04\/750603.jpg",800,600,false]},"rttpg_author":{"display_name":"V\u00fcsal Rafiqo\u011flu","author_link":"https:\/\/arantv.az\/?author=2"},"rttpg_comment":0,"rttpg_category":"<a href=\"https:\/\/arantv.az\/?cat=19\" rel=\"category\">G\u00fcnd\u0259m<\/a>","rttpg_excerpt":"24-26 aprel tarixl\u0259rind\u0259 Tatar\u0131stan Respublikas\u0131n\u0131n Kazan \u015f\u0259h\u0259rind\u0259 Rusiya Federasiyas\u0131 v\u0259 \u0130slam \u018fm\u0259kda\u015fl\u0131\u011f\u0131 T\u0259\u015fkilat\u0131n\u0131n \u00fczv \u00f6lk\u0259l\u0259rinin 11-ci Beyn\u0259lxalq \u0130qtisadiyyat Sammiti ke\u00e7irilib. ARANTV.AZ\u00a0 x\u0259b\u0259r verir ki, \u0130qtisadiyyat Nazirliyind\u0259n\u00a0Trend-\u0259 veril\u0259n m\u0259lumata g\u00f6r\u0259, Tatar\u0131stan Respublikas\u0131 v\u0259 \u0130slam \u018fm\u0259kda\u015fl\u0131\u011f\u0131 T\u0259\u015fkilat\u0131n\u0131n \u00fczv \u00f6lk\u0259l\u0259ri aras\u0131nda ticari-iqtisadi, elmi-texniki, sosial v\u0259 m\u0259d\u0259ni \u0259laq\u0259l\u0259rin geni\u015fl\u0259ndirilm\u0259sin\u0259 dair m\u00fczakir\u0259l\u0259rin apar\u0131ld\u0131\u011f\u0131 t\u0259dbird\u0259 Az\u0259rbaycan Respublikas\u0131n\u0131n Ki\u00e7ik v\u0259 Orta Biznesin&hellip;","_links":{"self":[{"href":"https:\/\/arantv.az\/index.php?rest_route=\/wp\/v2\/posts\/53649"}],"collection":[{"href":"https:\/\/arantv.az\/index.php?rest_route=\/wp\/v2\/posts"}],"about":[{"href":"https:\/\/arantv.az\/index.php?rest_route=\/wp\/v2\/types\/post"}],"author":[{"embeddable":true,"href":"https:\/\/arantv.az\/index.php?rest_route=\/wp\/v2\/users\/2"}],"replies":[{"embeddable":true,"href":"https:\/\/arantv.az\/index.php?rest_route=%2Fwp%2Fv2%2Fcomments&post=53649"}],"version-history":[{"count":0,"href":"https:\/\/arantv.az\/index.php?rest_route=\/wp\/v2\/posts\/53649\/revisions"}],"wp:featuredmedia":[{"embeddable":true,"href":"https:\/\/arantv.az\/index.php?rest_route=\/wp\/v2\/media\/53650"}],"wp:attachment":[{"href":"https:\/\/arantv.az\/index.php?rest_route=%2Fwp%2Fv2%2Fmedia&parent=53649"}],"wp:term":[{"taxonomy":"category","embeddable":true,"href":"https:\/\/arantv.az\/index.php?rest_route=%2Fwp%2Fv2%2Fcategories&post=53649"},{"taxonomy":"post_tag","embeddable":true,"href":"https:\/\/arantv.az\/index.php?rest_route=%2Fwp%2Fv2%2Ftags&post=53649"}],"curies":[{"name":"wp","href":"https:\/\/api.w.org\/{rel}","templated":true}]}}