{"id":536491,"date":"2022-11-19T14:58:38","date_gmt":"2022-11-19T11:58:38","guid":{"rendered":"https:\/\/arantv.az\/?p=536491"},"modified":"2022-11-19T14:58:38","modified_gmt":"2022-11-19T11:58:38","slug":"az%c9%99rbaycan-c%c9%99miyy%c9%99ti-fransanin-ilk-olmayan-hoqqabazligina-v%c9%99-alcaqligina-sahidlik-edir-s%c9%99rh-foto","status":"publish","type":"post","link":"https:\/\/arantv.az\/?p=536491","title":{"rendered":"\u201cAz\u0259rbaycan c\u0259miyy\u0259ti Fransan\u0131n ilk olmayan hoqqabazl\u0131\u011f\u0131na v\u0259 al\u00e7aql\u0131\u011f\u0131na \u015fahidlik edir\u201d &#8211; \u015e\u018fRH + FOTO"},"content":{"rendered":"<p>Bir ne\u00e7\u0259 g\u00fcn bundan \u00f6nc\u0259 Fransa Senat\u0131nda Az\u0259rbaycan \u0259leyhin\u0259 q\u0259r\u0259zli q\u0259tnam\u0259 q\u0259bul olunub. Q\u0259tnam\u0259 tamamil\u0259 h\u0259qiq\u0259td\u0259n uzaq, yalan v\u0259 iftira dolu m\u00fcdd\u0259alar\u0131 \u00f6z\u00fcnd\u0259 \u0259ks etdirib. Bu \u201cs\u0259n\u0259d\u201d a\u00e7\u0131q t\u0259xribat xarakteri da\u015f\u0131maqla, Az\u0259rbaycanla Erm\u0259nistan aras\u0131nda m\u00fcnasib\u0259tl\u0259rin normalla\u015fmas\u0131 prosesin\u0259 x\u0259l\u0259l g\u0259tirilm\u0259sin\u0259 xidm\u0259t edir.<\/p>\n<p>M\u00f6vzu il\u0259 ba\u011fl\u0131\u00a0<a href=\"https:\/\/kaspi.az\/cefeng-fikirlerden-ibaret-kagiz-parcasi-s-rh\" target=\"_blank\" rel=\"noopener\"><strong>\u201cKaspi\u201d<\/strong><\/a><strong>\u00a0<\/strong>q\u0259zetinin yaz\u0131s\u0131n\u0131 t\u0259qdim edirik.<\/p>\n<div class=\"AdviadNativeVideo\"><\/div>\n<p><strong>Dayan\u0131ql\u0131 s\u00fclh\u00fcn t\u0259\u015fviq edilm\u0259sind\u0259n\u00a0uzaq \u201cs\u0259n\u0259d\u201d<\/strong><\/p>\n<p>Az\u0259rbaycan\u0131n Xarici \u0130\u015fl\u0259r Nazirliyinin bununla ba\u011fl\u0131 yayd\u0131\u011f\u0131 m\u0259lumatda qeyd olundu\u011fu kimi, Fransa Senat\u0131 t\u0259r\u0259find\u0259n q\u0259bul edil\u0259n v\u0259 h\u0259r hans\u0131 h\u00fcquqi q\u00fcvv\u0259y\u0259 malik olmayan bu q\u0259tnam\u0259, s\u00fclh prosesin\u0259 \u00f6z t\u00f6hf\u0259sini verm\u0259k niyy\u0259tini b\u0259yan etmi\u015f \u00f6lk\u0259 kimi Fransan\u0131n n\u00f6vb\u0259ti d\u0259f\u0259 q\u0259r\u0259zli v\u0259 birt\u0259r\u0259fli siyasi m\u00f6vqeyini bariz \u015f\u0259kild\u0259 n\u00fcmayi\u015f etdirib. Q\u0259tnam\u0259d\u0259 qeyd edil\u0259n, reall\u0131qlardan uzaq olan iddialar onun m\u00fc\u0259llifl\u0259rinin tarixi faktlardan v\u0259 b\u00f6lg\u0259d\u0259ki haz\u0131rk\u0131 v\u0259ziyy\u0259td\u0259n x\u0259b\u0259rsiz olmas\u0131n\u0131 n\u00fcmayi\u015f etdirib.<\/p>\n<p>X\u0130N-in b\u0259yanat\u0131nda vur\u011fulan\u0131b ki, Senat\u0131n bu q\u0259tnam\u0259si Erm\u0259nistandak\u0131 revan\u015fist q\u00fcvv\u0259l\u0259ri h\u0259v\u0259sl\u0259ndirm\u0259kl\u0259, b\u00f6lg\u0259d\u0259 s\u00fclh, sabitlik, t\u0259r\u0259qqiy\u0259 xidm\u0259t etmir v\u0259 q\u0259tnam\u0259nin ad\u0131nda qeyd olundu\u011fu \u201cdayan\u0131ql\u0131 s\u00fclh\u00fcn t\u0259\u015fviq edilm\u0259sind\u0259n\u201d \u00e7ox uzaqd\u0131r. Maraql\u0131d\u0131r, b\u00fct\u00fcn bu ba\u015f ver\u0259nl\u0259rd\u0259n sonra Fransan\u0131n Az\u0259rbaycan v\u0259 Erm\u0259nistan aras\u0131ndak\u0131 dan\u0131\u015f\u0131qlarda vasit\u0259\u00e7ilik t\u0259\u015f\u0259bb\u00fcs\u00fc il\u0259 \u00e7\u0131x\u0131\u015f etm\u0259y\u0259 \u00fcz\u00fc varm\u0131? A\u00e7\u0131q-a\u015fkar erm\u0259ni m\u00f6vqeyi n\u00fcmayi\u015f etdir\u0259n r\u0259smi Paris Erm\u0259nistan-Az\u0259rbaycan m\u00fcnasib\u0259tl\u0259rinin normalla\u015fmas\u0131 prosesin\u0259 hans\u0131sa t\u00f6hf\u0259 ver\u0259 bil\u0259rmi?<\/p>\n<p><img src=\"https:\/\/cdn.oxu.az\/uploads\/W1siZiIsIjIwMjIvMTEvMTkvMTIvMDEvMDQvZDlhYzU0MjQtOTBjNC00MzZlLThhMDUtMmVhZTJiZjE0YmJlL0tyOHVJMFNVMDkwY1dmWjRJc3RoWU54a3VOQjdXQzU3cjhuNXVzVmEuanBnIl0sWyJwIiwiZW5jb2RlIiwianBnIiwiLXF1YWxpdHkgODAiXSxbInAiLCJ0aHVtYiIsIjU5MHg1OTBcdTAwM2UiXV0?sha=219a29ce7db32606\" alt=\"\" \/><\/p>\n<p><strong>Bitmi\u015f m\u00fcnaqi\u015f\u0259ni yenid\u0259n alovland\u0131rmaq\u00a0c\u0259hdi<\/strong><\/p>\n<p>Mill\u0259t v\u0259kili Ayd\u0131n H\u00fcseynov m\u00f6vzu il\u0259 ba\u011fl\u0131 a\u00e7\u0131qlamas\u0131nda bildirib ki, q\u0259tnam\u0259nin q\u0259bulundan sonra Fransan\u0131n h\u0259l\u0259 d\u0259 vasit\u0259\u00e7ilik iddias\u0131nda olmas\u0131 h\u0259yas\u0131zl\u0131qd\u0131r. Onun s\u00f6zl\u0259rin\u0259 g\u00f6r\u0259, Az\u0259rbaycana qar\u015f\u0131 olan bu \u201cs\u0259n\u0259d\u201d t\u0259kc\u0259 senat\u0131n yox, h\u0259m d\u0259 Makron h\u00f6kum\u0259tinin m\u00f6vqeyidir, \u00e7\u00fcnki bu \u00f6lk\u0259nin Xarici \u0130\u015fl\u0259r Nazirliyi q\u0259tnam\u0259y\u0259 etiraz etm\u0259yib. Deputat deyib ki, bir m\u00fcdd\u0259t \u0259vv\u0259l Makronun m\u0259lum m\u00fcsahib\u0259sind\u0259 s\u0259sl\u0259ndirdiyi fikirl\u0259r d\u0259 q\u0259tnam\u0259d\u0259ki m\u00fcdd\u0259alarla eynidir:<\/p>\n<p>\u201cSenat\u0131n q\u0259bul etdiyi s\u0259n\u0259d n\u0259inki Erm\u0259nistan\u0131 d\u0259st\u0259kl\u0259m\u0259kdir, b\u00fct\u00fcn beyn\u0259lxalq h\u00fcquq v\u0259 prinsipl\u0259r\u0259 ziddir. Ba\u015fdan aya\u011fa b\u00f6htan v\u0259 iftiralarla dolu q\u0259tnam\u0259d\u0259 birm\u0259nal\u0131 \u015f\u0259kild\u0259 Az\u0259rbaycana qar\u015f\u0131 d\u00fc\u015fm\u0259n m\u00fcnasib\u0259t var. C\u0259f\u0259ng fikirl\u0259rd\u0259n ibar\u0259t bu ka\u011f\u0131z par\u00e7as\u0131 Fransan\u0131n h\u0259qiqi simas\u0131n\u0131 g\u00f6st\u0259rir.<\/p>\n<p>Maraql\u0131s\u0131 budur ki, h\u0259tta Erm\u0259nistan bel\u0259 qondarma DQR-in \u201cm\u00fcst\u0259qillik\u201d m\u0259s\u0259l\u0259sini dil\u0259 g\u0259tirm\u0259kd\u0259n \u00e7\u0259kinir. Amma Fransa bitmi\u015f m\u00fcnaqi\u015f\u0259ni yenid\u0259n alovland\u0131rma\u011fa\u00a0\u00e7al\u0131\u015f\u0131r. Fransa bu q\u0259tnam\u0259 il\u0259 b\u00fct\u00fcn vasit\u0259\u00e7ilik imkanlar\u0131n\u0131 itirdi.\u00a0Bu ka\u011f\u0131z par\u00e7as\u0131n\u0131n bir h\u00fcquqi q\u00fcvv\u0259si olmasa da, Erm\u0259nistandak\u0131 revan\u015fistl\u0259ri v\u0259 separat\u00e7\u0131lar\u0131 c\u0259sar\u0259tl\u0259ndirm\u0259y\u0259 v\u0259 m\u0259s\u0259l\u0259nin yenid\u0259n h\u0259rbi m\u00fcst\u0259viy\u0259 ke\u00e7m\u0259sin\u0259 xidm\u0259t edir.<\/p>\n<p>Erm\u0259nistan v\u0259 separat\u00e7\u0131lar bu q\u0259tnam\u0259d\u0259n arxay\u0131nla\u015f\u0131b h\u0259r hans\u0131 bir t\u0259xribat\u00e7\u0131 add\u0131m atarsa, bunun cavab\u0131 a\u011f\u0131r olacaq. Bunun m\u0259suliyy\u0259ti is\u0259 h\u0259m d\u0259 Fransan\u0131n \u00fcz\u0259rin\u0259 d\u00fc\u015f\u0259c\u0259k. Halbuki, bu \u00f6lk\u0259nin Prezidenti Emmanuel Makron q\u0259tnam\u0259 q\u0259bul edilm\u0259mi\u015fd\u0259n \u0259vv\u0259l Az\u0259rbaycan Prezidentin\u0259 z\u0259ng ed\u0259r\u0259k \u201ct\u0259r\u0259fsiz vasit\u0259\u00e7ilikd\u0259n\u201d, Fransan\u0131n Az\u0259rbaycanla Erm\u0259nistan aras\u0131nda normalla\u015fma prosesin\u0259 \u201ct\u00f6hf\u0259 verm\u0259k ist\u0259yind\u0259n\u201d dan\u0131\u015fm\u0131\u015fd\u0131. Bu, bir daha Fransan\u0131n Az\u0259rbaycana qar\u015f\u0131\u00a0qeyri-s\u0259mimi, riyakar v\u0259 q\u0259r\u0259zli oldu\u011funu g\u00f6st\u0259rir\u201d.<\/p>\n<p><img src=\"https:\/\/cdn.oxu.az\/uploads\/W1siZiIsIjIwMjIvMTEvMTkvMTIvMDEvMDQvN2M0YjIwNmEtOGFjOC00Zjk5LTljOTItNDdlYTVlNDhiZGQ4L3ZxT20xREhCUHptSVpvQ2RQMVpYNEZSUThPV1BhYzhkaHdxNHkzYncuanBnIl0sWyJwIiwiZW5jb2RlIiwianBnIiwiLXF1YWxpdHkgODAiXSxbInAiLCJ0aHVtYiIsIjU5MHg1OTBcdTAwM2UiXV0?sha=8cc8b73265d6956a\" alt=\"\" \/><\/p>\n<p><strong>\u201cBr\u00fcsseld\u0259 Senat\u0131n q\u0259tnam\u0259sinin d\u0259st\u0259kl\u0259nm\u0259si \u015fans\u0131 yoxdur\u201d<\/strong><\/p>\n<p>Politoloq \u015e\u0259bn\u0259m H\u0259s\u0259nova da hesab edir ki, Fransa Senat\u0131n\u0131n Az\u0259rbaycan \u0259leyhin\u0259 15 noyabr tarixli q\u0259tnam\u0259si ba\u015fdan-aya\u011fa yalan, \u015f\u0259r-b\u00f6htan \u00fcz\u0259rind\u0259 qurulub. Onun q\u0259na\u0259tinc\u0259, Az\u0259rbaycan c\u0259miyy\u0259ti Fransan\u0131n ilk olmayan, bel\u0259 g\u00f6r\u00fcn\u00fcr ki, son da olmayacaq n\u00f6vb\u0259ti hoqqabazl\u0131\u011f\u0131na, siyasi riyakarl\u0131\u011f\u0131na, \u0259dal\u0259tsizliyin\u0259 v\u0259 al\u00e7aql\u0131\u011f\u0131na \u015fahidlik edir. Politoloq s\u00f6yl\u0259yib ki, \u00f6z\u00fcn\u00fc m\u0259d\u0259niyy\u0259tin, insan haqlar\u0131n\u0131n be\u015fiyi hesab ed\u0259n bir d\u00f6vl\u0259tin beyn\u0259lxalq h\u00fcququ, siyasi etikan\u0131 ayaqlar alt\u0131na ataraq, riyakarl\u0131\u011f\u0131 t\u0259bli\u011f ed\u0259r\u0259k, erm\u0259ni diasporunun maraqlar\u0131n\u0131 t\u0259min etm\u0259kd\u0259n \u00f6tr\u00fc bu q\u0259d\u0259r t\u0259r\u0259fke\u015f davran\u0131b, d\u00f6vl\u0259t kimi \u00f6z imicin\u0259 x\u0259l\u0259l yetirm\u0259si Fransaya ba\u015fucal\u0131\u011f\u0131 g\u0259tirm\u0259y\u0259c\u0259k:<\/p>\n<p>\u201cQ\u0259tnam\u0259 q\u0259bul olunar-olunmaz veril\u0259n reaksiyam\u0131z bizim b\u00fct\u00fcn c\u0259miyy\u0259t olaraq Fransaya olan m\u00fcnasib\u0259timizdir. Amma \u201csoyuq ba\u015f\u201dla d\u00fc\u015f\u00fcnd\u00fcy\u00fcm\u00fcz zaman, t\u0259cr\u00fcb\u0259d\u0259 Paris \u00e7\u0259tin ki, Bak\u0131ya qar\u015f\u0131 ciddi birt\u0259r\u0259fli add\u0131mlar ats\u0131n. \u00dcst\u0259lik, onun o q\u0259d\u0259r d\u0259 g\u00fccl\u00fc t\u0259sir al\u0259tl\u0259ri m\u00f6vcud deyil. Avropa \u0130ttifaq\u0131 Bak\u0131 il\u0259 \u0130r\u0259van aras\u0131ndak\u0131 m\u00fcnaqi\u015f\u0259d\u0259 neytral m\u00f6vqe tutur v\u0259 yaln\u0131z Fransa faktiki, q\u0259ti d\u0259st\u0259k almadan Erm\u0259nistan\u0131n t\u0259r\u0259find\u0259 yer al\u0131r. Bu s\u0259b\u0259bd\u0259n Br\u00fcsseld\u0259 Senat\u0131n q\u0259tnam\u0259sinin d\u0259st\u0259kl\u0259nm\u0259si \u015fans\u0131n\u0131 g\u00f6rm\u00fcr\u0259m. \u00c7ox g\u00fcman ki, senatorlar\u0131n \u00f6zl\u0259ri d\u0259 bunu ba\u015fa d\u00fc\u015f\u00fcrl\u0259r\u201d.<\/p>\n<p><img src=\"https:\/\/cdn.oxu.az\/uploads\/W1siZiIsIjIwMjIvMTEvMTkvMTIvMDEvMDQvOWVkNzY5M2EtZTZiMC00ODQ4LTg5N2UtN2QzZjRmZjJiYTg4L2VKd0laYjhPUFZLODZBR0hQMllUUWhBYklxTzRVUVlzZmtXRUdwVkEuanBnIl0sWyJwIiwiZW5jb2RlIiwianBnIiwiLXF1YWxpdHkgODAiXSxbInAiLCJ0aHVtYiIsIjU5MHg1OTBcdTAwM2UiXV0?sha=221b83c2b2bddd23\" alt=\"\" \/><\/p>\n<p>Politoloq s\u00f6yl\u0259yib ki, m\u0259lum q\u0259tnam\u0259 44 g\u00fcnl\u00fck V\u0259t\u0259n m\u00fcharib\u0259si zaman\u0131 regiona burnunu soxma\u011fa icaz\u0259 verilm\u0259y\u0259n Fransan\u0131n Bak\u0131ya t\u0259zyiq vasit\u0259sidir: \u201cFransa q\u0259r\u0259zli siyas\u0259tin\u0259 n\u0259inki son verm\u0259m\u0259kd\u0259, bunu daha da alovland\u0131rmaqda maraql\u0131d\u0131r. Fransa bir daha m\u00fcharib\u0259ni, qan-qadan\u0131, yalan\u0131, indiki tarixi g\u0259l\u0259c\u0259k \u00fc\u00e7\u00fcn saxtala\u015fd\u0131rma\u011f\u0131 \u00fcst\u00fcn tutdu\u201d.<\/p>\n","protected":false},"excerpt":{"rendered":"<p>Bir ne\u00e7\u0259 g\u00fcn bundan \u00f6nc\u0259 Fransa Senat\u0131nda Az\u0259rbaycan \u0259leyhin\u0259 q\u0259r\u0259zli q\u0259tnam\u0259 q\u0259bul olunub. Q\u0259tnam\u0259 tamamil\u0259 h\u0259qiq\u0259td\u0259n uzaq, yalan v\u0259 iftira dolu m\u00fcdd\u0259alar\u0131 \u00f6z\u00fcnd\u0259 \u0259ks etdirib. Bu \u201cs\u0259n\u0259d\u201d a\u00e7\u0131q t\u0259xribat xarakteri da\u015f\u0131maqla, Az\u0259rbaycanla Erm\u0259nistan aras\u0131nda m\u00fcnasib\u0259tl\u0259rin normalla\u015fmas\u0131 prosesin\u0259 x\u0259l\u0259l g\u0259tirilm\u0259sin\u0259 xidm\u0259t edir. M\u00f6vzu il\u0259 ba\u011fl\u0131\u00a0\u201cKaspi\u201d\u00a0q\u0259zetinin yaz\u0131s\u0131n\u0131 t\u0259qdim edirik. Dayan\u0131ql\u0131 s\u00fclh\u00fcn t\u0259\u015fviq edilm\u0259sind\u0259n\u00a0uzaq \u201cs\u0259n\u0259d\u201d Az\u0259rbaycan\u0131n Xarici \u0130\u015fl\u0259r Nazirliyinin bununla ba\u011fl\u0131 yayd\u0131\u011f\u0131 m\u0259lumatda qeyd olundu\u011fu kimi, Fransa Senat\u0131 t\u0259r\u0259find\u0259n q\u0259bul edil\u0259n v\u0259 h\u0259r hans\u0131 h\u00fcquqi q\u00fcvv\u0259y\u0259 malik olmayan bu q\u0259tnam\u0259, s\u00fclh prosesin\u0259 \u00f6z t\u00f6hf\u0259sini verm\u0259k niyy\u0259tini b\u0259yan etmi\u015f \u00f6lk\u0259 kimi Fransan\u0131n n\u00f6vb\u0259ti d\u0259f\u0259&hellip;<\/p>\n","protected":false},"author":2,"featured_media":536492,"comment_status":"closed","ping_status":"closed","sticky":false,"template":"","format":"standard","meta":{"om_disable_all_campaigns":false,"_monsterinsights_skip_tracking":false,"_monsterinsights_sitenote_active":false,"_monsterinsights_sitenote_note":"","_monsterinsights_sitenote_category":0},"categories":[4],"tags":[],"aioseo_notices":[],"gutentor_comment":0,"rttpg_featured_image_url":{"full":["https:\/\/arantv.az\/wp-content\/uploads\/2022\/11\/FotoJet-14-1.jpg",620,413,false],"landscape":["https:\/\/arantv.az\/wp-content\/uploads\/2022\/11\/FotoJet-14-1.jpg",620,413,false],"portraits":["https:\/\/arantv.az\/wp-content\/uploads\/2022\/11\/FotoJet-14-1.jpg",620,413,false],"thumbnail":["https:\/\/arantv.az\/wp-content\/uploads\/2022\/11\/FotoJet-14-1-500x280.jpg",500,280,true],"medium":["https:\/\/arantv.az\/wp-content\/uploads\/2022\/11\/FotoJet-14-1-548x365.jpg",548,365,true],"large":["https:\/\/arantv.az\/wp-content\/uploads\/2022\/11\/FotoJet-14-1.jpg",620,413,false],"1536x1536":["https:\/\/arantv.az\/wp-content\/uploads\/2022\/11\/FotoJet-14-1.jpg",620,413,false],"2048x2048":["https:\/\/arantv.az\/wp-content\/uploads\/2022\/11\/FotoJet-14-1.jpg",620,413,false],"post-thumbnail":["https:\/\/arantv.az\/wp-content\/uploads\/2022\/11\/FotoJet-14-1-240x172.jpg",240,172,true],"advps-thumb-one":["https:\/\/arantv.az\/wp-content\/uploads\/2022\/11\/FotoJet-14-1.jpg",620,413,false]},"rttpg_author":{"display_name":"V\u00fcsal Rafiqo\u011flu","author_link":"https:\/\/arantv.az\/?author=2"},"rttpg_comment":0,"rttpg_category":"<a href=\"https:\/\/arantv.az\/?cat=4\" rel=\"category\">Siyas\u0259t<\/a>","rttpg_excerpt":"Bir ne\u00e7\u0259 g\u00fcn bundan \u00f6nc\u0259 Fransa Senat\u0131nda Az\u0259rbaycan \u0259leyhin\u0259 q\u0259r\u0259zli q\u0259tnam\u0259 q\u0259bul olunub. Q\u0259tnam\u0259 tamamil\u0259 h\u0259qiq\u0259td\u0259n uzaq, yalan v\u0259 iftira dolu m\u00fcdd\u0259alar\u0131 \u00f6z\u00fcnd\u0259 \u0259ks etdirib. Bu \u201cs\u0259n\u0259d\u201d a\u00e7\u0131q t\u0259xribat xarakteri da\u015f\u0131maqla, Az\u0259rbaycanla Erm\u0259nistan aras\u0131nda m\u00fcnasib\u0259tl\u0259rin normalla\u015fmas\u0131 prosesin\u0259 x\u0259l\u0259l g\u0259tirilm\u0259sin\u0259 xidm\u0259t edir. M\u00f6vzu il\u0259 ba\u011fl\u0131\u00a0\u201cKaspi\u201d\u00a0q\u0259zetinin yaz\u0131s\u0131n\u0131 t\u0259qdim edirik. Dayan\u0131ql\u0131 s\u00fclh\u00fcn t\u0259\u015fviq edilm\u0259sind\u0259n\u00a0uzaq \u201cs\u0259n\u0259d\u201d Az\u0259rbaycan\u0131n Xarici \u0130\u015fl\u0259r&hellip;","_links":{"self":[{"href":"https:\/\/arantv.az\/index.php?rest_route=\/wp\/v2\/posts\/536491"}],"collection":[{"href":"https:\/\/arantv.az\/index.php?rest_route=\/wp\/v2\/posts"}],"about":[{"href":"https:\/\/arantv.az\/index.php?rest_route=\/wp\/v2\/types\/post"}],"author":[{"embeddable":true,"href":"https:\/\/arantv.az\/index.php?rest_route=\/wp\/v2\/users\/2"}],"replies":[{"embeddable":true,"href":"https:\/\/arantv.az\/index.php?rest_route=%2Fwp%2Fv2%2Fcomments&post=536491"}],"version-history":[{"count":0,"href":"https:\/\/arantv.az\/index.php?rest_route=\/wp\/v2\/posts\/536491\/revisions"}],"wp:featuredmedia":[{"embeddable":true,"href":"https:\/\/arantv.az\/index.php?rest_route=\/wp\/v2\/media\/536492"}],"wp:attachment":[{"href":"https:\/\/arantv.az\/index.php?rest_route=%2Fwp%2Fv2%2Fmedia&parent=536491"}],"wp:term":[{"taxonomy":"category","embeddable":true,"href":"https:\/\/arantv.az\/index.php?rest_route=%2Fwp%2Fv2%2Fcategories&post=536491"},{"taxonomy":"post_tag","embeddable":true,"href":"https:\/\/arantv.az\/index.php?rest_route=%2Fwp%2Fv2%2Ftags&post=536491"}],"curies":[{"name":"wp","href":"https:\/\/api.w.org\/{rel}","templated":true}]}}