{"id":536504,"date":"2022-11-19T15:50:37","date_gmt":"2022-11-19T12:50:37","guid":{"rendered":"https:\/\/arantv.az\/?p=536504"},"modified":"2022-11-19T15:50:37","modified_gmt":"2022-11-19T12:50:37","slug":"bolqaristan-v%c9%99-turkiy%c9%99d%c9%99-istanbul-terrorunda-subh%c9%99li-bilin%c9%99n-s%c9%99xsl%c9%99r-saxlaniliblar","status":"publish","type":"post","link":"https:\/\/arantv.az\/?p=536504","title":{"rendered":"Bolqar\u0131stan v\u0259 T\u00fcrkiy\u0259d\u0259 \u0130stanbul terrorunda \u015f\u00fcbh\u0259li bilin\u0259n \u015f\u0259xsl\u0259r saxlan\u0131l\u0131blar"},"content":{"rendered":"<p>Bolqar\u0131stan polisi noyabr\u0131n 13-d\u0259 \u0130stanbulun \u0130stiqlal k\u00fc\u00e7\u0259sind\u0259 alt\u0131 n\u0259f\u0259rin \u00f6l\u00fcm\u00fc il\u0259 n\u0259tic\u0259l\u0259n\u0259n\u00a0<a href=\"https:\/\/oxu.az\/world\/663470\" target=\"_blank\" rel=\"noopener\"><strong>terror akt\u0131<\/strong><\/a><strong>\u00a0<\/strong>il\u0259 ba\u011fl\u0131 be\u015f \u015f\u00fcbh\u0259lini saxlay\u0131b.<\/p>\n<p>Bu bar\u0259d\u0259 Bolqar\u0131stan\u0131n milli televiziyas\u0131 m\u0259lumat yay\u0131b.<\/p>\n<div class=\"AdviadNativeVideo\"><\/div>\n<p>Qeyd olunur ki, saxlan\u0131lanlar aras\u0131nda Moldova v\u0259t\u0259nda\u015flar\u0131 v\u0259 \u0259r\u0259b \u0259silli \u015f\u0259xsl\u0259r d\u0259 var.<\/p>\n<p>Bolqar\u0131stan Prokurorlu\u011funun r\u0259smi n\u00fcmay\u0259nd\u0259si Siyka Mileva saxlanma il\u0259 ba\u011fl\u0131 m\u0259lumat\u0131 t\u0259sdiql\u0259y\u0259r\u0259k bildirib ki, be\u015f n\u0259f\u0259rd\u0259n d\u00f6rd\u00fc 72 saatl\u0131q saxlan\u0131l\u0131b.\u00a0Onlar\u0131n daimi h\u0259bsi \u00fc\u00e7\u00fcn m\u0259hk\u0259m\u0259y\u0259 t\u0259l\u0259b ir\u0259li s\u00fcr\u00fcl\u00fcb. \u0130lkin m\u0259lumatlara g\u00f6r\u0259, saxlan\u0131lanlar terror akt\u0131n\u0131n t\u0259\u015fkilat\u00e7\u0131lar\u0131n\u0131 maddi-texniki v\u0259 kommunikasiya d\u0259st\u0259yi il\u0259 t\u0259min edibl\u0259r. Bolqar\u0131stan izi il\u0259 ba\u011fl\u0131 ara\u015fd\u0131rman\u0131 Sofiya \u015e\u0259h\u0259r Prokurorlu\u011funun Terrorla M\u00fcbariz\u0259 Sektorunun m\u00fct\u0259x\u0259ssisl\u0259ri apar\u0131r.<\/p>\n<p>\u201cA Haber\u201d telekanal\u0131 h\u00fcquq-m\u00fchafiz\u0259 orqanlar\u0131ndak\u0131 m\u0259nb\u0259l\u0259r\u0259 istinad\u0259n x\u0259b\u0259r verir ki, bundan ba\u015fqa, T\u00fcrkiy\u0259 polisi h\u00fccumda i\u015ftirakda \u015f\u00fcbh\u0259li bilin\u0259r\u0259k daha s\u0259kkiz n\u0259f\u0259ri saxlay\u0131b.<\/p>\n<p>Televiziya \u015firk\u0259tinin m\u0259lumat\u0131na g\u00f6r\u0259, n\u0259zar\u0259t\u0259 al\u0131nan \u015f\u0259xsl\u0259r terror\u00e7ulara yard\u0131m etm\u0259kd\u0259 v\u0259 onlara s\u0131\u011f\u0131nacaq verm\u0259kd\u0259 \u015f\u00fcbh\u0259li bilinirl\u0259r. Saxlan\u0131lan iki \u015f\u0259xs, \u0259lav\u0259 olaraq, h\u00fccumu t\u00f6r\u0259d\u0259n Suriya v\u0259t\u0259nda\u015f\u0131 \u018fhlam \u0259l-B\u0259\u015fir\u0259 Suriyadan qeyri-qanuni yollarla T\u00fcrkiy\u0259y\u0259 ke\u00e7m\u0259y\u0259 k\u00f6m\u0259klik d\u0259 edibl\u0259r.<\/p>\n<p>Bundan \u0259vv\u0259l \u0130stanbulda t\u00f6r\u0259dil\u0259n terror akt\u0131nda 50 n\u0259f\u0259rin \u0259li oldu\u011fu bildirilirdi. Noyabr\u0131n 18-d\u0259 \u0130stanbul M\u0259hk\u0259m\u0259si\u00a0<strong><a href=\"https:\/\/oxu.az\/world\/663642\" target=\"_blank\" rel=\"noopener\">h\u00fccumu t\u00f6r\u0259d\u0259n<\/a><\/strong>\u00a0d\u0259 daxil olmaqla 17 \u015f\u00fcbh\u0259linin\u00a0h\u0259bsi bar\u0259d\u0259 q\u0259rar verib.<\/p>\n<p>M\u0259nb\u0259: TASS<\/p>\n","protected":false},"excerpt":{"rendered":"<p>Bolqar\u0131stan polisi noyabr\u0131n 13-d\u0259 \u0130stanbulun \u0130stiqlal k\u00fc\u00e7\u0259sind\u0259 alt\u0131 n\u0259f\u0259rin \u00f6l\u00fcm\u00fc il\u0259 n\u0259tic\u0259l\u0259n\u0259n\u00a0terror akt\u0131\u00a0il\u0259 ba\u011fl\u0131 be\u015f \u015f\u00fcbh\u0259lini saxlay\u0131b. Bu bar\u0259d\u0259 Bolqar\u0131stan\u0131n milli televiziyas\u0131 m\u0259lumat yay\u0131b. Qeyd olunur ki, saxlan\u0131lanlar aras\u0131nda Moldova v\u0259t\u0259nda\u015flar\u0131 v\u0259 \u0259r\u0259b \u0259silli \u015f\u0259xsl\u0259r d\u0259 var. Bolqar\u0131stan Prokurorlu\u011funun r\u0259smi n\u00fcmay\u0259nd\u0259si Siyka Mileva saxlanma il\u0259 ba\u011fl\u0131 m\u0259lumat\u0131 t\u0259sdiql\u0259y\u0259r\u0259k bildirib ki, be\u015f n\u0259f\u0259rd\u0259n d\u00f6rd\u00fc 72 saatl\u0131q saxlan\u0131l\u0131b.\u00a0Onlar\u0131n daimi h\u0259bsi \u00fc\u00e7\u00fcn m\u0259hk\u0259m\u0259y\u0259 t\u0259l\u0259b ir\u0259li s\u00fcr\u00fcl\u00fcb. \u0130lkin m\u0259lumatlara g\u00f6r\u0259, saxlan\u0131lanlar terror akt\u0131n\u0131n t\u0259\u015fkilat\u00e7\u0131lar\u0131n\u0131 maddi-texniki v\u0259 kommunikasiya d\u0259st\u0259yi il\u0259 t\u0259min edibl\u0259r. Bolqar\u0131stan izi il\u0259 ba\u011fl\u0131 ara\u015fd\u0131rman\u0131 Sofiya \u015e\u0259h\u0259r Prokurorlu\u011funun Terrorla M\u00fcbariz\u0259 Sektorunun m\u00fct\u0259x\u0259ssisl\u0259ri apar\u0131r.&hellip;<\/p>\n","protected":false},"author":2,"featured_media":536505,"comment_status":"closed","ping_status":"closed","sticky":false,"template":"","format":"standard","meta":{"om_disable_all_campaigns":false,"_monsterinsights_skip_tracking":false,"_monsterinsights_sitenote_active":false,"_monsterinsights_sitenote_note":"","_monsterinsights_sitenote_category":0},"categories":[7],"tags":[],"aioseo_notices":[],"gutentor_comment":0,"rttpg_featured_image_url":{"full":["https:\/\/arantv.az\/wp-content\/uploads\/2022\/11\/315299670_873378650357851_5590480118488532950_n.jpg",620,413,false],"landscape":["https:\/\/arantv.az\/wp-content\/uploads\/2022\/11\/315299670_873378650357851_5590480118488532950_n.jpg",620,413,false],"portraits":["https:\/\/arantv.az\/wp-content\/uploads\/2022\/11\/315299670_873378650357851_5590480118488532950_n.jpg",620,413,false],"thumbnail":["https:\/\/arantv.az\/wp-content\/uploads\/2022\/11\/315299670_873378650357851_5590480118488532950_n-500x280.jpg",500,280,true],"medium":["https:\/\/arantv.az\/wp-content\/uploads\/2022\/11\/315299670_873378650357851_5590480118488532950_n-548x365.jpg",548,365,true],"large":["https:\/\/arantv.az\/wp-content\/uploads\/2022\/11\/315299670_873378650357851_5590480118488532950_n.jpg",620,413,false],"1536x1536":["https:\/\/arantv.az\/wp-content\/uploads\/2022\/11\/315299670_873378650357851_5590480118488532950_n.jpg",620,413,false],"2048x2048":["https:\/\/arantv.az\/wp-content\/uploads\/2022\/11\/315299670_873378650357851_5590480118488532950_n.jpg",620,413,false],"post-thumbnail":["https:\/\/arantv.az\/wp-content\/uploads\/2022\/11\/315299670_873378650357851_5590480118488532950_n-240x172.jpg",240,172,true],"advps-thumb-one":["https:\/\/arantv.az\/wp-content\/uploads\/2022\/11\/315299670_873378650357851_5590480118488532950_n.jpg",620,413,false]},"rttpg_author":{"display_name":"V\u00fcsal Rafiqo\u011flu","author_link":"https:\/\/arantv.az\/?author=2"},"rttpg_comment":0,"rttpg_category":"<a href=\"https:\/\/arantv.az\/?cat=7\" rel=\"category\">D\u00fcnya<\/a>","rttpg_excerpt":"Bolqar\u0131stan polisi noyabr\u0131n 13-d\u0259 \u0130stanbulun \u0130stiqlal k\u00fc\u00e7\u0259sind\u0259 alt\u0131 n\u0259f\u0259rin \u00f6l\u00fcm\u00fc il\u0259 n\u0259tic\u0259l\u0259n\u0259n\u00a0terror akt\u0131\u00a0il\u0259 ba\u011fl\u0131 be\u015f \u015f\u00fcbh\u0259lini saxlay\u0131b. Bu bar\u0259d\u0259 Bolqar\u0131stan\u0131n milli televiziyas\u0131 m\u0259lumat yay\u0131b. Qeyd olunur ki, saxlan\u0131lanlar aras\u0131nda Moldova v\u0259t\u0259nda\u015flar\u0131 v\u0259 \u0259r\u0259b \u0259silli \u015f\u0259xsl\u0259r d\u0259 var. Bolqar\u0131stan Prokurorlu\u011funun r\u0259smi n\u00fcmay\u0259nd\u0259si Siyka Mileva saxlanma il\u0259 ba\u011fl\u0131 m\u0259lumat\u0131 t\u0259sdiql\u0259y\u0259r\u0259k bildirib ki, be\u015f n\u0259f\u0259rd\u0259n d\u00f6rd\u00fc 72 saatl\u0131q&hellip;","_links":{"self":[{"href":"https:\/\/arantv.az\/index.php?rest_route=\/wp\/v2\/posts\/536504"}],"collection":[{"href":"https:\/\/arantv.az\/index.php?rest_route=\/wp\/v2\/posts"}],"about":[{"href":"https:\/\/arantv.az\/index.php?rest_route=\/wp\/v2\/types\/post"}],"author":[{"embeddable":true,"href":"https:\/\/arantv.az\/index.php?rest_route=\/wp\/v2\/users\/2"}],"replies":[{"embeddable":true,"href":"https:\/\/arantv.az\/index.php?rest_route=%2Fwp%2Fv2%2Fcomments&post=536504"}],"version-history":[{"count":0,"href":"https:\/\/arantv.az\/index.php?rest_route=\/wp\/v2\/posts\/536504\/revisions"}],"wp:featuredmedia":[{"embeddable":true,"href":"https:\/\/arantv.az\/index.php?rest_route=\/wp\/v2\/media\/536505"}],"wp:attachment":[{"href":"https:\/\/arantv.az\/index.php?rest_route=%2Fwp%2Fv2%2Fmedia&parent=536504"}],"wp:term":[{"taxonomy":"category","embeddable":true,"href":"https:\/\/arantv.az\/index.php?rest_route=%2Fwp%2Fv2%2Fcategories&post=536504"},{"taxonomy":"post_tag","embeddable":true,"href":"https:\/\/arantv.az\/index.php?rest_route=%2Fwp%2Fv2%2Ftags&post=536504"}],"curies":[{"name":"wp","href":"https:\/\/api.w.org\/{rel}","templated":true}]}}