{"id":536511,"date":"2022-11-19T15:53:18","date_gmt":"2022-11-19T12:53:18","guid":{"rendered":"https:\/\/arantv.az\/?p=536511"},"modified":"2022-11-19T15:53:18","modified_gmt":"2022-11-19T12:53:18","slug":"almaniya-300-d%c9%99n-cox-az%c9%99rbaycan-v%c9%99t%c9%99ndasinin-siginacaq-ist%c9%99yini-r%c9%99dd-edib","status":"publish","type":"post","link":"https:\/\/arantv.az\/?p=536511","title":{"rendered":"Almaniya 300-d\u0259n \u00e7ox Az\u0259rbaycan v\u0259t\u0259nda\u015f\u0131n\u0131n s\u0131\u011f\u0131nacaq ist\u0259yini r\u0259dd edib"},"content":{"rendered":"<p>Almaniyadan s\u0131\u011f\u0131nacaq ist\u0259y\u0259n Az\u0259rbaycan v\u0259t\u0259nda\u015flar\u0131n\u0131n yeni statistikas\u0131 m\u0259lum olub.<\/p>\n<div class=\"AdviadNativeVideo\"><\/div>\n<p>Almaniya Miqrasiya v\u0259 Qa\u00e7q\u0131nlarla \u0130\u015f \u00fczr\u0259 Federal \u0130dar\u0259d\u0259n (BAMF)\u00a0\u201cReport\u201dun Avropa b\u00fcrosunun sor\u011fusuna cavab olaraq bildirilib ki, bu ilin yanvar-oktyabr aylar\u0131nda Az\u0259rbaycan v\u0259t\u0259nda\u015flar\u0131 il\u0259 \u0259laq\u0259dar \u00fcmumilikd\u0259 792 i\u015fl\u0259 ba\u011fl\u0131 q\u0259rar q\u0259bul edilib.<\/p>\n<p>Qeyd olunub ki, s\u0131\u011f\u0131nacaq m\u00fcraci\u0259tl\u0259rind\u0259n 319-na r\u0259dd cavab\u0131 verilib v\u0259 yaln\u0131z 53 n\u0259f\u0259rin Almaniyada qalmas\u0131 m\u0259qbul say\u0131l\u0131b.<\/p>\n<p>Bundan \u0259lav\u0259, BAMF Az\u0259rbaycan v\u0259t\u0259nda\u015flar\u0131 t\u0259r\u0259find\u0259n daxil olan 420 \u0259riz\u0259y\u0259 bax\u0131lmas\u0131n\u0131 dayand\u0131r\u0131b.<\/p>\n<p>Federal \u0130dar\u0259d\u0259n h\u0259m\u00e7inin vur\u011fulan\u0131b ki, s\u0131\u011f\u0131nacaq \u0259riz\u0259si q\u0259bul olunmayan \u015f\u0259xsl\u0259r\u0259 \u00f6lk\u0259ni k\u00f6n\u00fcll\u00fc t\u0259rk etm\u0259l\u0259ri il\u0259 ba\u011fl\u0131 x\u0259b\u0259rdarl\u0131q olunub.<\/p>\n","protected":false},"excerpt":{"rendered":"<p>Almaniyadan s\u0131\u011f\u0131nacaq ist\u0259y\u0259n Az\u0259rbaycan v\u0259t\u0259nda\u015flar\u0131n\u0131n yeni statistikas\u0131 m\u0259lum olub. Almaniya Miqrasiya v\u0259 Qa\u00e7q\u0131nlarla \u0130\u015f \u00fczr\u0259 Federal \u0130dar\u0259d\u0259n (BAMF)\u00a0\u201cReport\u201dun Avropa b\u00fcrosunun sor\u011fusuna cavab olaraq bildirilib ki, bu ilin yanvar-oktyabr aylar\u0131nda Az\u0259rbaycan v\u0259t\u0259nda\u015flar\u0131 il\u0259 \u0259laq\u0259dar \u00fcmumilikd\u0259 792 i\u015fl\u0259 ba\u011fl\u0131 q\u0259rar q\u0259bul edilib. Qeyd olunub ki, s\u0131\u011f\u0131nacaq m\u00fcraci\u0259tl\u0259rind\u0259n 319-na r\u0259dd cavab\u0131 verilib v\u0259 yaln\u0131z 53 n\u0259f\u0259rin Almaniyada qalmas\u0131 m\u0259qbul say\u0131l\u0131b. Bundan \u0259lav\u0259, BAMF Az\u0259rbaycan v\u0259t\u0259nda\u015flar\u0131 t\u0259r\u0259find\u0259n daxil olan 420 \u0259riz\u0259y\u0259 bax\u0131lmas\u0131n\u0131 dayand\u0131r\u0131b. Federal \u0130dar\u0259d\u0259n h\u0259m\u00e7inin vur\u011fulan\u0131b ki, s\u0131\u011f\u0131nacaq \u0259riz\u0259si q\u0259bul olunmayan \u015f\u0259xsl\u0259r\u0259 \u00f6lk\u0259ni k\u00f6n\u00fcll\u00fc t\u0259rk etm\u0259l\u0259ri il\u0259 ba\u011fl\u0131 x\u0259b\u0259rdarl\u0131q olunub.<\/p>\n","protected":false},"author":2,"featured_media":536512,"comment_status":"closed","ping_status":"closed","sticky":false,"template":"","format":"standard","meta":{"om_disable_all_campaigns":false,"_monsterinsights_skip_tracking":false,"_monsterinsights_sitenote_active":false,"_monsterinsights_sitenote_note":"","_monsterinsights_sitenote_category":0},"categories":[1],"tags":[],"aioseo_notices":[],"gutentor_comment":0,"rttpg_featured_image_url":{"full":["https:\/\/arantv.az\/wp-content\/uploads\/2022\/11\/942cc2eb-fe31-324f-8e11-d1d30ec9e88c_850.jpg",620,413,false],"landscape":["https:\/\/arantv.az\/wp-content\/uploads\/2022\/11\/942cc2eb-fe31-324f-8e11-d1d30ec9e88c_850.jpg",620,413,false],"portraits":["https:\/\/arantv.az\/wp-content\/uploads\/2022\/11\/942cc2eb-fe31-324f-8e11-d1d30ec9e88c_850.jpg",620,413,false],"thumbnail":["https:\/\/arantv.az\/wp-content\/uploads\/2022\/11\/942cc2eb-fe31-324f-8e11-d1d30ec9e88c_850-500x280.jpg",500,280,true],"medium":["https:\/\/arantv.az\/wp-content\/uploads\/2022\/11\/942cc2eb-fe31-324f-8e11-d1d30ec9e88c_850-548x365.jpg",548,365,true],"large":["https:\/\/arantv.az\/wp-content\/uploads\/2022\/11\/942cc2eb-fe31-324f-8e11-d1d30ec9e88c_850.jpg",620,413,false],"1536x1536":["https:\/\/arantv.az\/wp-content\/uploads\/2022\/11\/942cc2eb-fe31-324f-8e11-d1d30ec9e88c_850.jpg",620,413,false],"2048x2048":["https:\/\/arantv.az\/wp-content\/uploads\/2022\/11\/942cc2eb-fe31-324f-8e11-d1d30ec9e88c_850.jpg",620,413,false],"post-thumbnail":["https:\/\/arantv.az\/wp-content\/uploads\/2022\/11\/942cc2eb-fe31-324f-8e11-d1d30ec9e88c_850-240x172.jpg",240,172,true],"advps-thumb-one":["https:\/\/arantv.az\/wp-content\/uploads\/2022\/11\/942cc2eb-fe31-324f-8e11-d1d30ec9e88c_850.jpg",620,413,false]},"rttpg_author":{"display_name":"V\u00fcsal Rafiqo\u011flu","author_link":"https:\/\/arantv.az\/?author=2"},"rttpg_comment":0,"rttpg_category":"<a href=\"https:\/\/arantv.az\/?cat=1\" rel=\"category\">C\u0259miyy\u0259t<\/a>","rttpg_excerpt":"Almaniyadan s\u0131\u011f\u0131nacaq ist\u0259y\u0259n Az\u0259rbaycan v\u0259t\u0259nda\u015flar\u0131n\u0131n yeni statistikas\u0131 m\u0259lum olub. Almaniya Miqrasiya v\u0259 Qa\u00e7q\u0131nlarla \u0130\u015f \u00fczr\u0259 Federal \u0130dar\u0259d\u0259n (BAMF)\u00a0\u201cReport\u201dun Avropa b\u00fcrosunun sor\u011fusuna cavab olaraq bildirilib ki, bu ilin yanvar-oktyabr aylar\u0131nda Az\u0259rbaycan v\u0259t\u0259nda\u015flar\u0131 il\u0259 \u0259laq\u0259dar \u00fcmumilikd\u0259 792 i\u015fl\u0259 ba\u011fl\u0131 q\u0259rar q\u0259bul edilib. Qeyd olunub ki, s\u0131\u011f\u0131nacaq m\u00fcraci\u0259tl\u0259rind\u0259n 319-na r\u0259dd cavab\u0131 verilib v\u0259 yaln\u0131z 53 n\u0259f\u0259rin Almaniyada qalmas\u0131&hellip;","_links":{"self":[{"href":"https:\/\/arantv.az\/index.php?rest_route=\/wp\/v2\/posts\/536511"}],"collection":[{"href":"https:\/\/arantv.az\/index.php?rest_route=\/wp\/v2\/posts"}],"about":[{"href":"https:\/\/arantv.az\/index.php?rest_route=\/wp\/v2\/types\/post"}],"author":[{"embeddable":true,"href":"https:\/\/arantv.az\/index.php?rest_route=\/wp\/v2\/users\/2"}],"replies":[{"embeddable":true,"href":"https:\/\/arantv.az\/index.php?rest_route=%2Fwp%2Fv2%2Fcomments&post=536511"}],"version-history":[{"count":0,"href":"https:\/\/arantv.az\/index.php?rest_route=\/wp\/v2\/posts\/536511\/revisions"}],"wp:featuredmedia":[{"embeddable":true,"href":"https:\/\/arantv.az\/index.php?rest_route=\/wp\/v2\/media\/536512"}],"wp:attachment":[{"href":"https:\/\/arantv.az\/index.php?rest_route=%2Fwp%2Fv2%2Fmedia&parent=536511"}],"wp:term":[{"taxonomy":"category","embeddable":true,"href":"https:\/\/arantv.az\/index.php?rest_route=%2Fwp%2Fv2%2Fcategories&post=536511"},{"taxonomy":"post_tag","embeddable":true,"href":"https:\/\/arantv.az\/index.php?rest_route=%2Fwp%2Fv2%2Ftags&post=536511"}],"curies":[{"name":"wp","href":"https:\/\/api.w.org\/{rel}","templated":true}]}}