{"id":536514,"date":"2022-11-19T15:54:12","date_gmt":"2022-11-19T12:54:12","guid":{"rendered":"https:\/\/arantv.az\/?p=536514"},"modified":"2022-11-19T15:54:12","modified_gmt":"2022-11-19T12:54:12","slug":"abs-nin-minsk-qrupu-il%c9%99-bagli-movqeyi-az%c9%99rbaycanin-novb%c9%99ti-diplomatik-q%c9%99l%c9%99b%c9%99sidir-r%c9%99y-foto","status":"publish","type":"post","link":"https:\/\/arantv.az\/?p=536514","title":{"rendered":"\u201cAB\u015e-nin Minsk qrupu il\u0259 ba\u011fl\u0131 m\u00f6vqeyi Az\u0259rbaycan\u0131n n\u00f6vb\u0259ti diplomatik q\u0259l\u0259b\u0259sidir\u201d &#8211; R\u018fY + FOTO"},"content":{"rendered":"<p>\u201cAB\u015e-nin AT\u018fT-in Minsk qrupu il\u0259 ba\u011fl\u0131 m\u00f6vqeyi Az\u0259rbaycan\u0131n n\u00f6vb\u0259ti diplomatik q\u0259l\u0259b\u0259sidir\u201d.<\/p>\n<p>Bunu\u00a0\u201cReport\u201da a\u00e7\u0131qlamas\u0131nda Milli M\u0259clisin deputat\u0131 Ceyhun M\u0259mm\u0259dov deyib.<\/p>\n<div class=\"AdviadNativeVideo\"><\/div>\n<p>Onun s\u00f6zl\u0259rin\u0259 g\u00f6r\u0259, Erm\u0259nistan AT\u018fT-in Minsk qrupunun f\u0259aliyy\u0259tini davam etdirm\u0259sin\u0259 \u00e7ox \u00e7al\u0131\u015f\u0131b:<\/p>\n<p>\u201cAmma burada Prezident\u00a0<strong>\u0130lham \u018fliyev<\/strong>\u00a0prinsipial v\u0259 q\u0259tiyy\u0259tli formada \u00f6z m\u00f6vqeyini ortaya qoyaraq AT\u018fT-in Minsk qrupunun f\u0259aliyy\u0259tinin m\u00fcmk\u00fcns\u00fczl\u00fcy\u00fcn\u00fc bildirdi. Bir m\u00fcdd\u0259t \u0259vv\u0259l Rusiya da bu m\u0259s\u0259l\u0259y\u0259 m\u00fcnasib\u0259t bildirmi\u015fdi, indi is\u0259 AB\u015e. Bununla da Az\u0259rbaycan Qaraba\u011fla ba\u011fl\u0131 n\u00f6vb\u0259ti diplomatik q\u0259l\u0259b\u0259sini t\u0259min etmi\u015f oldu v\u0259 Erm\u0259nistan\u0131n b\u00fct\u00fcn s\u0259yl\u0259rin\u0259 baxmayaraq, he\u00e7 bir f\u0259aliyy\u0259ti olmayan AT\u018fT-in Minsk qrupunun b\u0259rpa etm\u0259si v\u0259 geri qaytarmas\u0131 m\u00fcmk\u00fcn olmad\u0131\u201d.<\/p>\n<p><img src=\"https:\/\/cdn.oxu.az\/uploads\/W1siZiIsIjIwMjIvMTEvMTkvMTUvMTkvNDgvMjMzYTk1ZjYtMjgxNS00ZTQzLTk1MTktN2IzNjQwZjhmOGVlL2FmZWIwZjg5LWQ2ZmEtM2Y0Yi1iMzNhLTUxNjlhNGZmZjljNS5qcGciXSxbInAiLCJlbmNvZGUiLCJqcGciLCItcXVhbGl0eSA4MCJdLFsicCIsInRodW1iIiwiNTkweDU5MFx1MDAzZSJdXQ?sha=9c376314f7e2efff\" alt=\"\" \/><\/p>\n<p>Deputat hesab edir ki, AB\u015e-\u0131n m\u0259s\u0259l\u0259y\u0259 bu c\u00fcr m\u00fcnasib\u0259ti b\u00f6y\u00fck hadis\u0259dir:<\/p>\n<p>\u201c\u00c7\u00fcnki Fransa v\u0259 ba\u015fqa d\u00f6vl\u0259tl\u0259r Erm\u0259nistan\u0131n m\u00f6vqeyi \u00fc\u00e7\u00fcn \u00e7al\u0131\u015f\u0131rd\u0131, amma Az\u0259rbaycan prinsipiall\u0131\u011f\u0131 il\u0259 bu m\u0259s\u0259l\u0259y\u0259 n\u00f6qt\u0259 qoydu. Art\u0131q AT\u018fT-in Minsk qrupu tarix\u0259 ke\u00e7mi\u015f oldu. \u0130ndi biz dig\u0259r istiqam\u0259td\u0259 add\u0131mlar\u0131m\u0131z\u0131 at\u0131r\u0131q. Bu da Az\u0259rbaycan\u0131n q\u0259l\u0259b\u0259sin\u0259 \u00f6z t\u00f6hf\u0259sini ver\u0259c\u0259k. Erm\u0259nistan da ba\u015fa d\u00fc\u015fm\u0259lidir ki, t\u0259xribatlarla v\u0259 s\u00fclh prosesini pozmaqla he\u00e7 n\u0259y\u0259 nail ola bilm\u0259y\u0259c\u0259k. Az\u0259rbaycan\u0131n m\u00f6vqeyi prinsipiald\u0131r\u201d.<\/p>\n<p>Qeyd ed\u0259k ki, AB\u015e D\u00f6vl\u0259t Departamentinin Qafqaz \u00fczr\u0259 ba\u015f m\u0259sl\u0259h\u0259t\u00e7isi Filip Riker AB\u015e Senat\u0131n\u0131n Beyn\u0259lxalq m\u00fcnasib\u0259tl\u0259r komit\u0259sinin t\u0259\u015fkil etdiyi \u201cAB\u015e-nin Qafqazdak\u0131 siyas\u0259tinin qiym\u0259tl\u0259ndirilm\u0259si\u201d m\u00f6vzusunda m\u00fczakir\u0259l\u0259r zaman\u0131 art\u0131q AT\u018fT-in Minsk qrupunun olmad\u0131\u011f\u0131n\u0131 etiraf etm\u0259yin vaxt\u0131 \u00e7atd\u0131\u011f\u0131n\u0131 bildirib.<\/p>\n<p>O, Minsk qrupu mexanizminin art\u0131q i\u015fl\u0259m\u0259diyini v\u0259 Erm\u0259nistan-Az\u0259rbaycan aras\u0131nda m\u00fcnasib\u0259tl\u0259rin nizamlanmas\u0131 prosesind\u0259 AB\u015e-nin h\u0259r iki \u00f6lk\u0259 il\u0259 birba\u015fa t\u0259masda oldu\u011funu a\u00e7\u0131qlay\u0131b.<\/p>\n","protected":false},"excerpt":{"rendered":"<p>\u201cAB\u015e-nin AT\u018fT-in Minsk qrupu il\u0259 ba\u011fl\u0131 m\u00f6vqeyi Az\u0259rbaycan\u0131n n\u00f6vb\u0259ti diplomatik q\u0259l\u0259b\u0259sidir\u201d. Bunu\u00a0\u201cReport\u201da a\u00e7\u0131qlamas\u0131nda Milli M\u0259clisin deputat\u0131 Ceyhun M\u0259mm\u0259dov deyib. Onun s\u00f6zl\u0259rin\u0259 g\u00f6r\u0259, Erm\u0259nistan AT\u018fT-in Minsk qrupunun f\u0259aliyy\u0259tini davam etdirm\u0259sin\u0259 \u00e7ox \u00e7al\u0131\u015f\u0131b: \u201cAmma burada Prezident\u00a0\u0130lham \u018fliyev\u00a0prinsipial v\u0259 q\u0259tiyy\u0259tli formada \u00f6z m\u00f6vqeyini ortaya qoyaraq AT\u018fT-in Minsk qrupunun f\u0259aliyy\u0259tinin m\u00fcmk\u00fcns\u00fczl\u00fcy\u00fcn\u00fc bildirdi. Bir m\u00fcdd\u0259t \u0259vv\u0259l Rusiya da bu m\u0259s\u0259l\u0259y\u0259 m\u00fcnasib\u0259t bildirmi\u015fdi, indi is\u0259 AB\u015e. Bununla da Az\u0259rbaycan Qaraba\u011fla ba\u011fl\u0131 n\u00f6vb\u0259ti diplomatik q\u0259l\u0259b\u0259sini t\u0259min etmi\u015f oldu v\u0259 Erm\u0259nistan\u0131n b\u00fct\u00fcn s\u0259yl\u0259rin\u0259 baxmayaraq, he\u00e7 bir f\u0259aliyy\u0259ti olmayan AT\u018fT-in Minsk qrupunun b\u0259rpa etm\u0259si v\u0259 geri qaytarmas\u0131 m\u00fcmk\u00fcn olmad\u0131\u201d.&hellip;<\/p>\n","protected":false},"author":2,"featured_media":536515,"comment_status":"closed","ping_status":"closed","sticky":false,"template":"","format":"standard","meta":{"om_disable_all_campaigns":false,"_monsterinsights_skip_tracking":false,"_monsterinsights_sitenote_active":false,"_monsterinsights_sitenote_note":"","_monsterinsights_sitenote_category":0},"categories":[4],"tags":[],"aioseo_notices":[],"gutentor_comment":0,"rttpg_featured_image_url":{"full":["https:\/\/arantv.az\/wp-content\/uploads\/2022\/11\/57735bcf-96ac-3339-bf08-02e709cf1947_850.jpg",620,413,false],"landscape":["https:\/\/arantv.az\/wp-content\/uploads\/2022\/11\/57735bcf-96ac-3339-bf08-02e709cf1947_850.jpg",620,413,false],"portraits":["https:\/\/arantv.az\/wp-content\/uploads\/2022\/11\/57735bcf-96ac-3339-bf08-02e709cf1947_850.jpg",620,413,false],"thumbnail":["https:\/\/arantv.az\/wp-content\/uploads\/2022\/11\/57735bcf-96ac-3339-bf08-02e709cf1947_850-500x280.jpg",500,280,true],"medium":["https:\/\/arantv.az\/wp-content\/uploads\/2022\/11\/57735bcf-96ac-3339-bf08-02e709cf1947_850-548x365.jpg",548,365,true],"large":["https:\/\/arantv.az\/wp-content\/uploads\/2022\/11\/57735bcf-96ac-3339-bf08-02e709cf1947_850.jpg",620,413,false],"1536x1536":["https:\/\/arantv.az\/wp-content\/uploads\/2022\/11\/57735bcf-96ac-3339-bf08-02e709cf1947_850.jpg",620,413,false],"2048x2048":["https:\/\/arantv.az\/wp-content\/uploads\/2022\/11\/57735bcf-96ac-3339-bf08-02e709cf1947_850.jpg",620,413,false],"post-thumbnail":["https:\/\/arantv.az\/wp-content\/uploads\/2022\/11\/57735bcf-96ac-3339-bf08-02e709cf1947_850-240x172.jpg",240,172,true],"advps-thumb-one":["https:\/\/arantv.az\/wp-content\/uploads\/2022\/11\/57735bcf-96ac-3339-bf08-02e709cf1947_850.jpg",620,413,false]},"rttpg_author":{"display_name":"V\u00fcsal Rafiqo\u011flu","author_link":"https:\/\/arantv.az\/?author=2"},"rttpg_comment":0,"rttpg_category":"<a href=\"https:\/\/arantv.az\/?cat=4\" rel=\"category\">Siyas\u0259t<\/a>","rttpg_excerpt":"\u201cAB\u015e-nin AT\u018fT-in Minsk qrupu il\u0259 ba\u011fl\u0131 m\u00f6vqeyi Az\u0259rbaycan\u0131n n\u00f6vb\u0259ti diplomatik q\u0259l\u0259b\u0259sidir\u201d. Bunu\u00a0\u201cReport\u201da a\u00e7\u0131qlamas\u0131nda Milli M\u0259clisin deputat\u0131 Ceyhun M\u0259mm\u0259dov deyib. Onun s\u00f6zl\u0259rin\u0259 g\u00f6r\u0259, Erm\u0259nistan AT\u018fT-in Minsk qrupunun f\u0259aliyy\u0259tini davam etdirm\u0259sin\u0259 \u00e7ox \u00e7al\u0131\u015f\u0131b: \u201cAmma burada Prezident\u00a0\u0130lham \u018fliyev\u00a0prinsipial v\u0259 q\u0259tiyy\u0259tli formada \u00f6z m\u00f6vqeyini ortaya qoyaraq AT\u018fT-in Minsk qrupunun f\u0259aliyy\u0259tinin m\u00fcmk\u00fcns\u00fczl\u00fcy\u00fcn\u00fc bildirdi. Bir m\u00fcdd\u0259t \u0259vv\u0259l Rusiya da bu m\u0259s\u0259l\u0259y\u0259&hellip;","_links":{"self":[{"href":"https:\/\/arantv.az\/index.php?rest_route=\/wp\/v2\/posts\/536514"}],"collection":[{"href":"https:\/\/arantv.az\/index.php?rest_route=\/wp\/v2\/posts"}],"about":[{"href":"https:\/\/arantv.az\/index.php?rest_route=\/wp\/v2\/types\/post"}],"author":[{"embeddable":true,"href":"https:\/\/arantv.az\/index.php?rest_route=\/wp\/v2\/users\/2"}],"replies":[{"embeddable":true,"href":"https:\/\/arantv.az\/index.php?rest_route=%2Fwp%2Fv2%2Fcomments&post=536514"}],"version-history":[{"count":0,"href":"https:\/\/arantv.az\/index.php?rest_route=\/wp\/v2\/posts\/536514\/revisions"}],"wp:featuredmedia":[{"embeddable":true,"href":"https:\/\/arantv.az\/index.php?rest_route=\/wp\/v2\/media\/536515"}],"wp:attachment":[{"href":"https:\/\/arantv.az\/index.php?rest_route=%2Fwp%2Fv2%2Fmedia&parent=536514"}],"wp:term":[{"taxonomy":"category","embeddable":true,"href":"https:\/\/arantv.az\/index.php?rest_route=%2Fwp%2Fv2%2Fcategories&post=536514"},{"taxonomy":"post_tag","embeddable":true,"href":"https:\/\/arantv.az\/index.php?rest_route=%2Fwp%2Fv2%2Ftags&post=536514"}],"curies":[{"name":"wp","href":"https:\/\/api.w.org\/{rel}","templated":true}]}}