{"id":536528,"date":"2022-11-19T16:45:27","date_gmt":"2022-11-19T13:45:27","guid":{"rendered":"https:\/\/arantv.az\/?p=536528"},"modified":"2022-11-19T16:45:27","modified_gmt":"2022-11-19T13:45:27","slug":"erm%c9%99ni-mediasi-blinken-pasinyanla-kifay%c9%99t-q%c9%99d%c9%99r-s%c9%99rt-tonda-danisib","status":"publish","type":"post","link":"https:\/\/arantv.az\/?p=536528","title":{"rendered":"Erm\u0259ni medias\u0131: \u201cBlinken Pa\u015finyanla kifay\u0259t q\u0259d\u0259r s\u0259rt tonda dan\u0131\u015f\u0131b\u201d"},"content":{"rendered":"<p>\u201cBu yax\u0131nlarda AB\u015e d\u00f6vl\u0259t katibi Antoni Blinken Nikol Pa\u015finyanla telefon dan\u0131\u015f\u0131\u011f\u0131 apar\u0131b. R\u0259smi m\u0259lumatlardan m\u0259lum olub ki, d\u00f6vl\u0259t katibi bir s\u0131ra dig\u0259r protokol formullar\u0131 il\u0259 yana\u015f\u0131, Pa\u015finyan\u0131 s\u00fclh prosesinin t\u0259\u015fviqi \u00fc\u00e7\u00fcn konkret n\u0259tic\u0259l\u0259rin \u0259ld\u0259 edilm\u0259si istiqam\u0259tind\u0259 ir\u0259lil\u0259yi\u015fi davam etdirm\u0259y\u0259 \u00e7a\u011f\u0131r\u0131b. \u00c7oxlar\u0131n\u0131 maraqland\u0131r\u0131rd\u0131 ki, niy\u0259 bel\u0259 \u201cz\u0259ng\u201d yaln\u0131z Erm\u0259nistan t\u0259r\u0259fin\u0259 edilib\u201d.<\/p>\n<div class=\"AdviadNativeVideo\"><\/div>\n<p>Bu bar\u0259d\u0259 Erm\u0259nistan\u0131n \u201cPast\u201d q\u0259zetind\u0259 d\u0259rc olunan m\u0259qal\u0259d\u0259 bildirilib.<\/p>\n<p>M\u00fc\u0259llifin s\u00f6zl\u0259rin\u0259 g\u00f6r\u0259, \u0259slind\u0259 bu m\u0259s\u0259l\u0259nin daha d\u0259rin alt m\u0259tni var.<\/p>\n<p>\u201cO c\u00fcml\u0259d\u0259n, diplomatik m\u0259nb\u0259mizin bildirdiyin\u0259 g\u00f6r\u0259, Blinken geosiyasi s\u0259b\u0259bl\u0259rd\u0259n dolay\u0131 Pa\u015finyanla kifay\u0259t q\u0259d\u0259r s\u0259rt tonda dan\u0131\u015f\u0131b. Erm\u0259nistan Xarici \u0130\u015fl\u0259r Nazirliyind\u0259ki m\u0259nb\u0259mizin s\u00f6zl\u0259rin\u0259 g\u00f6r\u0259, AB\u015e t\u0259r\u0259fi Rusiyan\u0131n m\u00fcnasib\u0259tl\u0259rin normalla\u015fd\u0131r\u0131lmas\u0131 t\u0259klifl\u0259ri il\u0259 ba\u011fl\u0131 Erm\u0259nistan\u0131n siyasi meydan\u0131nda s\u0259sl\u0259n\u0259n mesajlardan ciddi narahatd\u0131r. Fakt budur ki, Erm\u0259nistan hakimiyy\u0259ti d\u0259f\u0259l\u0259rl\u0259 a\u00e7\u0131q \u015f\u0259kild\u0259 b\u0259yan edib ki, onlar Rusiyan\u0131n t\u0259klifl\u0259rinin\u00a0(Qaraba\u011f m\u0259s\u0259l\u0259sinin h\u0259llini\u00a0g\u0259l\u0259c\u0259k n\u0259sill\u0259rin \u00f6hd\u0259sin\u0259 buraxmaq, Rusiya s\u00fclhm\u0259raml\u0131lar\u0131n\u0131n qalma m\u00fcdd\u0259tinin uzad\u0131lmas\u0131 v\u0259 s.) t\u0259r\u0259fdar\u0131d\u0131rlar.<\/p>\n<p>Odur ki, AB\u015e t\u0259r\u0259fi \u201cVa\u015finqton variant\u0131\u201dndan f\u0259rqli olaraq \u201cRusiya variant\u0131\u201dn\u0131n sonda dominant olaca\u011f\u0131ndan, bu da geosiyasi maraqlar v\u0259 ambisiyalar ucbat\u0131ndan Q\u0259rbin regionumuzdak\u0131 planlar\u0131n\u0131n iflasa u\u011framas\u0131 anlam\u0131na g\u0259lm\u0259sind\u0259n ciddi \u015f\u0259kild\u0259 narahatd\u0131r. T\u0259bii ki, Rusiyan\u0131n ist\u0259nil\u0259n \u015f\u0259kild\u0259 aktivl\u0259\u015fm\u0259si\u00a0v\u0259 n\u00fcfuz zonalar\u0131n\u0131n b\u0259rpas\u0131, yaxud geni\u015fl\u0259ndirilm\u0259si, yum\u015faq des\u0259k, \u201ckollektiv\u201d Q\u0259rbin v\u0259 x\u00fcsus\u0259n d\u0259 AB\u015e-\u0131n narahatl\u0131\u011f\u0131na s\u0259b\u0259b olur\u201d, \u2013 dey\u0259 m\u0259qal\u0259d\u0259 qeyd olunub.<\/p>\n","protected":false},"excerpt":{"rendered":"<p>\u201cBu yax\u0131nlarda AB\u015e d\u00f6vl\u0259t katibi Antoni Blinken Nikol Pa\u015finyanla telefon dan\u0131\u015f\u0131\u011f\u0131 apar\u0131b. R\u0259smi m\u0259lumatlardan m\u0259lum olub ki, d\u00f6vl\u0259t katibi bir s\u0131ra dig\u0259r protokol formullar\u0131 il\u0259 yana\u015f\u0131, Pa\u015finyan\u0131 s\u00fclh prosesinin t\u0259\u015fviqi \u00fc\u00e7\u00fcn konkret n\u0259tic\u0259l\u0259rin \u0259ld\u0259 edilm\u0259si istiqam\u0259tind\u0259 ir\u0259lil\u0259yi\u015fi davam etdirm\u0259y\u0259 \u00e7a\u011f\u0131r\u0131b. \u00c7oxlar\u0131n\u0131 maraqland\u0131r\u0131rd\u0131 ki, niy\u0259 bel\u0259 \u201cz\u0259ng\u201d yaln\u0131z Erm\u0259nistan t\u0259r\u0259fin\u0259 edilib\u201d. Bu bar\u0259d\u0259 Erm\u0259nistan\u0131n \u201cPast\u201d q\u0259zetind\u0259 d\u0259rc olunan m\u0259qal\u0259d\u0259 bildirilib. M\u00fc\u0259llifin s\u00f6zl\u0259rin\u0259 g\u00f6r\u0259, \u0259slind\u0259 bu m\u0259s\u0259l\u0259nin daha d\u0259rin alt m\u0259tni var. \u201cO c\u00fcml\u0259d\u0259n, diplomatik m\u0259nb\u0259mizin bildirdiyin\u0259 g\u00f6r\u0259, Blinken geosiyasi s\u0259b\u0259bl\u0259rd\u0259n dolay\u0131 Pa\u015finyanla kifay\u0259t q\u0259d\u0259r s\u0259rt tonda dan\u0131\u015f\u0131b. Erm\u0259nistan Xarici \u0130\u015fl\u0259r Nazirliyind\u0259ki&hellip;<\/p>\n","protected":false},"author":2,"featured_media":536529,"comment_status":"closed","ping_status":"closed","sticky":false,"template":"","format":"standard","meta":{"om_disable_all_campaigns":false,"_monsterinsights_skip_tracking":false,"_monsterinsights_sitenote_active":false,"_monsterinsights_sitenote_note":"","_monsterinsights_sitenote_category":0},"categories":[7],"tags":[],"aioseo_notices":[],"gutentor_comment":0,"rttpg_featured_image_url":{"full":["https:\/\/arantv.az\/wp-content\/uploads\/2022\/11\/315918059_537681054506346_3668416196528973892_n.jpg",620,413,false],"landscape":["https:\/\/arantv.az\/wp-content\/uploads\/2022\/11\/315918059_537681054506346_3668416196528973892_n.jpg",620,413,false],"portraits":["https:\/\/arantv.az\/wp-content\/uploads\/2022\/11\/315918059_537681054506346_3668416196528973892_n.jpg",620,413,false],"thumbnail":["https:\/\/arantv.az\/wp-content\/uploads\/2022\/11\/315918059_537681054506346_3668416196528973892_n-500x280.jpg",500,280,true],"medium":["https:\/\/arantv.az\/wp-content\/uploads\/2022\/11\/315918059_537681054506346_3668416196528973892_n-548x365.jpg",548,365,true],"large":["https:\/\/arantv.az\/wp-content\/uploads\/2022\/11\/315918059_537681054506346_3668416196528973892_n.jpg",620,413,false],"1536x1536":["https:\/\/arantv.az\/wp-content\/uploads\/2022\/11\/315918059_537681054506346_3668416196528973892_n.jpg",620,413,false],"2048x2048":["https:\/\/arantv.az\/wp-content\/uploads\/2022\/11\/315918059_537681054506346_3668416196528973892_n.jpg",620,413,false],"post-thumbnail":["https:\/\/arantv.az\/wp-content\/uploads\/2022\/11\/315918059_537681054506346_3668416196528973892_n-240x172.jpg",240,172,true],"advps-thumb-one":["https:\/\/arantv.az\/wp-content\/uploads\/2022\/11\/315918059_537681054506346_3668416196528973892_n.jpg",620,413,false]},"rttpg_author":{"display_name":"V\u00fcsal Rafiqo\u011flu","author_link":"https:\/\/arantv.az\/?author=2"},"rttpg_comment":0,"rttpg_category":"<a href=\"https:\/\/arantv.az\/?cat=7\" rel=\"category\">D\u00fcnya<\/a>","rttpg_excerpt":"\u201cBu yax\u0131nlarda AB\u015e d\u00f6vl\u0259t katibi Antoni Blinken Nikol Pa\u015finyanla telefon dan\u0131\u015f\u0131\u011f\u0131 apar\u0131b. R\u0259smi m\u0259lumatlardan m\u0259lum olub ki, d\u00f6vl\u0259t katibi bir s\u0131ra dig\u0259r protokol formullar\u0131 il\u0259 yana\u015f\u0131, Pa\u015finyan\u0131 s\u00fclh prosesinin t\u0259\u015fviqi \u00fc\u00e7\u00fcn konkret n\u0259tic\u0259l\u0259rin \u0259ld\u0259 edilm\u0259si istiqam\u0259tind\u0259 ir\u0259lil\u0259yi\u015fi davam etdirm\u0259y\u0259 \u00e7a\u011f\u0131r\u0131b. \u00c7oxlar\u0131n\u0131 maraqland\u0131r\u0131rd\u0131 ki, niy\u0259 bel\u0259 \u201cz\u0259ng\u201d yaln\u0131z Erm\u0259nistan t\u0259r\u0259fin\u0259 edilib\u201d. Bu bar\u0259d\u0259 Erm\u0259nistan\u0131n \u201cPast\u201d q\u0259zetind\u0259&hellip;","_links":{"self":[{"href":"https:\/\/arantv.az\/index.php?rest_route=\/wp\/v2\/posts\/536528"}],"collection":[{"href":"https:\/\/arantv.az\/index.php?rest_route=\/wp\/v2\/posts"}],"about":[{"href":"https:\/\/arantv.az\/index.php?rest_route=\/wp\/v2\/types\/post"}],"author":[{"embeddable":true,"href":"https:\/\/arantv.az\/index.php?rest_route=\/wp\/v2\/users\/2"}],"replies":[{"embeddable":true,"href":"https:\/\/arantv.az\/index.php?rest_route=%2Fwp%2Fv2%2Fcomments&post=536528"}],"version-history":[{"count":0,"href":"https:\/\/arantv.az\/index.php?rest_route=\/wp\/v2\/posts\/536528\/revisions"}],"wp:featuredmedia":[{"embeddable":true,"href":"https:\/\/arantv.az\/index.php?rest_route=\/wp\/v2\/media\/536529"}],"wp:attachment":[{"href":"https:\/\/arantv.az\/index.php?rest_route=%2Fwp%2Fv2%2Fmedia&parent=536528"}],"wp:term":[{"taxonomy":"category","embeddable":true,"href":"https:\/\/arantv.az\/index.php?rest_route=%2Fwp%2Fv2%2Fcategories&post=536528"},{"taxonomy":"post_tag","embeddable":true,"href":"https:\/\/arantv.az\/index.php?rest_route=%2Fwp%2Fv2%2Ftags&post=536528"}],"curies":[{"name":"wp","href":"https:\/\/api.w.org\/{rel}","templated":true}]}}