{"id":536539,"date":"2022-11-19T19:20:59","date_gmt":"2022-11-19T16:20:59","guid":{"rendered":"https:\/\/arantv.az\/?p=536539"},"modified":"2022-11-19T19:20:59","modified_gmt":"2022-11-19T16:20:59","slug":"trudo-pasinyanla-qafqazdaki-v%c9%99ziyy%c9%99ti-muzakir%c9%99-edib-foto","status":"publish","type":"post","link":"https:\/\/arantv.az\/?p=536539","title":{"rendered":"Tr\u00fcdo Pa\u015finyanla Qafqazdak\u0131 v\u0259ziyy\u0259ti m\u00fczakir\u0259 edib \u2013 FOTO"},"content":{"rendered":"<p>Kanadan\u0131n ba\u015f naziri Castin Tr\u00fcdo Erm\u0259nistan\u0131n ba\u015f naziri Nikol Pa\u015finyanla Qafqazdak\u0131 v\u0259ziyy\u0259ti m\u00fczakir\u0259 etdiyini a\u00e7\u0131qlay\u0131b.<\/p>\n<div class=\"AdviadNativeVideo\"><\/div>\n<p>\u201cBiz demokratiyan\u0131n g\u00fccl\u0259ndirilm\u0259sin\u0259, iqtisadiyyatlar\u0131m\u0131z\u0131n b\u00f6y\u00fcm\u0259sin\u0259, Qafqazda s\u00fclh v\u0259 t\u0259hl\u00fck\u0259sizliyin t\u0259\u015fviqin\u0259 sadiqik. Bu g\u00fcn Erm\u0259nistan\u0131n ba\u015f naziri Nikol Pa\u015finyanla bunlar\u0131 m\u00fczakir\u0259 etdik\u201d, &#8211; Trudeau \u015f\u0259nb\u0259 g\u00fcn\u00fc \u201cTwitter\u201d\u00a0s\u0259hif\u0259sind\u0259 yaz\u0131b.<\/p>\n<p>O \u0259lav\u0259 edib ki, s\u00f6hb\u0259t zaman\u0131 h\u0259m\u00e7inin Kanada v\u0259 Erm\u0259nistan aras\u0131nda m\u00fcnasib\u0259tl\u0259ri g\u00fccl\u0259ndirm\u0259k bar\u0259d\u0259 raz\u0131l\u0131q \u0259ld\u0259 olunub.<\/p>\n<div>\n<div class=\"twitter-tweet twitter-tweet-rendered\"><iframe id=\"twitter-widget-0\" class=\"\" title=\"Twitter Tweet\" src=\"https:\/\/platform.twitter.com\/embed\/Tweet.html?creatorScreenName=oxuaz&amp;dnt=false&amp;embedId=twitter-widget-0&amp;features=eyJ0ZndfdGltZWxpbmVfbGlzdCI6eyJidWNrZXQiOlsibGlua3RyLmVlIiwidHIuZWUiLCJ0ZXJyYS5jb20uYnIiLCJ3d3cubGlua3RyLmVlIiwid3d3LnRyLmVlIiwid3d3LnRlcnJhLmNvbS5iciJdLCJ2ZXJzaW9uIjpudWxsfSwidGZ3X2hvcml6b25fdGltZWxpbmVfMTIwMzQiOnsiYnVja2V0IjoidHJlYXRtZW50IiwidmVyc2lvbiI6bnVsbH0sInRmd190d2VldF9lZGl0X2JhY2tlbmQiOnsiYnVja2V0Ijoib24iLCJ2ZXJzaW9uIjpudWxsfSwidGZ3X3JlZnNyY19zZXNzaW9uIjp7ImJ1Y2tldCI6Im9uIiwidmVyc2lvbiI6bnVsbH0sInRmd19jaGluX3BpbGxzXzE0NzQxIjp7ImJ1Y2tldCI6ImNvbG9yX2ljb25zIiwidmVyc2lvbiI6bnVsbH0sInRmd190d2VldF9yZXN1bHRfbWlncmF0aW9uXzEzOTc5Ijp7ImJ1Y2tldCI6InR3ZWV0X3Jlc3VsdCIsInZlcnNpb24iOm51bGx9LCJ0Zndfc2Vuc2l0aXZlX21lZGlhX2ludGVyc3RpdGlhbF8xMzk2MyI6eyJidWNrZXQiOiJpbnRlcnN0aXRpYWwiLCJ2ZXJzaW9uIjpudWxsfSwidGZ3X2V4cGVyaW1lbnRzX2Nvb2tpZV9leHBpcmF0aW9uIjp7ImJ1Y2tldCI6MTIwOTYwMCwidmVyc2lvbiI6bnVsbH0sInRmd19kdXBsaWNhdGVfc2NyaWJlc190b19zZXR0aW5ncyI6eyJidWNrZXQiOiJvbiIsInZlcnNpb24iOm51bGx9LCJ0ZndfdmlkZW9faGxzX2R5bmFtaWNfbWFuaWZlc3RzXzE1MDgyIjp7ImJ1Y2tldCI6InRydWVfYml0cmF0ZSIsInZlcnNpb24iOm51bGx9LCJ0Zndfc2hvd19ibHVlX3ZlcmlmaWVkX2JhZGdlIjp7ImJ1Y2tldCI6Im9uIiwidmVyc2lvbiI6bnVsbH0sInRmd190d2VldF9lZGl0X2Zyb250ZW5kIjp7ImJ1Y2tldCI6Im9uIiwidmVyc2lvbiI6bnVsbH19&amp;frame=false&amp;hideCard=false&amp;hideThread=false&amp;id=1593985834121830401&amp;lang=en&amp;origin=https%3A%2F%2Foxu.az%2Fworld%2F665635&amp;sessionId=1b6b0cd525e2c91faee8f6e7103c6a79e0517d88&amp;siteScreenName=oxuaz&amp;theme=light&amp;widgetsVersion=a3525f077c700%3A1667415560940&amp;width=550px\" frameborder=\"0\" scrolling=\"no\" allowfullscreen=\"allowfullscreen\" data-mce-fragment=\"1\"><\/iframe><\/div>\n<blockquote class=\"twitter-tweet\" data-twitter-extracted-i1668874815689347806=\"true\">\n<p dir=\"ltr\" lang=\"en\">We\u2019re committed to strengthening democracy, growing our economies, and advancing peace and security in the Caucasus. That\u2019s what Armenia\u2019s Prime Minister,\u00a0<a href=\"https:\/\/twitter.com\/NikolPashinyan?ref_src=twsrc%5Etfw\">@NikolPashinyan<\/a>, and I discussed when we sat down today \u2013 and we\u2019ll continue to expand the partnership between our countries.\u00a0<a href=\"https:\/\/t.co\/1SpOwUyGti\">pic.twitter.com\/1SpOwUyGti<\/a><\/p>\n<p>\u2014 Justin Trudeau (@JustinTrudeau)\u00a0<a href=\"https:\/\/twitter.com\/JustinTrudeau\/status\/1593985834121830401?ref_src=twsrc%5Etfw\">November 19, 2022<\/a><\/p><\/blockquote>\n<\/div>\n<p>&nbsp;<\/p>\n","protected":false},"excerpt":{"rendered":"<p>Kanadan\u0131n ba\u015f naziri Castin Tr\u00fcdo Erm\u0259nistan\u0131n ba\u015f naziri Nikol Pa\u015finyanla Qafqazdak\u0131 v\u0259ziyy\u0259ti m\u00fczakir\u0259 etdiyini a\u00e7\u0131qlay\u0131b. \u201cBiz demokratiyan\u0131n g\u00fccl\u0259ndirilm\u0259sin\u0259, iqtisadiyyatlar\u0131m\u0131z\u0131n b\u00f6y\u00fcm\u0259sin\u0259, Qafqazda s\u00fclh v\u0259 t\u0259hl\u00fck\u0259sizliyin t\u0259\u015fviqin\u0259 sadiqik. Bu g\u00fcn Erm\u0259nistan\u0131n ba\u015f naziri Nikol Pa\u015finyanla bunlar\u0131 m\u00fczakir\u0259 etdik\u201d, &#8211; Trudeau \u015f\u0259nb\u0259 g\u00fcn\u00fc \u201cTwitter\u201d\u00a0s\u0259hif\u0259sind\u0259 yaz\u0131b. O \u0259lav\u0259 edib ki, s\u00f6hb\u0259t zaman\u0131 h\u0259m\u00e7inin Kanada v\u0259 Erm\u0259nistan aras\u0131nda m\u00fcnasib\u0259tl\u0259ri g\u00fccl\u0259ndirm\u0259k bar\u0259d\u0259 raz\u0131l\u0131q \u0259ld\u0259 olunub. We\u2019re committed to strengthening democracy, growing our economies, and advancing peace and security in the Caucasus. That\u2019s what Armenia\u2019s Prime Minister,\u00a0@NikolPashinyan, and I discussed when we sat down today \u2013 and&hellip;<\/p>\n","protected":false},"author":2,"featured_media":536540,"comment_status":"closed","ping_status":"closed","sticky":false,"template":"","format":"standard","meta":{"om_disable_all_campaigns":false,"_monsterinsights_skip_tracking":false,"_monsterinsights_sitenote_active":false,"_monsterinsights_sitenote_note":"","_monsterinsights_sitenote_category":0},"categories":[7],"tags":[],"aioseo_notices":[],"gutentor_comment":0,"rttpg_featured_image_url":{"full":["https:\/\/arantv.az\/wp-content\/uploads\/2022\/11\/DpZw0pDUcAAzMhD.jpg",620,413,false],"landscape":["https:\/\/arantv.az\/wp-content\/uploads\/2022\/11\/DpZw0pDUcAAzMhD.jpg",620,413,false],"portraits":["https:\/\/arantv.az\/wp-content\/uploads\/2022\/11\/DpZw0pDUcAAzMhD.jpg",620,413,false],"thumbnail":["https:\/\/arantv.az\/wp-content\/uploads\/2022\/11\/DpZw0pDUcAAzMhD-500x280.jpg",500,280,true],"medium":["https:\/\/arantv.az\/wp-content\/uploads\/2022\/11\/DpZw0pDUcAAzMhD-548x365.jpg",548,365,true],"large":["https:\/\/arantv.az\/wp-content\/uploads\/2022\/11\/DpZw0pDUcAAzMhD.jpg",620,413,false],"1536x1536":["https:\/\/arantv.az\/wp-content\/uploads\/2022\/11\/DpZw0pDUcAAzMhD.jpg",620,413,false],"2048x2048":["https:\/\/arantv.az\/wp-content\/uploads\/2022\/11\/DpZw0pDUcAAzMhD.jpg",620,413,false],"post-thumbnail":["https:\/\/arantv.az\/wp-content\/uploads\/2022\/11\/DpZw0pDUcAAzMhD-240x172.jpg",240,172,true],"advps-thumb-one":["https:\/\/arantv.az\/wp-content\/uploads\/2022\/11\/DpZw0pDUcAAzMhD.jpg",620,413,false]},"rttpg_author":{"display_name":"V\u00fcsal Rafiqo\u011flu","author_link":"https:\/\/arantv.az\/?author=2"},"rttpg_comment":0,"rttpg_category":"<a href=\"https:\/\/arantv.az\/?cat=7\" rel=\"category\">D\u00fcnya<\/a>","rttpg_excerpt":"Kanadan\u0131n ba\u015f naziri Castin Tr\u00fcdo Erm\u0259nistan\u0131n ba\u015f naziri Nikol Pa\u015finyanla Qafqazdak\u0131 v\u0259ziyy\u0259ti m\u00fczakir\u0259 etdiyini a\u00e7\u0131qlay\u0131b. \u201cBiz demokratiyan\u0131n g\u00fccl\u0259ndirilm\u0259sin\u0259, iqtisadiyyatlar\u0131m\u0131z\u0131n b\u00f6y\u00fcm\u0259sin\u0259, Qafqazda s\u00fclh v\u0259 t\u0259hl\u00fck\u0259sizliyin t\u0259\u015fviqin\u0259 sadiqik. Bu g\u00fcn Erm\u0259nistan\u0131n ba\u015f naziri Nikol Pa\u015finyanla bunlar\u0131 m\u00fczakir\u0259 etdik\u201d, &#8211; Trudeau \u015f\u0259nb\u0259 g\u00fcn\u00fc \u201cTwitter\u201d\u00a0s\u0259hif\u0259sind\u0259 yaz\u0131b. O \u0259lav\u0259 edib ki, s\u00f6hb\u0259t zaman\u0131 h\u0259m\u00e7inin Kanada v\u0259 Erm\u0259nistan aras\u0131nda m\u00fcnasib\u0259tl\u0259ri g\u00fccl\u0259ndirm\u0259k&hellip;","_links":{"self":[{"href":"https:\/\/arantv.az\/index.php?rest_route=\/wp\/v2\/posts\/536539"}],"collection":[{"href":"https:\/\/arantv.az\/index.php?rest_route=\/wp\/v2\/posts"}],"about":[{"href":"https:\/\/arantv.az\/index.php?rest_route=\/wp\/v2\/types\/post"}],"author":[{"embeddable":true,"href":"https:\/\/arantv.az\/index.php?rest_route=\/wp\/v2\/users\/2"}],"replies":[{"embeddable":true,"href":"https:\/\/arantv.az\/index.php?rest_route=%2Fwp%2Fv2%2Fcomments&post=536539"}],"version-history":[{"count":0,"href":"https:\/\/arantv.az\/index.php?rest_route=\/wp\/v2\/posts\/536539\/revisions"}],"wp:featuredmedia":[{"embeddable":true,"href":"https:\/\/arantv.az\/index.php?rest_route=\/wp\/v2\/media\/536540"}],"wp:attachment":[{"href":"https:\/\/arantv.az\/index.php?rest_route=%2Fwp%2Fv2%2Fmedia&parent=536539"}],"wp:term":[{"taxonomy":"category","embeddable":true,"href":"https:\/\/arantv.az\/index.php?rest_route=%2Fwp%2Fv2%2Fcategories&post=536539"},{"taxonomy":"post_tag","embeddable":true,"href":"https:\/\/arantv.az\/index.php?rest_route=%2Fwp%2Fv2%2Ftags&post=536539"}],"curies":[{"name":"wp","href":"https:\/\/api.w.org\/{rel}","templated":true}]}}