{"id":536542,"date":"2022-11-19T19:22:10","date_gmt":"2022-11-19T16:22:10","guid":{"rendered":"https:\/\/arantv.az\/?p=536542"},"modified":"2022-11-19T19:22:10","modified_gmt":"2022-11-19T16:22:10","slug":"qarabagla-bagli-daha-bir-t%c9%99skilat-dagilmaq-uzr%c9%99dir-video","status":"publish","type":"post","link":"https:\/\/arantv.az\/?p=536542","title":{"rendered":"Qaraba\u011fla ba\u011fl\u0131 daha bir t\u0259\u015fkilat da\u011f\u0131lmaq \u00fczr\u0259dir \u2013 V\u0130DEO"},"content":{"rendered":"<article class=\"news\">\n<div class=\"news-inner\">\n<p>AB\u015e D\u00f6vl\u0259t Departamentinin Qafqaz \u00fczr\u0259 ba\u015f m\u0259sl\u0259h\u0259t\u00e7isi Filip Riker AB\u015e Senat\u0131n\u0131n beyn\u0259lxalq m\u00fcnasib\u0259tl\u0259r komit\u0259sinin t\u0259\u015fkil etdiyi \u201cAB\u015e-\u0131n Qafqazdak\u0131 siyas\u0259tinin qiym\u0259tl\u0259ndirilm\u0259si\u201d m\u00f6vzusunda m\u00fczakir\u0259l\u0259r zaman\u0131 bildirib ki, art\u0131q AT\u018fT-in Minsk qrupunun olmad\u0131\u011f\u0131n\u0131 etiraf etm\u0259yin vaxt\u0131d\u0131r.<\/p>\n<p>O, bildirib ki, Minsk qrupu mexanizmi art\u0131q i\u015fl\u0259mir v\u0259 AB\u015e Erm\u0259nistan-Az\u0259rbaycan aras\u0131nda m\u00fcnasib\u0259tl\u0259rin nizamlanmas\u0131 prosesind\u0259 iki \u00f6lk\u0259 il\u0259 birba\u015fa t\u0259mas yolu il\u0259 i\u015ftirak edir:<br \/>\n\u201cAz\u0259rbaycan b\u0259yan edib ki, Minsk qrupu il\u0259 i\u015fl\u0259m\u0259y\u0259c\u0259k. Hesab edir\u0259m ki, bu mandata konsensus yolu il\u0259 son qoyma\u011f\u0131n vaxt\u0131d\u0131r\u201d.<\/p>\n<p>Daha \u0259trafl\u0131 Baku TV-nin s\u00fcjetind\u0259:<\/p>\n<div><iframe loading=\"lazy\" title=\"Qaraba\u011fla ba\u011fl\u0131 daha bir t\u0259\u015fkilat da\u011f\u0131l\u0131r - BAKU TV\" src=\"https:\/\/www.youtube.com\/embed\/piudJUOqbI8\" width=\"560\" height=\"315\" frameborder=\"0\" allowfullscreen=\"allowfullscreen\" data-mce-fragment=\"1\"><\/iframe><\/div>\n<\/div>\n<\/article>\n","protected":false},"excerpt":{"rendered":"<p>AB\u015e D\u00f6vl\u0259t Departamentinin Qafqaz \u00fczr\u0259 ba\u015f m\u0259sl\u0259h\u0259t\u00e7isi Filip Riker AB\u015e Senat\u0131n\u0131n beyn\u0259lxalq m\u00fcnasib\u0259tl\u0259r komit\u0259sinin t\u0259\u015fkil etdiyi \u201cAB\u015e-\u0131n Qafqazdak\u0131 siyas\u0259tinin qiym\u0259tl\u0259ndirilm\u0259si\u201d m\u00f6vzusunda m\u00fczakir\u0259l\u0259r zaman\u0131 bildirib ki, art\u0131q AT\u018fT-in Minsk qrupunun olmad\u0131\u011f\u0131n\u0131 etiraf etm\u0259yin vaxt\u0131d\u0131r. O, bildirib ki, Minsk qrupu mexanizmi art\u0131q i\u015fl\u0259mir v\u0259 AB\u015e Erm\u0259nistan-Az\u0259rbaycan aras\u0131nda m\u00fcnasib\u0259tl\u0259rin nizamlanmas\u0131 prosesind\u0259 iki \u00f6lk\u0259 il\u0259 birba\u015fa t\u0259mas yolu il\u0259 i\u015ftirak edir: \u201cAz\u0259rbaycan b\u0259yan edib ki, Minsk qrupu il\u0259 i\u015fl\u0259m\u0259y\u0259c\u0259k. Hesab edir\u0259m ki, bu mandata konsensus yolu il\u0259 son qoyma\u011f\u0131n vaxt\u0131d\u0131r\u201d. Daha \u0259trafl\u0131 Baku TV-nin s\u00fcjetind\u0259:<\/p>\n","protected":false},"author":2,"featured_media":536543,"comment_status":"closed","ping_status":"closed","sticky":false,"template":"","format":"standard","meta":{"om_disable_all_campaigns":false,"_monsterinsights_skip_tracking":false,"_monsterinsights_sitenote_active":false,"_monsterinsights_sitenote_note":"","_monsterinsights_sitenote_category":0},"categories":[4],"tags":[],"aioseo_notices":[],"gutentor_comment":0,"rttpg_featured_image_url":{"full":["https:\/\/arantv.az\/wp-content\/uploads\/2022\/11\/atet.jpg",620,413,false],"landscape":["https:\/\/arantv.az\/wp-content\/uploads\/2022\/11\/atet.jpg",620,413,false],"portraits":["https:\/\/arantv.az\/wp-content\/uploads\/2022\/11\/atet.jpg",620,413,false],"thumbnail":["https:\/\/arantv.az\/wp-content\/uploads\/2022\/11\/atet-500x280.jpg",500,280,true],"medium":["https:\/\/arantv.az\/wp-content\/uploads\/2022\/11\/atet-548x365.jpg",548,365,true],"large":["https:\/\/arantv.az\/wp-content\/uploads\/2022\/11\/atet.jpg",620,413,false],"1536x1536":["https:\/\/arantv.az\/wp-content\/uploads\/2022\/11\/atet.jpg",620,413,false],"2048x2048":["https:\/\/arantv.az\/wp-content\/uploads\/2022\/11\/atet.jpg",620,413,false],"post-thumbnail":["https:\/\/arantv.az\/wp-content\/uploads\/2022\/11\/atet-240x172.jpg",240,172,true],"advps-thumb-one":["https:\/\/arantv.az\/wp-content\/uploads\/2022\/11\/atet.jpg",620,413,false]},"rttpg_author":{"display_name":"V\u00fcsal Rafiqo\u011flu","author_link":"https:\/\/arantv.az\/?author=2"},"rttpg_comment":0,"rttpg_category":"<a href=\"https:\/\/arantv.az\/?cat=4\" rel=\"category\">Siyas\u0259t<\/a>","rttpg_excerpt":"AB\u015e D\u00f6vl\u0259t Departamentinin Qafqaz \u00fczr\u0259 ba\u015f m\u0259sl\u0259h\u0259t\u00e7isi Filip Riker AB\u015e Senat\u0131n\u0131n beyn\u0259lxalq m\u00fcnasib\u0259tl\u0259r komit\u0259sinin t\u0259\u015fkil etdiyi \u201cAB\u015e-\u0131n Qafqazdak\u0131 siyas\u0259tinin qiym\u0259tl\u0259ndirilm\u0259si\u201d m\u00f6vzusunda m\u00fczakir\u0259l\u0259r zaman\u0131 bildirib ki, art\u0131q AT\u018fT-in Minsk qrupunun olmad\u0131\u011f\u0131n\u0131 etiraf etm\u0259yin vaxt\u0131d\u0131r. O, bildirib ki, Minsk qrupu mexanizmi art\u0131q i\u015fl\u0259mir v\u0259 AB\u015e Erm\u0259nistan-Az\u0259rbaycan aras\u0131nda m\u00fcnasib\u0259tl\u0259rin nizamlanmas\u0131 prosesind\u0259 iki \u00f6lk\u0259 il\u0259 birba\u015fa t\u0259mas yolu il\u0259&hellip;","_links":{"self":[{"href":"https:\/\/arantv.az\/index.php?rest_route=\/wp\/v2\/posts\/536542"}],"collection":[{"href":"https:\/\/arantv.az\/index.php?rest_route=\/wp\/v2\/posts"}],"about":[{"href":"https:\/\/arantv.az\/index.php?rest_route=\/wp\/v2\/types\/post"}],"author":[{"embeddable":true,"href":"https:\/\/arantv.az\/index.php?rest_route=\/wp\/v2\/users\/2"}],"replies":[{"embeddable":true,"href":"https:\/\/arantv.az\/index.php?rest_route=%2Fwp%2Fv2%2Fcomments&post=536542"}],"version-history":[{"count":0,"href":"https:\/\/arantv.az\/index.php?rest_route=\/wp\/v2\/posts\/536542\/revisions"}],"wp:featuredmedia":[{"embeddable":true,"href":"https:\/\/arantv.az\/index.php?rest_route=\/wp\/v2\/media\/536543"}],"wp:attachment":[{"href":"https:\/\/arantv.az\/index.php?rest_route=%2Fwp%2Fv2%2Fmedia&parent=536542"}],"wp:term":[{"taxonomy":"category","embeddable":true,"href":"https:\/\/arantv.az\/index.php?rest_route=%2Fwp%2Fv2%2Fcategories&post=536542"},{"taxonomy":"post_tag","embeddable":true,"href":"https:\/\/arantv.az\/index.php?rest_route=%2Fwp%2Fv2%2Ftags&post=536542"}],"curies":[{"name":"wp","href":"https:\/\/api.w.org\/{rel}","templated":true}]}}