{"id":536556,"date":"2022-11-19T19:29:27","date_gmt":"2022-11-19T16:29:27","guid":{"rendered":"https:\/\/arantv.az\/?p=536556"},"modified":"2022-11-19T19:29:27","modified_gmt":"2022-11-19T16:29:27","slug":"istanbuldaki-partlayisda-z%c9%99r%c9%99rc%c9%99k%c9%99nl%c9%99rd%c9%99n-71-n%c9%99f%c9%99ri-x%c9%99st%c9%99xanalardan-buraxilib-foto","status":"publish","type":"post","link":"https:\/\/arantv.az\/?p=536556","title":{"rendered":"\u0130stanbuldak\u0131 partlay\u0131\u015fda z\u0259r\u0259r\u00e7\u0259k\u0259nl\u0259rd\u0259n 71 n\u0259f\u0259ri x\u0259st\u0259xanalardan burax\u0131l\u0131b &#8211; FOTO"},"content":{"rendered":"<p>T\u00fcrkiy\u0259nin S\u0259hiyy\u0259 naziri Fahrettin Koca \u015f\u0259nb\u0259 g\u00fcn\u00fc \u0130stanbulun \u0130stiqlal k\u00fc\u00e7\u0259sind\u0259 noyabr\u0131n 13-d\u0259 t\u00f6r\u0259dil\u0259n terror akt\u0131ndan sonra 71 n\u0259f\u0259rin x\u0259st\u0259xanalardan burax\u0131ld\u0131\u011f\u0131n\u0131, 10 n\u0259f\u0259rin is\u0259 m\u00fcalic\u0259sinin davam etdiyini bildirib.<\/p>\n<div class=\"AdviadNativeVideo\"><\/div>\n<p>\u201c\u0130stiklal k\u00fc\u00e7\u0259sind\u0259 ba\u015f ver\u0259n partlay\u0131\u015fda x\u0259sar\u0259t alan 81 n\u0259f\u0259rd\u0259n bu g\u00fcn\u0259 q\u0259d\u0259r 71 n\u0259f\u0259r m\u00fcalic\u0259 olunduqdan sonra x\u0259st\u0259xanalardan ev\u0259 burax\u0131l\u0131b. 8 n\u0259f\u0259rin m\u00fcalic\u0259si terapiya palatalar\u0131nda davam edir. \u0130ki\u00a0x\u0259st\u0259 is\u0259 reanimasiyadad\u0131r\u201d, &#8211; nazir \u201cTwitter\u201dd\u0259 yaz\u0131b.<\/p>\n<p>Xat\u0131rladaq ki, noyabr\u0131n 13-d\u0259 \u0130stanbulun \u0130stiqlal k\u00fc\u00e7\u0259sind\u0259 ba\u015f ver\u0259n partlay\u0131\u015f n\u0259tic\u0259sind\u0259 6 n\u0259f\u0259r \u00f6l\u00fcb, 80-d\u0259n \u00e7ox insan yaralan\u0131b.<\/p>\n<div>\n<div class=\"twitter-tweet twitter-tweet-rendered\"><iframe id=\"twitter-widget-0\" class=\"\" title=\"Twitter Tweet\" src=\"https:\/\/platform.twitter.com\/embed\/Tweet.html?creatorScreenName=oxuaz&amp;dnt=false&amp;embedId=twitter-widget-0&amp;features=eyJ0ZndfdGltZWxpbmVfbGlzdCI6eyJidWNrZXQiOlsibGlua3RyLmVlIiwidHIuZWUiLCJ0ZXJyYS5jb20uYnIiLCJ3d3cubGlua3RyLmVlIiwid3d3LnRyLmVlIiwid3d3LnRlcnJhLmNvbS5iciJdLCJ2ZXJzaW9uIjpudWxsfSwidGZ3X2hvcml6b25fdGltZWxpbmVfMTIwMzQiOnsiYnVja2V0IjoidHJlYXRtZW50IiwidmVyc2lvbiI6bnVsbH0sInRmd190d2VldF9lZGl0X2JhY2tlbmQiOnsiYnVja2V0Ijoib24iLCJ2ZXJzaW9uIjpudWxsfSwidGZ3X3JlZnNyY19zZXNzaW9uIjp7ImJ1Y2tldCI6Im9uIiwidmVyc2lvbiI6bnVsbH0sInRmd19jaGluX3BpbGxzXzE0NzQxIjp7ImJ1Y2tldCI6ImNvbG9yX2ljb25zIiwidmVyc2lvbiI6bnVsbH0sInRmd190d2VldF9yZXN1bHRfbWlncmF0aW9uXzEzOTc5Ijp7ImJ1Y2tldCI6InR3ZWV0X3Jlc3VsdCIsInZlcnNpb24iOm51bGx9LCJ0Zndfc2Vuc2l0aXZlX21lZGlhX2ludGVyc3RpdGlhbF8xMzk2MyI6eyJidWNrZXQiOiJpbnRlcnN0aXRpYWwiLCJ2ZXJzaW9uIjpudWxsfSwidGZ3X2V4cGVyaW1lbnRzX2Nvb2tpZV9leHBpcmF0aW9uIjp7ImJ1Y2tldCI6MTIwOTYwMCwidmVyc2lvbiI6bnVsbH0sInRmd19kdXBsaWNhdGVfc2NyaWJlc190b19zZXR0aW5ncyI6eyJidWNrZXQiOiJvbiIsInZlcnNpb24iOm51bGx9LCJ0ZndfdmlkZW9faGxzX2R5bmFtaWNfbWFuaWZlc3RzXzE1MDgyIjp7ImJ1Y2tldCI6InRydWVfYml0cmF0ZSIsInZlcnNpb24iOm51bGx9LCJ0Zndfc2hvd19ibHVlX3ZlcmlmaWVkX2JhZGdlIjp7ImJ1Y2tldCI6Im9uIiwidmVyc2lvbiI6bnVsbH0sInRmd190d2VldF9lZGl0X2Zyb250ZW5kIjp7ImJ1Y2tldCI6Im9uIiwidmVyc2lvbiI6bnVsbH19&amp;frame=false&amp;hideCard=false&amp;hideThread=false&amp;id=1593955132676673536&amp;lang=en&amp;origin=https%3A%2F%2Foxu.az%2Fworld%2F665600&amp;sessionId=0f7d677684265551afa8b6d914f6ee205c53754f&amp;siteScreenName=oxuaz&amp;theme=light&amp;widgetsVersion=a3525f077c700%3A1667415560940&amp;width=550px\" frameborder=\"0\" scrolling=\"no\" allowfullscreen=\"allowfullscreen\" data-tweet-id=\"1593955132676673536\" data-mce-fragment=\"1\"><\/iframe><\/div>\n<\/div>\n<p>&nbsp;<\/p>\n","protected":false},"excerpt":{"rendered":"<p>T\u00fcrkiy\u0259nin S\u0259hiyy\u0259 naziri Fahrettin Koca \u015f\u0259nb\u0259 g\u00fcn\u00fc \u0130stanbulun \u0130stiqlal k\u00fc\u00e7\u0259sind\u0259 noyabr\u0131n 13-d\u0259 t\u00f6r\u0259dil\u0259n terror akt\u0131ndan sonra 71 n\u0259f\u0259rin x\u0259st\u0259xanalardan burax\u0131ld\u0131\u011f\u0131n\u0131, 10 n\u0259f\u0259rin is\u0259 m\u00fcalic\u0259sinin davam etdiyini bildirib. \u201c\u0130stiklal k\u00fc\u00e7\u0259sind\u0259 ba\u015f ver\u0259n partlay\u0131\u015fda x\u0259sar\u0259t alan 81 n\u0259f\u0259rd\u0259n bu g\u00fcn\u0259 q\u0259d\u0259r 71 n\u0259f\u0259r m\u00fcalic\u0259 olunduqdan sonra x\u0259st\u0259xanalardan ev\u0259 burax\u0131l\u0131b. 8 n\u0259f\u0259rin m\u00fcalic\u0259si terapiya palatalar\u0131nda davam edir. \u0130ki\u00a0x\u0259st\u0259 is\u0259 reanimasiyadad\u0131r\u201d, &#8211; nazir \u201cTwitter\u201dd\u0259 yaz\u0131b. Xat\u0131rladaq ki, noyabr\u0131n 13-d\u0259 \u0130stanbulun \u0130stiqlal k\u00fc\u00e7\u0259sind\u0259 ba\u015f ver\u0259n partlay\u0131\u015f n\u0259tic\u0259sind\u0259 6 n\u0259f\u0259r \u00f6l\u00fcb, 80-d\u0259n \u00e7ox insan yaralan\u0131b. &nbsp;<\/p>\n","protected":false},"author":2,"featured_media":536558,"comment_status":"closed","ping_status":"closed","sticky":false,"template":"","format":"standard","meta":{"om_disable_all_campaigns":false,"_monsterinsights_skip_tracking":false,"_monsterinsights_sitenote_active":false,"_monsterinsights_sitenote_note":"","_monsterinsights_sitenote_category":0},"categories":[7],"tags":[],"aioseo_notices":[],"gutentor_comment":0,"rttpg_featured_image_url":{"full":["https:\/\/arantv.az\/wp-content\/uploads\/2022\/11\/FotoJet-2022-11-15T154025.469-1.jpg",620,413,false],"landscape":["https:\/\/arantv.az\/wp-content\/uploads\/2022\/11\/FotoJet-2022-11-15T154025.469-1.jpg",620,413,false],"portraits":["https:\/\/arantv.az\/wp-content\/uploads\/2022\/11\/FotoJet-2022-11-15T154025.469-1.jpg",620,413,false],"thumbnail":["https:\/\/arantv.az\/wp-content\/uploads\/2022\/11\/FotoJet-2022-11-15T154025.469-1-500x280.jpg",500,280,true],"medium":["https:\/\/arantv.az\/wp-content\/uploads\/2022\/11\/FotoJet-2022-11-15T154025.469-1-548x365.jpg",548,365,true],"large":["https:\/\/arantv.az\/wp-content\/uploads\/2022\/11\/FotoJet-2022-11-15T154025.469-1.jpg",620,413,false],"1536x1536":["https:\/\/arantv.az\/wp-content\/uploads\/2022\/11\/FotoJet-2022-11-15T154025.469-1.jpg",620,413,false],"2048x2048":["https:\/\/arantv.az\/wp-content\/uploads\/2022\/11\/FotoJet-2022-11-15T154025.469-1.jpg",620,413,false],"post-thumbnail":["https:\/\/arantv.az\/wp-content\/uploads\/2022\/11\/FotoJet-2022-11-15T154025.469-1-240x172.jpg",240,172,true],"advps-thumb-one":["https:\/\/arantv.az\/wp-content\/uploads\/2022\/11\/FotoJet-2022-11-15T154025.469-1.jpg",620,413,false]},"rttpg_author":{"display_name":"V\u00fcsal Rafiqo\u011flu","author_link":"https:\/\/arantv.az\/?author=2"},"rttpg_comment":0,"rttpg_category":"<a href=\"https:\/\/arantv.az\/?cat=7\" rel=\"category\">D\u00fcnya<\/a>","rttpg_excerpt":"T\u00fcrkiy\u0259nin S\u0259hiyy\u0259 naziri Fahrettin Koca \u015f\u0259nb\u0259 g\u00fcn\u00fc \u0130stanbulun \u0130stiqlal k\u00fc\u00e7\u0259sind\u0259 noyabr\u0131n 13-d\u0259 t\u00f6r\u0259dil\u0259n terror akt\u0131ndan sonra 71 n\u0259f\u0259rin x\u0259st\u0259xanalardan burax\u0131ld\u0131\u011f\u0131n\u0131, 10 n\u0259f\u0259rin is\u0259 m\u00fcalic\u0259sinin davam etdiyini bildirib. \u201c\u0130stiklal k\u00fc\u00e7\u0259sind\u0259 ba\u015f ver\u0259n partlay\u0131\u015fda x\u0259sar\u0259t alan 81 n\u0259f\u0259rd\u0259n bu g\u00fcn\u0259 q\u0259d\u0259r 71 n\u0259f\u0259r m\u00fcalic\u0259 olunduqdan sonra x\u0259st\u0259xanalardan ev\u0259 burax\u0131l\u0131b. 8 n\u0259f\u0259rin m\u00fcalic\u0259si terapiya palatalar\u0131nda davam edir. \u0130ki\u00a0x\u0259st\u0259&hellip;","_links":{"self":[{"href":"https:\/\/arantv.az\/index.php?rest_route=\/wp\/v2\/posts\/536556"}],"collection":[{"href":"https:\/\/arantv.az\/index.php?rest_route=\/wp\/v2\/posts"}],"about":[{"href":"https:\/\/arantv.az\/index.php?rest_route=\/wp\/v2\/types\/post"}],"author":[{"embeddable":true,"href":"https:\/\/arantv.az\/index.php?rest_route=\/wp\/v2\/users\/2"}],"replies":[{"embeddable":true,"href":"https:\/\/arantv.az\/index.php?rest_route=%2Fwp%2Fv2%2Fcomments&post=536556"}],"version-history":[{"count":0,"href":"https:\/\/arantv.az\/index.php?rest_route=\/wp\/v2\/posts\/536556\/revisions"}],"wp:featuredmedia":[{"embeddable":true,"href":"https:\/\/arantv.az\/index.php?rest_route=\/wp\/v2\/media\/536558"}],"wp:attachment":[{"href":"https:\/\/arantv.az\/index.php?rest_route=%2Fwp%2Fv2%2Fmedia&parent=536556"}],"wp:term":[{"taxonomy":"category","embeddable":true,"href":"https:\/\/arantv.az\/index.php?rest_route=%2Fwp%2Fv2%2Fcategories&post=536556"},{"taxonomy":"post_tag","embeddable":true,"href":"https:\/\/arantv.az\/index.php?rest_route=%2Fwp%2Fv2%2Ftags&post=536556"}],"curies":[{"name":"wp","href":"https:\/\/api.w.org\/{rel}","templated":true}]}}