{"id":536563,"date":"2022-11-19T19:31:37","date_gmt":"2022-11-19T16:31:37","guid":{"rendered":"https:\/\/arantv.az\/?p=536563"},"modified":"2022-11-19T19:31:37","modified_gmt":"2022-11-19T16:31:37","slug":"prezident-aslan-aslanovu-az%c9%99rtac-in-r%c9%99hb%c9%99ri-v%c9%99zif%c9%99sind%c9%99n-azad-edib-s%c9%99r%c9%99ncam-video","status":"publish","type":"post","link":"https:\/\/arantv.az\/?p=536563","title":{"rendered":"Prezident Aslan Aslanovu AZ\u018fRTAC-\u0131n r\u0259hb\u0259ri v\u0259zif\u0259sind\u0259n azad edib &#8211; S\u018fR\u018fNCAM + V\u0130DEO"},"content":{"rendered":"<article class=\"news\">\n<div class=\"news-inner\">\n<p>Aslan Aslanov Az\u0259rbaycan D\u00f6vl\u0259t \u0130nformasiya Agentliyinin (AZ\u018fRTAC-\u0131n) \u0130dar\u0259 Hey\u0259tinin s\u0259dri v\u0259zif\u0259sind\u0259n azad edilib.<\/p>\n<p><a href=\"https:\/\/azertag.az\/xeber\/AAAslanovun_Azerbaycan_Dovlet_Informasiya_Agentliyinin_AZARTAC_in_Idare_Heyetinin_sedri_vezifesinden_azad_edilmesi_haqqinda__Azerbaycan_Respublikasi_Prezidentinin_Serencami-2380559\" target=\"_blank\" rel=\"noopener\">AZ\u018fRTAC<\/a>\u00a0x\u0259b\u0259r verir ki, bu bar\u0259d\u0259 Az\u0259rbaycan Respublikas\u0131n\u0131n Prezidenti \u0130lham \u018fliyev S\u0259r\u0259ncam imzalay\u0131b.<\/p>\n<p>S\u0259r\u0259ncama \u0259sas\u0259n Aslan \u018fhm\u0259d o\u011flu Aslanov Az\u0259rbaycan D\u00f6vl\u0259t \u0130nformasiya Agentliyinin \u0130dar\u0259 Hey\u0259tinin s\u0259dri v\u0259zif\u0259sind\u0259n azad olunub.<\/p>\n<div><iframe loading=\"lazy\" title=\"AZ\u018fRTAC-\u0131n s\u0259dri v\u0259zif\u0259sind\u0259n azad edildi - BAKU TV\" src=\"https:\/\/www.youtube.com\/embed\/0RaJFaIYHhw\" width=\"560\" height=\"315\" frameborder=\"0\" allowfullscreen=\"allowfullscreen\" data-mce-fragment=\"1\"><\/iframe><\/div>\n<\/div>\n<\/article>\n","protected":false},"excerpt":{"rendered":"<p>Aslan Aslanov Az\u0259rbaycan D\u00f6vl\u0259t \u0130nformasiya Agentliyinin (AZ\u018fRTAC-\u0131n) \u0130dar\u0259 Hey\u0259tinin s\u0259dri v\u0259zif\u0259sind\u0259n azad edilib. AZ\u018fRTAC\u00a0x\u0259b\u0259r verir ki, bu bar\u0259d\u0259 Az\u0259rbaycan Respublikas\u0131n\u0131n Prezidenti \u0130lham \u018fliyev S\u0259r\u0259ncam imzalay\u0131b. S\u0259r\u0259ncama \u0259sas\u0259n Aslan \u018fhm\u0259d o\u011flu Aslanov Az\u0259rbaycan D\u00f6vl\u0259t \u0130nformasiya Agentliyinin \u0130dar\u0259 Hey\u0259tinin s\u0259dri v\u0259zif\u0259sind\u0259n azad olunub.<\/p>\n","protected":false},"author":2,"featured_media":536564,"comment_status":"closed","ping_status":"closed","sticky":false,"template":"","format":"standard","meta":{"om_disable_all_campaigns":false,"_monsterinsights_skip_tracking":false,"_monsterinsights_sitenote_active":false,"_monsterinsights_sitenote_note":"","_monsterinsights_sitenote_category":0},"categories":[4],"tags":[],"aioseo_notices":[],"gutentor_comment":0,"rttpg_featured_image_url":{"full":["https:\/\/arantv.az\/wp-content\/uploads\/2022\/11\/7aa3bc1a-0180-3998-8d44-7aec72672ef0_850-1.jpg",620,413,false],"landscape":["https:\/\/arantv.az\/wp-content\/uploads\/2022\/11\/7aa3bc1a-0180-3998-8d44-7aec72672ef0_850-1.jpg",620,413,false],"portraits":["https:\/\/arantv.az\/wp-content\/uploads\/2022\/11\/7aa3bc1a-0180-3998-8d44-7aec72672ef0_850-1.jpg",620,413,false],"thumbnail":["https:\/\/arantv.az\/wp-content\/uploads\/2022\/11\/7aa3bc1a-0180-3998-8d44-7aec72672ef0_850-1-500x280.jpg",500,280,true],"medium":["https:\/\/arantv.az\/wp-content\/uploads\/2022\/11\/7aa3bc1a-0180-3998-8d44-7aec72672ef0_850-1-548x365.jpg",548,365,true],"large":["https:\/\/arantv.az\/wp-content\/uploads\/2022\/11\/7aa3bc1a-0180-3998-8d44-7aec72672ef0_850-1.jpg",620,413,false],"1536x1536":["https:\/\/arantv.az\/wp-content\/uploads\/2022\/11\/7aa3bc1a-0180-3998-8d44-7aec72672ef0_850-1.jpg",620,413,false],"2048x2048":["https:\/\/arantv.az\/wp-content\/uploads\/2022\/11\/7aa3bc1a-0180-3998-8d44-7aec72672ef0_850-1.jpg",620,413,false],"post-thumbnail":["https:\/\/arantv.az\/wp-content\/uploads\/2022\/11\/7aa3bc1a-0180-3998-8d44-7aec72672ef0_850-1-240x172.jpg",240,172,true],"advps-thumb-one":["https:\/\/arantv.az\/wp-content\/uploads\/2022\/11\/7aa3bc1a-0180-3998-8d44-7aec72672ef0_850-1.jpg",620,413,false]},"rttpg_author":{"display_name":"V\u00fcsal Rafiqo\u011flu","author_link":"https:\/\/arantv.az\/?author=2"},"rttpg_comment":0,"rttpg_category":"<a href=\"https:\/\/arantv.az\/?cat=4\" rel=\"category\">Siyas\u0259t<\/a>","rttpg_excerpt":"Aslan Aslanov Az\u0259rbaycan D\u00f6vl\u0259t \u0130nformasiya Agentliyinin (AZ\u018fRTAC-\u0131n) \u0130dar\u0259 Hey\u0259tinin s\u0259dri v\u0259zif\u0259sind\u0259n azad edilib. AZ\u018fRTAC\u00a0x\u0259b\u0259r verir ki, bu bar\u0259d\u0259 Az\u0259rbaycan Respublikas\u0131n\u0131n Prezidenti \u0130lham \u018fliyev S\u0259r\u0259ncam imzalay\u0131b. S\u0259r\u0259ncama \u0259sas\u0259n Aslan \u018fhm\u0259d o\u011flu Aslanov Az\u0259rbaycan D\u00f6vl\u0259t \u0130nformasiya Agentliyinin \u0130dar\u0259 Hey\u0259tinin s\u0259dri v\u0259zif\u0259sind\u0259n azad olunub.","_links":{"self":[{"href":"https:\/\/arantv.az\/index.php?rest_route=\/wp\/v2\/posts\/536563"}],"collection":[{"href":"https:\/\/arantv.az\/index.php?rest_route=\/wp\/v2\/posts"}],"about":[{"href":"https:\/\/arantv.az\/index.php?rest_route=\/wp\/v2\/types\/post"}],"author":[{"embeddable":true,"href":"https:\/\/arantv.az\/index.php?rest_route=\/wp\/v2\/users\/2"}],"replies":[{"embeddable":true,"href":"https:\/\/arantv.az\/index.php?rest_route=%2Fwp%2Fv2%2Fcomments&post=536563"}],"version-history":[{"count":0,"href":"https:\/\/arantv.az\/index.php?rest_route=\/wp\/v2\/posts\/536563\/revisions"}],"wp:featuredmedia":[{"embeddable":true,"href":"https:\/\/arantv.az\/index.php?rest_route=\/wp\/v2\/media\/536564"}],"wp:attachment":[{"href":"https:\/\/arantv.az\/index.php?rest_route=%2Fwp%2Fv2%2Fmedia&parent=536563"}],"wp:term":[{"taxonomy":"category","embeddable":true,"href":"https:\/\/arantv.az\/index.php?rest_route=%2Fwp%2Fv2%2Fcategories&post=536563"},{"taxonomy":"post_tag","embeddable":true,"href":"https:\/\/arantv.az\/index.php?rest_route=%2Fwp%2Fv2%2Ftags&post=536563"}],"curies":[{"name":"wp","href":"https:\/\/api.w.org\/{rel}","templated":true}]}}