{"id":536568,"date":"2022-11-19T19:36:02","date_gmt":"2022-11-19T16:36:02","guid":{"rendered":"https:\/\/arantv.az\/?p=536568"},"modified":"2022-11-19T19:36:02","modified_gmt":"2022-11-19T16:36:02","slug":"iranin-bitm%c9%99y%c9%99n-d%c9%99hliz-d%c9%99rdi-video","status":"publish","type":"post","link":"https:\/\/arantv.az\/?p=536568","title":{"rendered":"\u0130ran\u0131n bitm\u0259y\u0259n d\u0259hliz d\u0259rdi &#8211; V\u0130DEO"},"content":{"rendered":"<article class=\"news\">\n<div class=\"news-inner\">\n<p>\u0130ll\u0259rdir erm\u0259nip\u0259r\u0259st v\u0259 anti-Az\u0259rbaycan siyasi x\u0259ttini tutan \u0130ran bu g\u00fcn d\u0259 \u0259n\u0259n\u0259sin\u0259 sadiqlik n\u00fcmayi\u015f etdirir.<\/p>\n<div class=\"AdviadNativeVideo\"><\/div>\n<p>C\u0259nub qon\u015fumuz torpaqlar\u0131m\u0131z\u0131n 30 illik i\u015f\u011fal\u0131 d\u00f6vr\u00fcnd\u0259 Erm\u0259nistanla b\u00fct\u00fcn sah\u0259l\u0259rd\u0259 \u0259laq\u0259l\u0259ri inki\u015faf etdirib, birg\u0259 layih\u0259l\u0259r h\u0259yata ke\u00e7irib. \u0130ran r\u0259hb\u0259rl\u0259ri m\u00fcnt\u0259z\u0259m olaraq Erm\u0259nistan\u0131n ovaxtk\u0131 liderl\u0259ri Ko\u00e7aryan v\u0259 Sarkisyan kimi c\u0259lladlarla can deyib, can e\u015fidib. Bu g\u00fcn d\u0259 erm\u0259ni qarda\u015flar\u0131n\u0131n m\u00fcdafi\u0259sin\u0259 qalxan molla rejimi Az\u0259rbaycana barmaq sallayaraq haylar\u0131n timsal\u0131nda q\u0131rm\u0131z\u0131 x\u0259ttini g\u00f6st\u0259rir. Din p\u0259rd\u0259si ad\u0131 alt\u0131nda \u00f6z mill\u0259tin\u0259 c\u0259llad k\u0259sil\u0259n bu \u015f\u0259xsl\u0259r Qaraba\u011f\u0131n i\u015f\u011fal\u0131 d\u00f6vr\u00fcnd\u0259 m\u0259scidl\u0259rin, dini-m\u0259d\u0259ni irsin m\u0259hv edilib, t\u0259hqir olunmas\u0131na lal-kar olublar. \u0130ran hakimiyy\u0259ti m\u00fcst\u0259qil v\u0259 g\u00fccl\u00fc Az\u0259rbaycan\u0131 \u00f6z\u00fcn\u0259 qar\u015f\u0131 t\u0259hl\u00fck\u0259 qismind\u0259 g\u00f6r\u00fcr.<\/p>\n<p>\u0130ranl\u0131 r\u0259smil\u0259rin \u00e7\u0131x\u0131\u015flar\u0131nda x\u00fcsusil\u0259 toxunduqlar\u0131 m\u0259s\u0259l\u0259 Z\u0259ng\u0259zur d\u0259hlizi il\u0259 ba\u011fl\u0131d\u0131r. Bu d\u0259hlizin m\u00f6vcudlu\u011funun \u0130ran\u0131 n\u0259y\u0259 g\u00f6r\u0259 narahat etm\u0259si il\u0259 ba\u011fl\u0131 bir \u00e7ox fikirl\u0259r var. \u018fsas m\u0259s\u0259l\u0259 odur ki, bu d\u0259hliz t\u00fcrk d\u00fcnyas\u0131n\u0131n \u00fcz\u00fcn\u0259 a\u00e7\u0131lan bir qap\u0131d\u0131r. D\u0259hliz m\u00f6vzusunun realla\u015fmas\u0131 t\u00fcrk \u00f6lk\u0259l\u0259rinin C\u0259nubi Qafqaza ayaq a\u00e7mas\u0131 anlam\u0131na g\u0259lir. \u0130ll\u0259rdir t\u00fcrkofob siyas\u0259ti il\u0259 tan\u0131nan \u0130ran bu reall\u0131\u011f\u0131 q\u0259bul etm\u0259kd\u0259n qorxur.<\/p>\n<p>Bu g\u00fcn \u0130ran t\u0259r\u0259fi ara-s\u0131ra Az\u0259rbaycan\u0131n torpaqlar\u0131n\u0131 d\u00fc\u015fm\u0259nd\u0259n t\u0259mizl\u0259m\u0259sin\u0259 sevindikl\u0259ri g\u00f6r\u00fcnt\u00fcs\u00fc yaratma\u011fa \u00e7al\u0131\u015f\u0131r. Lakin biz c\u0259nub qon\u015fumuza b\u0259zi d\u0259yim\u0259z ger\u00e7kliyi xat\u0131rlatma\u011f\u0131 \u00f6zm\u00fcz\u0259 borc biliik. Az\u0259rbaycan torpaqlar\u0131n\u0131n 30 illik i\u015f\u011fal\u0131 d\u00f6vr\u00fcnd\u0259 \u0130ran\u0131n erm\u0259nil\u0259rl\u0259 \u0259lbir olub torpaqlar\u0131m\u0131z\u0131n alt\u0131n\u0131 \u00fcst\u00fcn\u0259 \u00e7evirmsi, orada talan\u00e7\u0131l\u0131qla m\u0259\u015f\u011ful olmas\u0131n\u0131 unutmad\u0131q, unutdurmayaca\u011f\u0131q.<\/p>\n<p>Daha \u0259trafl\u0131 Baku TV-nin s\u00fcjetind\u0259:<\/p>\n<div><iframe loading=\"lazy\" title=\"YouTube video player\" src=\"https:\/\/www.youtube.com\/embed\/fFhjDP3XqL0\" width=\"560\" height=\"315\" frameborder=\"0\" allowfullscreen=\"allowfullscreen\" data-mce-fragment=\"1\"><\/iframe><\/div>\n<\/div>\n<\/article>\n","protected":false},"excerpt":{"rendered":"<p>\u0130ll\u0259rdir erm\u0259nip\u0259r\u0259st v\u0259 anti-Az\u0259rbaycan siyasi x\u0259ttini tutan \u0130ran bu g\u00fcn d\u0259 \u0259n\u0259n\u0259sin\u0259 sadiqlik n\u00fcmayi\u015f etdirir. C\u0259nub qon\u015fumuz torpaqlar\u0131m\u0131z\u0131n 30 illik i\u015f\u011fal\u0131 d\u00f6vr\u00fcnd\u0259 Erm\u0259nistanla b\u00fct\u00fcn sah\u0259l\u0259rd\u0259 \u0259laq\u0259l\u0259ri inki\u015faf etdirib, birg\u0259 layih\u0259l\u0259r h\u0259yata ke\u00e7irib. \u0130ran r\u0259hb\u0259rl\u0259ri m\u00fcnt\u0259z\u0259m olaraq Erm\u0259nistan\u0131n ovaxtk\u0131 liderl\u0259ri Ko\u00e7aryan v\u0259 Sarkisyan kimi c\u0259lladlarla can deyib, can e\u015fidib. Bu g\u00fcn d\u0259 erm\u0259ni qarda\u015flar\u0131n\u0131n m\u00fcdafi\u0259sin\u0259 qalxan molla rejimi Az\u0259rbaycana barmaq sallayaraq haylar\u0131n timsal\u0131nda q\u0131rm\u0131z\u0131 x\u0259ttini g\u00f6st\u0259rir. Din p\u0259rd\u0259si ad\u0131 alt\u0131nda \u00f6z mill\u0259tin\u0259 c\u0259llad k\u0259sil\u0259n bu \u015f\u0259xsl\u0259r Qaraba\u011f\u0131n i\u015f\u011fal\u0131 d\u00f6vr\u00fcnd\u0259 m\u0259scidl\u0259rin, dini-m\u0259d\u0259ni irsin m\u0259hv edilib, t\u0259hqir olunmas\u0131na lal-kar olublar. \u0130ran hakimiyy\u0259ti m\u00fcst\u0259qil&hellip;<\/p>\n","protected":false},"author":2,"featured_media":536569,"comment_status":"closed","ping_status":"closed","sticky":false,"template":"","format":"standard","meta":{"om_disable_all_campaigns":false,"_monsterinsights_skip_tracking":false,"_monsterinsights_sitenote_active":false,"_monsterinsights_sitenote_note":"","_monsterinsights_sitenote_category":0},"categories":[28,4],"tags":[],"aioseo_notices":[],"gutentor_comment":0,"rttpg_featured_image_url":{"full":["https:\/\/arantv.az\/wp-content\/uploads\/2022\/11\/FotoJet-36-1.jpg",620,413,false],"landscape":["https:\/\/arantv.az\/wp-content\/uploads\/2022\/11\/FotoJet-36-1.jpg",620,413,false],"portraits":["https:\/\/arantv.az\/wp-content\/uploads\/2022\/11\/FotoJet-36-1.jpg",620,413,false],"thumbnail":["https:\/\/arantv.az\/wp-content\/uploads\/2022\/11\/FotoJet-36-1-500x280.jpg",500,280,true],"medium":["https:\/\/arantv.az\/wp-content\/uploads\/2022\/11\/FotoJet-36-1-548x365.jpg",548,365,true],"large":["https:\/\/arantv.az\/wp-content\/uploads\/2022\/11\/FotoJet-36-1.jpg",620,413,false],"1536x1536":["https:\/\/arantv.az\/wp-content\/uploads\/2022\/11\/FotoJet-36-1.jpg",620,413,false],"2048x2048":["https:\/\/arantv.az\/wp-content\/uploads\/2022\/11\/FotoJet-36-1.jpg",620,413,false],"post-thumbnail":["https:\/\/arantv.az\/wp-content\/uploads\/2022\/11\/FotoJet-36-1-240x172.jpg",240,172,true],"advps-thumb-one":["https:\/\/arantv.az\/wp-content\/uploads\/2022\/11\/FotoJet-36-1.jpg",620,413,false]},"rttpg_author":{"display_name":"V\u00fcsal Rafiqo\u011flu","author_link":"https:\/\/arantv.az\/?author=2"},"rttpg_comment":0,"rttpg_category":"<a href=\"https:\/\/arantv.az\/?cat=28\" rel=\"category\">ARAN TV<\/a> <a href=\"https:\/\/arantv.az\/?cat=4\" rel=\"category\">Siyas\u0259t<\/a>","rttpg_excerpt":"\u0130ll\u0259rdir erm\u0259nip\u0259r\u0259st v\u0259 anti-Az\u0259rbaycan siyasi x\u0259ttini tutan \u0130ran bu g\u00fcn d\u0259 \u0259n\u0259n\u0259sin\u0259 sadiqlik n\u00fcmayi\u015f etdirir. C\u0259nub qon\u015fumuz torpaqlar\u0131m\u0131z\u0131n 30 illik i\u015f\u011fal\u0131 d\u00f6vr\u00fcnd\u0259 Erm\u0259nistanla b\u00fct\u00fcn sah\u0259l\u0259rd\u0259 \u0259laq\u0259l\u0259ri inki\u015faf etdirib, birg\u0259 layih\u0259l\u0259r h\u0259yata ke\u00e7irib. \u0130ran r\u0259hb\u0259rl\u0259ri m\u00fcnt\u0259z\u0259m olaraq Erm\u0259nistan\u0131n ovaxtk\u0131 liderl\u0259ri Ko\u00e7aryan v\u0259 Sarkisyan kimi c\u0259lladlarla can deyib, can e\u015fidib. Bu g\u00fcn d\u0259 erm\u0259ni qarda\u015flar\u0131n\u0131n m\u00fcdafi\u0259sin\u0259 qalxan&hellip;","_links":{"self":[{"href":"https:\/\/arantv.az\/index.php?rest_route=\/wp\/v2\/posts\/536568"}],"collection":[{"href":"https:\/\/arantv.az\/index.php?rest_route=\/wp\/v2\/posts"}],"about":[{"href":"https:\/\/arantv.az\/index.php?rest_route=\/wp\/v2\/types\/post"}],"author":[{"embeddable":true,"href":"https:\/\/arantv.az\/index.php?rest_route=\/wp\/v2\/users\/2"}],"replies":[{"embeddable":true,"href":"https:\/\/arantv.az\/index.php?rest_route=%2Fwp%2Fv2%2Fcomments&post=536568"}],"version-history":[{"count":0,"href":"https:\/\/arantv.az\/index.php?rest_route=\/wp\/v2\/posts\/536568\/revisions"}],"wp:featuredmedia":[{"embeddable":true,"href":"https:\/\/arantv.az\/index.php?rest_route=\/wp\/v2\/media\/536569"}],"wp:attachment":[{"href":"https:\/\/arantv.az\/index.php?rest_route=%2Fwp%2Fv2%2Fmedia&parent=536568"}],"wp:term":[{"taxonomy":"category","embeddable":true,"href":"https:\/\/arantv.az\/index.php?rest_route=%2Fwp%2Fv2%2Fcategories&post=536568"},{"taxonomy":"post_tag","embeddable":true,"href":"https:\/\/arantv.az\/index.php?rest_route=%2Fwp%2Fv2%2Ftags&post=536568"}],"curies":[{"name":"wp","href":"https:\/\/api.w.org\/{rel}","templated":true}]}}