{"id":536577,"date":"2022-11-19T20:07:56","date_gmt":"2022-11-19T17:07:56","guid":{"rendered":"https:\/\/arantv.az\/?p=536577"},"modified":"2022-11-19T20:07:56","modified_gmt":"2022-11-19T17:07:56","slug":"xin-d%c9%99n-az%c9%99rbaycana-qarsi-t%c9%99xribatlara-reaksiya","status":"publish","type":"post","link":"https:\/\/arantv.az\/?p=536577","title":{"rendered":"X\u0130N-d\u0259n Az\u0259rbaycana qar\u015f\u0131 t\u0259xribatlara &#8211; REAKS\u0130YA"},"content":{"rendered":"<p>Tunisin Cerba \u015f\u0259h\u0259rind\u0259 davam ed\u0259n Beyn\u0259lxalq Frankofoniya T\u0259\u015fkilat\u0131n\u0131n Zirv\u0259 G\u00f6r\u00fc\u015f\u00fc \u00e7\u0259r\u00e7iv\u0259sind\u0259 18 noyabr 2022-ci il tarixind\u0259 ba\u015f tutmu\u015f Nazirl\u0259r iclas\u0131 zaman\u0131 Erm\u0259nistan\u0131n xarici i\u015fl\u0259r naziri Ararat Mirzoyan t\u0259r\u0259find\u0259n t\u0259xribat xarakterli v\u0259 s\u00f6z\u00fcged\u0259n T\u0259\u015fkilat\u0131n \u00fczvl\u0259rinin guya Az\u0259rbaycana qar\u015f\u0131 m\u00f6vqe tutmalar\u0131 il\u0259 ba\u011fl\u0131 t\u0259hrifl\u0259rl\u0259 dolu b\u0259yanat s\u0259sl\u0259nib.<\/p>\n<p>Bu bar\u0259d\u0259 Az\u0259rbaycan Xarici \u0130\u015fl\u0259r Nazirliyinin \u015f\u0259rhind\u0259 qeyd edilib.<\/p>\n<div class=\"AdviadNativeVideo\"><\/div>\n<p>Bildirilib ki, Cerba Zirv\u0259 G\u00f6r\u00fc\u015f\u00fcn\u0259 haz\u0131rl\u0131q m\u0259rh\u0259l\u0259sind\u0259 Fransan\u0131n birba\u015fa d\u0259st\u0259yil\u0259 Zirv\u0259 G\u00f6r\u00fc\u015f\u00fcn\u00fcn yekun s\u0259n\u0259dl\u0259ri olan Cerba B\u0259yannam\u0259sinin v\u0259 Frankofoniya \u0259razisind\u0259 b\u00f6hran v\u0259ziyy\u0259tl\u0259rin\u0259 h\u0259sr olunmu\u015f q\u0259tnam\u0259 layih\u0259sinin ilkin m\u0259tnl\u0259rin\u0259 Az\u0259rbaycan \u0259leyhin\u0259 birt\u0259r\u0259fli, q\u0259r\u0259zli v\u0259 t\u0259hrifl\u0259rl\u0259 dolu t\u0259hrik\u00e7i ifad\u0259l\u0259r daxil edil\u0259r\u0259k, \u00fczv d\u00f6vl\u0259tl\u0259rin m\u00fczakir\u0259sin\u0259 t\u0259qdim olunub:<\/p>\n<p>\u201cLakin, s\u0259n\u0259d layih\u0259l\u0259rinin m\u00fczakir\u0259si m\u0259rh\u0259l\u0259sind\u0259 bir ne\u00e7\u0259 \u00fczv d\u00f6vl\u0259tin m\u00fcdaxil\u0259si n\u0259tic\u0259sind\u0259 \u00f6lk\u0259miz\u0259 qar\u015f\u0131 s\u00f6z\u00fcged\u0259n ifad\u0259l\u0259r m\u0259tnl\u0259rd\u0259n \u00e7\u0131xar\u0131laraq, layih\u0259l\u0259rd\u0259 Az\u0259rbaycan\u0131 birba\u015fa h\u0259d\u0259f alan h\u0259r hans\u0131 ifad\u0259nin daxil edilm\u0259sin\u0259 imkan verilm\u0259yib. Bununla bel\u0259, s\u0259n\u0259din yekun layih\u0259sind\u0259 h\u0259l\u0259 d\u0259 T\u0259\u015fkilat\u0131n mandat\u0131na aid olmayan v\u0259 Erm\u0259nistan\u0131n siyasi t\u0259bli\u011fat vasit\u0259l\u0259rin\u0259 t\u0259hrik imkan\u0131 ver\u0259n m\u00fc\u0259yy\u0259n elementl\u0259r qalmaqdad\u0131r.<\/p>\n<p>S\u0259n\u0259dl\u0259rin raz\u0131la\u015fd\u0131r\u0131lmas\u0131 prosesi \u00e7\u0259r\u00e7iv\u0259sind\u0259 Az\u0259rbaycan \u0259leyhin\u0259 birt\u0259r\u0259fli, q\u0259r\u0259zli v\u0259 t\u0259hrifl\u0259rl\u0259 dolu m\u00fcdd\u0259alara etiraz ed\u0259n \u00f6lk\u0259l\u0259r\u0259 qar\u015f\u0131 Fransa t\u0259r\u0259find\u0259n \u0259lav\u0259 siyasi t\u0259zyiql\u0259r v\u0259 diplomatik praktikadan k\u0259nar \u00e7\u0259kindirm\u0259 add\u0131mlar\u0131 at\u0131l\u0131b. Bu t\u0259zyiql\u0259r\u0259 baxmayaraq, 18 noyabr 2022-ci il tarixind\u0259 ke\u00e7irilmi\u015f Beyn\u0259lxalq Frankofoniya T\u0259\u015fkilat\u0131na \u00fczv d\u00f6vl\u0259tl\u0259rin Nazirl\u0259r \u0130clas\u0131 zaman\u0131 b\u0259zi \u00fczv d\u00f6vl\u0259tl\u0259r bir daha s\u00f6z g\u00f6t\u00fcr\u0259r\u0259k q\u0259tnam\u0259 layih\u0259sinin m\u00fcvafiq b\u0259ndl\u0259rin\u0259 etiraz etdikl\u0259rini v\u0259 s\u0259n\u0259din q\u0259buluna raz\u0131 olmad\u0131qlar\u0131n\u0131 b\u0259yan edib.<\/p>\n<p>Bununla bel\u0259, etirazlara m\u0259h\u0259l qoyulmadan, q\u0259rar q\u0259buletm\u0259 prosedurlar\u0131 pozularaq v\u0259 \u00fczv d\u00f6vl\u0259tl\u0259rin m\u00f6vqel\u0259ri n\u0259z\u0259r\u0259 al\u0131nmadan, s\u0259n\u0259d layih\u0259sinin Zirv\u0259 G\u00f6r\u00fc\u015f\u00fcn\u0259 t\u0259qdim edilm\u0259si \u00fc\u00e7\u00fcn t\u0259sdiql\u0259ndiyi bildirilib. Bu m\u0259qamda q\u0259rara etiraz ed\u0259n n\u00fcmay\u0259nd\u0259l\u0259r konfrans zal\u0131n\u0131 t\u0259rk edib\u201d.<\/p>\n<p>\u201cQeyd ed\u0259k ki, Beyn\u0259lxalq \u00e7oxt\u0259r\u0259fli platformalarda presedenti olmayan bu kimi add\u0131mlar\u0131n at\u0131lmas\u0131 v\u0259 prosedur qaydalar\u0131n\u0131n kobud \u015f\u0259kild\u0259 pozulmas\u0131 bir daha Beyn\u0259lxalq Frankofoniya T\u0259\u015fkilat\u0131n\u0131n Fransan\u0131n dig\u0259r d\u00f6vl\u0259tl\u0259r\u0259 t\u0259zyiq etm\u0259k \u00fc\u00e7\u00fcn siyasi al\u0259ti oldu\u011funu n\u00fcmayi\u015f etdirib v\u0259 bu, \u015f\u00fcbh\u0259siz ki, bir m\u0259d\u0259niyy\u0259t profilli qurum olaraq onun n\u00fcfuzuna ciddi x\u0259l\u0259l g\u0259tir\u0259c\u0259kdir.<\/p>\n<p>Az\u0259rbaycan\u0131n \u00fczv v\u0259 m\u00fc\u015fahid\u0259\u00e7i olmad\u0131\u011f\u0131, \u0259sas m\u0259qs\u0259di frans\u0131z dili v\u0259 m\u0259d\u0259niyy\u0259tinin d\u00fcnya miqyas\u0131nda t\u0259bli\u011fi olan v\u0259 Fransan\u0131n t\u0259siri alt\u0131nda idar\u0259 olunan bir qurumun \u00f6z mandat\u0131na aid olmayan m\u0259s\u0259l\u0259l\u0259rin m\u00fczakir\u0259si v\u0259 siyasi q\u0259r\u0259zli m\u0259qs\u0259dl\u0259r \u00fc\u00e7\u00fcn sui-istifad\u0259 edilm\u0259si tamamil\u0259 q\u0259buledilm\u0259zdir.<\/p>\n<p>Fransan\u0131n bu c\u00fcr pozucu f\u0259aliyy\u0259ti n\u0259tic\u0259sind\u0259 Frankofoniya \u00fczv d\u00f6vl\u0259tl\u0259rinin Zirv\u0259 G\u00f6r\u00fc\u015f\u00fcnd\u0259 q\u0259bul edil\u0259c\u0259k s\u0259n\u0259dl\u0259ri siyasi c\u0259h\u0259td\u0259n q\u0259r\u0259zli v\u0259 \u0259h\u0259miyy\u0259tsiz hesab edirik.<\/p>\n<p>Az\u0259rbaycan t\u0259r\u0259fi s\u00f6z\u00fcged\u0259n Ziv\u0259 G\u00f6r\u00fc\u015f\u00fcn\u00fcn s\u0259n\u0259dl\u0259rinin m\u00fczakir\u0259si prosesind\u0259 beyn\u0259lxalq h\u00fcququn norma v\u0259 prinsipl\u0259rin\u0259 \u0259saslanan m\u00f6vqe n\u00fcmayi\u015f etdirmi\u015f b\u00fct\u00fcn d\u00f6vl\u0259tl\u0259r\u0259 \u00f6z t\u0259\u015f\u0259kk\u00fcr\u00fcn\u00fc bildirir\u201d, &#8211; dey\u0259 \u015f\u0259rhd\u0259 vur\u011fulan\u0131b.<\/p>\n","protected":false},"excerpt":{"rendered":"<p>Tunisin Cerba \u015f\u0259h\u0259rind\u0259 davam ed\u0259n Beyn\u0259lxalq Frankofoniya T\u0259\u015fkilat\u0131n\u0131n Zirv\u0259 G\u00f6r\u00fc\u015f\u00fc \u00e7\u0259r\u00e7iv\u0259sind\u0259 18 noyabr 2022-ci il tarixind\u0259 ba\u015f tutmu\u015f Nazirl\u0259r iclas\u0131 zaman\u0131 Erm\u0259nistan\u0131n xarici i\u015fl\u0259r naziri Ararat Mirzoyan t\u0259r\u0259find\u0259n t\u0259xribat xarakterli v\u0259 s\u00f6z\u00fcged\u0259n T\u0259\u015fkilat\u0131n \u00fczvl\u0259rinin guya Az\u0259rbaycana qar\u015f\u0131 m\u00f6vqe tutmalar\u0131 il\u0259 ba\u011fl\u0131 t\u0259hrifl\u0259rl\u0259 dolu b\u0259yanat s\u0259sl\u0259nib. Bu bar\u0259d\u0259 Az\u0259rbaycan Xarici \u0130\u015fl\u0259r Nazirliyinin \u015f\u0259rhind\u0259 qeyd edilib. Bildirilib ki, Cerba Zirv\u0259 G\u00f6r\u00fc\u015f\u00fcn\u0259 haz\u0131rl\u0131q m\u0259rh\u0259l\u0259sind\u0259 Fransan\u0131n birba\u015fa d\u0259st\u0259yil\u0259 Zirv\u0259 G\u00f6r\u00fc\u015f\u00fcn\u00fcn yekun s\u0259n\u0259dl\u0259ri olan Cerba B\u0259yannam\u0259sinin v\u0259 Frankofoniya \u0259razisind\u0259 b\u00f6hran v\u0259ziyy\u0259tl\u0259rin\u0259 h\u0259sr olunmu\u015f q\u0259tnam\u0259 layih\u0259sinin ilkin m\u0259tnl\u0259rin\u0259 Az\u0259rbaycan \u0259leyhin\u0259 birt\u0259r\u0259fli, q\u0259r\u0259zli v\u0259 t\u0259hrifl\u0259rl\u0259 dolu t\u0259hrik\u00e7i&hellip;<\/p>\n","protected":false},"author":2,"featured_media":482208,"comment_status":"closed","ping_status":"closed","sticky":false,"template":"","format":"standard","meta":{"om_disable_all_campaigns":false,"_monsterinsights_skip_tracking":false,"_monsterinsights_sitenote_active":false,"_monsterinsights_sitenote_note":"","_monsterinsights_sitenote_category":0},"categories":[1],"tags":[],"aioseo_notices":[],"gutentor_comment":0,"rttpg_featured_image_url":{"full":["https:\/\/arantv.az\/wp-content\/uploads\/2022\/06\/xin_838586.jpg",800,600,false],"landscape":["https:\/\/arantv.az\/wp-content\/uploads\/2022\/06\/xin_838586.jpg",800,600,false],"portraits":["https:\/\/arantv.az\/wp-content\/uploads\/2022\/06\/xin_838586.jpg",800,600,false],"thumbnail":["https:\/\/arantv.az\/wp-content\/uploads\/2022\/06\/xin_838586-500x280.jpg",500,280,true],"medium":["https:\/\/arantv.az\/wp-content\/uploads\/2022\/06\/xin_838586-487x365.jpg",487,365,true],"large":["https:\/\/arantv.az\/wp-content\/uploads\/2022\/06\/xin_838586.jpg",640,480,false],"1536x1536":["https:\/\/arantv.az\/wp-content\/uploads\/2022\/06\/xin_838586.jpg",800,600,false],"2048x2048":["https:\/\/arantv.az\/wp-content\/uploads\/2022\/06\/xin_838586.jpg",800,600,false],"post-thumbnail":["https:\/\/arantv.az\/wp-content\/uploads\/2022\/06\/xin_838586-240x172.jpg",240,172,true],"advps-thumb-one":["https:\/\/arantv.az\/wp-content\/uploads\/2022\/06\/xin_838586.jpg",800,600,false]},"rttpg_author":{"display_name":"V\u00fcsal Rafiqo\u011flu","author_link":"https:\/\/arantv.az\/?author=2"},"rttpg_comment":0,"rttpg_category":"<a href=\"https:\/\/arantv.az\/?cat=1\" rel=\"category\">C\u0259miyy\u0259t<\/a>","rttpg_excerpt":"Tunisin Cerba \u015f\u0259h\u0259rind\u0259 davam ed\u0259n Beyn\u0259lxalq Frankofoniya T\u0259\u015fkilat\u0131n\u0131n Zirv\u0259 G\u00f6r\u00fc\u015f\u00fc \u00e7\u0259r\u00e7iv\u0259sind\u0259 18 noyabr 2022-ci il tarixind\u0259 ba\u015f tutmu\u015f Nazirl\u0259r iclas\u0131 zaman\u0131 Erm\u0259nistan\u0131n xarici i\u015fl\u0259r naziri Ararat Mirzoyan t\u0259r\u0259find\u0259n t\u0259xribat xarakterli v\u0259 s\u00f6z\u00fcged\u0259n T\u0259\u015fkilat\u0131n \u00fczvl\u0259rinin guya Az\u0259rbaycana qar\u015f\u0131 m\u00f6vqe tutmalar\u0131 il\u0259 ba\u011fl\u0131 t\u0259hrifl\u0259rl\u0259 dolu b\u0259yanat s\u0259sl\u0259nib. Bu bar\u0259d\u0259 Az\u0259rbaycan Xarici \u0130\u015fl\u0259r Nazirliyinin \u015f\u0259rhind\u0259 qeyd edilib. Bildirilib&hellip;","_links":{"self":[{"href":"https:\/\/arantv.az\/index.php?rest_route=\/wp\/v2\/posts\/536577"}],"collection":[{"href":"https:\/\/arantv.az\/index.php?rest_route=\/wp\/v2\/posts"}],"about":[{"href":"https:\/\/arantv.az\/index.php?rest_route=\/wp\/v2\/types\/post"}],"author":[{"embeddable":true,"href":"https:\/\/arantv.az\/index.php?rest_route=\/wp\/v2\/users\/2"}],"replies":[{"embeddable":true,"href":"https:\/\/arantv.az\/index.php?rest_route=%2Fwp%2Fv2%2Fcomments&post=536577"}],"version-history":[{"count":0,"href":"https:\/\/arantv.az\/index.php?rest_route=\/wp\/v2\/posts\/536577\/revisions"}],"wp:featuredmedia":[{"embeddable":true,"href":"https:\/\/arantv.az\/index.php?rest_route=\/wp\/v2\/media\/482208"}],"wp:attachment":[{"href":"https:\/\/arantv.az\/index.php?rest_route=%2Fwp%2Fv2%2Fmedia&parent=536577"}],"wp:term":[{"taxonomy":"category","embeddable":true,"href":"https:\/\/arantv.az\/index.php?rest_route=%2Fwp%2Fv2%2Fcategories&post=536577"},{"taxonomy":"post_tag","embeddable":true,"href":"https:\/\/arantv.az\/index.php?rest_route=%2Fwp%2Fv2%2Ftags&post=536577"}],"curies":[{"name":"wp","href":"https:\/\/api.w.org\/{rel}","templated":true}]}}