{"id":536587,"date":"2022-11-20T10:06:06","date_gmt":"2022-11-20T07:06:06","guid":{"rendered":"https:\/\/arantv.az\/?p=536587"},"modified":"2022-11-20T10:06:06","modified_gmt":"2022-11-20T07:06:06","slug":"turkiy%c9%99-milli-mudafi%c9%99-nazirliyi-terrorcularin-movqel%c9%99ri-darmadagin-edilir-video","status":"publish","type":"post","link":"https:\/\/arantv.az\/?p=536587","title":{"rendered":"T\u00fcrkiy\u0259 Milli M\u00fcdafi\u0259 Nazirliyi: \u201cTerror\u00e7ular\u0131n m\u00f6vqel\u0259ri darmada\u011f\u0131n edilir\u201d &#8211; V\u0130DEO"},"content":{"rendered":"<p>T\u00fcrkiy\u0259 ordusu Suriyada v\u0259 \u0130raqda terror\u00e7ular\u0131n m\u00f6vqel\u0259rini darmada\u011f\u0131n edib.<\/p>\n<p>Bu bar\u0259d\u0259 T\u00fcrkiy\u0259nin Milli M\u00fcdafi\u0259 Nazirliyi &#8220;Twitter&#8221; hesab\u0131nda m\u0259lumat yay\u0131b.<\/p>\n<div class=\"AdviadNativeVideo\"><\/div>\n<p>\u201cTerror yuvalar\u0131 d\u0259qiq z\u0259rb\u0259l\u0259rl\u0259 darmada\u011f\u0131n edilir\u201d, &#8211; Milli M\u00fcdafi\u0259 Nazirliyinin&#8221;Twitter&#8221; hesab\u0131ndak\u0131 payla\u015f\u0131m\u0131nda qeyd edilir.<\/p>\n<p>Milli M\u00fcdafi\u0259 Nazirliyi h\u0259m\u00e7inin sosial \u015f\u0259b\u0259k\u0259 hesab\u0131nda &#8220;Hesab vaxt\u0131d\u0131r! Al\u00e7aqlardan xain h\u00fccumlar\u0131n hesab\u0131 sorulur&#8221;, &#8211; payla\u015f\u0131m\u0131n\u0131 edib.<\/p>\n<p>Payla\u015f\u0131mda T\u00fcrkiy\u0259nin d\u00f6y\u00fc\u015f t\u0259yyar\u0259sinin u\u00e7u\u015f-enm\u0259 zola\u011f\u0131ndan qalxmas\u0131n\u0131n fotosu da yer al\u0131b.<\/p>\n<p>Nazirlikd\u0259n \u0259lav\u0259 edilib ki,\u00a0\u0130raq v\u0259 Suriyan\u0131n \u015fimal\u0131nda terror\u00e7ular\u0131n T\u00fcrkiy\u0259y\u0259 qar\u015f\u0131 h\u00fccumlar\u0131 \u00fc\u00e7\u00fcn baza kimi istifad\u0259 edil\u0259n b\u00f6lg\u0259l\u0259rd\u0259 \u201cPen\u00e7e K\u0131l\u0131\u00e7\u201d hava \u0259m\u0259liyyat\u0131 h\u0259yata ke\u00e7irilib.\u00a0\u018fm\u0259liyyat\u0131n ke\u00e7irilm\u0259sind\u0259 m\u0259qs\u0259d PKK\/YPG v\u0259 dig\u0259r terror qrupla\u015fmalar\u0131n\u0131, \u0130raq v\u0259 Suriyan\u0131n \u015fimal\u0131ndan T\u00fcrkiy\u0259 xalq\u0131na, t\u0259hl\u00fck\u0259sizlik q\u00fcvv\u0259l\u0259rinin \u0259m\u0259kda\u015flar\u0131na qar\u015f\u0131 terror h\u00fccumlar\u0131n\u0131 z\u0259r\u0259rsizl\u0259\u015fdirm\u0259k, s\u0259rh\u0259din t\u0259hl\u00fck\u0259sizliyini t\u0259min etm\u0259k, terroru m\u0259nb\u0259yind\u0259 m\u0259hv etm\u0259k m\u0259qs\u0259di da\u015f\u0131y\u0131b.<\/p>\n<div>\n<div class=\"twitter-tweet twitter-tweet-rendered\"><iframe id=\"twitter-widget-0\" class=\"\" title=\"Twitter Tweet\" src=\"https:\/\/platform.twitter.com\/embed\/Tweet.html?creatorScreenName=oxuaz&amp;dnt=false&amp;embedId=twitter-widget-0&amp;features=eyJ0ZndfdGltZWxpbmVfbGlzdCI6eyJidWNrZXQiOlsibGlua3RyLmVlIiwidHIuZWUiLCJ0ZXJyYS5jb20uYnIiLCJ3d3cubGlua3RyLmVlIiwid3d3LnRyLmVlIiwid3d3LnRlcnJhLmNvbS5iciJdLCJ2ZXJzaW9uIjpudWxsfSwidGZ3X2hvcml6b25fdGltZWxpbmVfMTIwMzQiOnsiYnVja2V0IjoidHJlYXRtZW50IiwidmVyc2lvbiI6bnVsbH0sInRmd190d2VldF9lZGl0X2JhY2tlbmQiOnsiYnVja2V0Ijoib24iLCJ2ZXJzaW9uIjpudWxsfSwidGZ3X3JlZnNyY19zZXNzaW9uIjp7ImJ1Y2tldCI6Im9uIiwidmVyc2lvbiI6bnVsbH0sInRmd19jaGluX3BpbGxzXzE0NzQxIjp7ImJ1Y2tldCI6ImNvbG9yX2ljb25zIiwidmVyc2lvbiI6bnVsbH0sInRmd190d2VldF9yZXN1bHRfbWlncmF0aW9uXzEzOTc5Ijp7ImJ1Y2tldCI6InR3ZWV0X3Jlc3VsdCIsInZlcnNpb24iOm51bGx9LCJ0Zndfc2Vuc2l0aXZlX21lZGlhX2ludGVyc3RpdGlhbF8xMzk2MyI6eyJidWNrZXQiOiJpbnRlcnN0aXRpYWwiLCJ2ZXJzaW9uIjpudWxsfSwidGZ3X2V4cGVyaW1lbnRzX2Nvb2tpZV9leHBpcmF0aW9uIjp7ImJ1Y2tldCI6MTIwOTYwMCwidmVyc2lvbiI6bnVsbH0sInRmd19kdXBsaWNhdGVfc2NyaWJlc190b19zZXR0aW5ncyI6eyJidWNrZXQiOiJvbiIsInZlcnNpb24iOm51bGx9LCJ0ZndfdmlkZW9faGxzX2R5bmFtaWNfbWFuaWZlc3RzXzE1MDgyIjp7ImJ1Y2tldCI6InRydWVfYml0cmF0ZSIsInZlcnNpb24iOm51bGx9LCJ0Zndfc2hvd19ibHVlX3ZlcmlmaWVkX2JhZGdlIjp7ImJ1Y2tldCI6Im9uIiwidmVyc2lvbiI6bnVsbH0sInRmd190d2VldF9lZGl0X2Zyb250ZW5kIjp7ImJ1Y2tldCI6Im9uIiwidmVyc2lvbiI6bnVsbH19&amp;frame=false&amp;hideCard=false&amp;hideThread=false&amp;id=1594107015684845568&amp;lang=en&amp;origin=https%3A%2F%2Foxu.az%2Fworld%2F665721&amp;sessionId=666fe75d1d4e75a5aa1c1cc7aa5273f3eb1837c8&amp;siteScreenName=oxuaz&amp;theme=light&amp;widgetsVersion=a3525f077c700%3A1667415560940&amp;width=550px\" frameborder=\"0\" scrolling=\"no\" allowfullscreen=\"allowfullscreen\" data-tweet-id=\"1594107015684845568\" data-mce-fragment=\"1\"><\/iframe><\/div>\n<\/div>\n<p>&nbsp;<\/p>\n","protected":false},"excerpt":{"rendered":"<p>T\u00fcrkiy\u0259 ordusu Suriyada v\u0259 \u0130raqda terror\u00e7ular\u0131n m\u00f6vqel\u0259rini darmada\u011f\u0131n edib. Bu bar\u0259d\u0259 T\u00fcrkiy\u0259nin Milli M\u00fcdafi\u0259 Nazirliyi &#8220;Twitter&#8221; hesab\u0131nda m\u0259lumat yay\u0131b. \u201cTerror yuvalar\u0131 d\u0259qiq z\u0259rb\u0259l\u0259rl\u0259 darmada\u011f\u0131n edilir\u201d, &#8211; Milli M\u00fcdafi\u0259 Nazirliyinin&#8221;Twitter&#8221; hesab\u0131ndak\u0131 payla\u015f\u0131m\u0131nda qeyd edilir. Milli M\u00fcdafi\u0259 Nazirliyi h\u0259m\u00e7inin sosial \u015f\u0259b\u0259k\u0259 hesab\u0131nda &#8220;Hesab vaxt\u0131d\u0131r! Al\u00e7aqlardan xain h\u00fccumlar\u0131n hesab\u0131 sorulur&#8221;, &#8211; payla\u015f\u0131m\u0131n\u0131 edib. Payla\u015f\u0131mda T\u00fcrkiy\u0259nin d\u00f6y\u00fc\u015f t\u0259yyar\u0259sinin u\u00e7u\u015f-enm\u0259 zola\u011f\u0131ndan qalxmas\u0131n\u0131n fotosu da yer al\u0131b. Nazirlikd\u0259n \u0259lav\u0259 edilib ki,\u00a0\u0130raq v\u0259 Suriyan\u0131n \u015fimal\u0131nda terror\u00e7ular\u0131n T\u00fcrkiy\u0259y\u0259 qar\u015f\u0131 h\u00fccumlar\u0131 \u00fc\u00e7\u00fcn baza kimi istifad\u0259 edil\u0259n b\u00f6lg\u0259l\u0259rd\u0259 \u201cPen\u00e7e K\u0131l\u0131\u00e7\u201d hava \u0259m\u0259liyyat\u0131 h\u0259yata ke\u00e7irilib.\u00a0\u018fm\u0259liyyat\u0131n ke\u00e7irilm\u0259sind\u0259 m\u0259qs\u0259d PKK\/YPG v\u0259 dig\u0259r terror&hellip;<\/p>\n","protected":false},"author":2,"featured_media":536588,"comment_status":"closed","ping_status":"closed","sticky":false,"template":"","format":"standard","meta":{"om_disable_all_campaigns":false,"_monsterinsights_skip_tracking":false,"_monsterinsights_sitenote_active":false,"_monsterinsights_sitenote_note":"","_monsterinsights_sitenote_category":0},"categories":[7],"tags":[],"aioseo_notices":[],"gutentor_comment":0,"rttpg_featured_image_url":{"full":["https:\/\/arantv.az\/wp-content\/uploads\/2022\/11\/FotoJet-2022-11-20T102343.993.jpg",620,413,false],"landscape":["https:\/\/arantv.az\/wp-content\/uploads\/2022\/11\/FotoJet-2022-11-20T102343.993.jpg",620,413,false],"portraits":["https:\/\/arantv.az\/wp-content\/uploads\/2022\/11\/FotoJet-2022-11-20T102343.993.jpg",620,413,false],"thumbnail":["https:\/\/arantv.az\/wp-content\/uploads\/2022\/11\/FotoJet-2022-11-20T102343.993-500x280.jpg",500,280,true],"medium":["https:\/\/arantv.az\/wp-content\/uploads\/2022\/11\/FotoJet-2022-11-20T102343.993-548x365.jpg",548,365,true],"large":["https:\/\/arantv.az\/wp-content\/uploads\/2022\/11\/FotoJet-2022-11-20T102343.993.jpg",620,413,false],"1536x1536":["https:\/\/arantv.az\/wp-content\/uploads\/2022\/11\/FotoJet-2022-11-20T102343.993.jpg",620,413,false],"2048x2048":["https:\/\/arantv.az\/wp-content\/uploads\/2022\/11\/FotoJet-2022-11-20T102343.993.jpg",620,413,false],"post-thumbnail":["https:\/\/arantv.az\/wp-content\/uploads\/2022\/11\/FotoJet-2022-11-20T102343.993-240x172.jpg",240,172,true],"advps-thumb-one":["https:\/\/arantv.az\/wp-content\/uploads\/2022\/11\/FotoJet-2022-11-20T102343.993.jpg",620,413,false]},"rttpg_author":{"display_name":"V\u00fcsal Rafiqo\u011flu","author_link":"https:\/\/arantv.az\/?author=2"},"rttpg_comment":0,"rttpg_category":"<a href=\"https:\/\/arantv.az\/?cat=7\" rel=\"category\">D\u00fcnya<\/a>","rttpg_excerpt":"T\u00fcrkiy\u0259 ordusu Suriyada v\u0259 \u0130raqda terror\u00e7ular\u0131n m\u00f6vqel\u0259rini darmada\u011f\u0131n edib. Bu bar\u0259d\u0259 T\u00fcrkiy\u0259nin Milli M\u00fcdafi\u0259 Nazirliyi &#8220;Twitter&#8221; hesab\u0131nda m\u0259lumat yay\u0131b. \u201cTerror yuvalar\u0131 d\u0259qiq z\u0259rb\u0259l\u0259rl\u0259 darmada\u011f\u0131n edilir\u201d, &#8211; Milli M\u00fcdafi\u0259 Nazirliyinin&#8221;Twitter&#8221; hesab\u0131ndak\u0131 payla\u015f\u0131m\u0131nda qeyd edilir. Milli M\u00fcdafi\u0259 Nazirliyi h\u0259m\u00e7inin sosial \u015f\u0259b\u0259k\u0259 hesab\u0131nda &#8220;Hesab vaxt\u0131d\u0131r! Al\u00e7aqlardan xain h\u00fccumlar\u0131n hesab\u0131 sorulur&#8221;, &#8211; payla\u015f\u0131m\u0131n\u0131 edib. Payla\u015f\u0131mda T\u00fcrkiy\u0259nin d\u00f6y\u00fc\u015f t\u0259yyar\u0259sinin u\u00e7u\u015f-enm\u0259&hellip;","_links":{"self":[{"href":"https:\/\/arantv.az\/index.php?rest_route=\/wp\/v2\/posts\/536587"}],"collection":[{"href":"https:\/\/arantv.az\/index.php?rest_route=\/wp\/v2\/posts"}],"about":[{"href":"https:\/\/arantv.az\/index.php?rest_route=\/wp\/v2\/types\/post"}],"author":[{"embeddable":true,"href":"https:\/\/arantv.az\/index.php?rest_route=\/wp\/v2\/users\/2"}],"replies":[{"embeddable":true,"href":"https:\/\/arantv.az\/index.php?rest_route=%2Fwp%2Fv2%2Fcomments&post=536587"}],"version-history":[{"count":0,"href":"https:\/\/arantv.az\/index.php?rest_route=\/wp\/v2\/posts\/536587\/revisions"}],"wp:featuredmedia":[{"embeddable":true,"href":"https:\/\/arantv.az\/index.php?rest_route=\/wp\/v2\/media\/536588"}],"wp:attachment":[{"href":"https:\/\/arantv.az\/index.php?rest_route=%2Fwp%2Fv2%2Fmedia&parent=536587"}],"wp:term":[{"taxonomy":"category","embeddable":true,"href":"https:\/\/arantv.az\/index.php?rest_route=%2Fwp%2Fv2%2Fcategories&post=536587"},{"taxonomy":"post_tag","embeddable":true,"href":"https:\/\/arantv.az\/index.php?rest_route=%2Fwp%2Fv2%2Ftags&post=536587"}],"curies":[{"name":"wp","href":"https:\/\/api.w.org\/{rel}","templated":true}]}}