{"id":536591,"date":"2022-11-20T10:07:05","date_gmt":"2022-11-20T07:07:05","guid":{"rendered":"https:\/\/arantv.az\/?p=536591"},"modified":"2022-11-20T10:07:05","modified_gmt":"2022-11-20T07:07:05","slug":"qazaxistanda-prezident-seckil%c9%99rind%c9%99-s%c9%99sverm%c9%99-baslayib","status":"publish","type":"post","link":"https:\/\/arantv.az\/?p=536591","title":{"rendered":"Qazax\u0131standa prezident se\u00e7kil\u0259rind\u0259 s\u0259sverm\u0259 ba\u015flay\u0131b"},"content":{"rendered":"<p>Qazax\u0131standa bazar g\u00fcn\u00fc se\u00e7ki m\u0259nt\u0259q\u0259l\u0259ri a\u00e7\u0131l\u0131b v\u0259 \u00f6lk\u0259 prezidentliyin\u0259 namiz\u0259dl\u0259r \u00fc\u00e7\u00fcn s\u0259sverm\u0259 ba\u015flay\u0131b.<\/p>\n<p>Qazax\u0131standa v\u0259 xaricd\u0259 yarad\u0131lm\u0131\u015f 10,1 mind\u0259n \u00e7ox se\u00e7ki m\u0259nt\u0259q\u0259sind\u0259n (68-i respublikan\u0131n xarici diplomatik n\u00fcmay\u0259nd\u0259likl\u0259rind\u0259) \u0259ks\u0259riyy\u0259ti Astana vaxt\u0131 il\u0259 saat 07:00-da qap\u0131lar\u0131n\u0131 a\u00e7\u0131b, paytaxt Almat\u0131 v\u0259 \u00c7imk\u0259ndd\u0259 86 se\u00e7ki m\u0259nt\u0259q\u0259si bir saat \u0259vv\u0259l \u2013 saat 6:00-da i\u015f\u0259 ba\u015flay\u0131b. Qazax\u0131stan\u0131n 20 rayonundan be\u015find\u0259 se\u00e7ki m\u0259nt\u0259q\u0259l\u0259ri f\u0259rqli saat qur\u015fa\u011f\u0131nda olduqlar\u0131 \u00fc\u00e7\u00fcn bir saat sonra a\u00e7\u0131lacaq.<\/p>\n<p>Se\u00e7icil\u0259rin yerli vaxtla saat 20:00-a q\u0259d\u0259r s\u0259s verm\u0259k h\u00fcququ var, bundan sonra m\u0259nt\u0259q\u0259l\u0259rd\u0259 s\u0259sl\u0259rin hesablanmas\u0131na ba\u015flanacaq.<\/p>\n","protected":false},"excerpt":{"rendered":"<p>Qazax\u0131standa bazar g\u00fcn\u00fc se\u00e7ki m\u0259nt\u0259q\u0259l\u0259ri a\u00e7\u0131l\u0131b v\u0259 \u00f6lk\u0259 prezidentliyin\u0259 namiz\u0259dl\u0259r \u00fc\u00e7\u00fcn s\u0259sverm\u0259 ba\u015flay\u0131b. Qazax\u0131standa v\u0259 xaricd\u0259 yarad\u0131lm\u0131\u015f 10,1 mind\u0259n \u00e7ox se\u00e7ki m\u0259nt\u0259q\u0259sind\u0259n (68-i respublikan\u0131n xarici diplomatik n\u00fcmay\u0259nd\u0259likl\u0259rind\u0259) \u0259ks\u0259riyy\u0259ti Astana vaxt\u0131 il\u0259 saat 07:00-da qap\u0131lar\u0131n\u0131 a\u00e7\u0131b, paytaxt Almat\u0131 v\u0259 \u00c7imk\u0259ndd\u0259 86 se\u00e7ki m\u0259nt\u0259q\u0259si bir saat \u0259vv\u0259l \u2013 saat 6:00-da i\u015f\u0259 ba\u015flay\u0131b. Qazax\u0131stan\u0131n 20 rayonundan be\u015find\u0259 se\u00e7ki m\u0259nt\u0259q\u0259l\u0259ri f\u0259rqli saat qur\u015fa\u011f\u0131nda olduqlar\u0131 \u00fc\u00e7\u00fcn bir saat sonra a\u00e7\u0131lacaq. Se\u00e7icil\u0259rin yerli vaxtla saat 20:00-a q\u0259d\u0259r s\u0259s verm\u0259k h\u00fcququ var, bundan sonra m\u0259nt\u0259q\u0259l\u0259rd\u0259 s\u0259sl\u0259rin hesablanmas\u0131na ba\u015flanacaq.<\/p>\n","protected":false},"author":2,"featured_media":536592,"comment_status":"closed","ping_status":"closed","sticky":false,"template":"","format":"standard","meta":{"om_disable_all_campaigns":false,"_monsterinsights_skip_tracking":false,"_monsterinsights_sitenote_active":false,"_monsterinsights_sitenote_note":"","_monsterinsights_sitenote_category":0},"categories":[7],"tags":[],"aioseo_notices":[],"gutentor_comment":0,"rttpg_featured_image_url":{"full":["https:\/\/arantv.az\/wp-content\/uploads\/2022\/11\/FotoJet-2022-11-20T094150.210.jpg",620,413,false],"landscape":["https:\/\/arantv.az\/wp-content\/uploads\/2022\/11\/FotoJet-2022-11-20T094150.210.jpg",620,413,false],"portraits":["https:\/\/arantv.az\/wp-content\/uploads\/2022\/11\/FotoJet-2022-11-20T094150.210.jpg",620,413,false],"thumbnail":["https:\/\/arantv.az\/wp-content\/uploads\/2022\/11\/FotoJet-2022-11-20T094150.210-500x280.jpg",500,280,true],"medium":["https:\/\/arantv.az\/wp-content\/uploads\/2022\/11\/FotoJet-2022-11-20T094150.210-548x365.jpg",548,365,true],"large":["https:\/\/arantv.az\/wp-content\/uploads\/2022\/11\/FotoJet-2022-11-20T094150.210.jpg",620,413,false],"1536x1536":["https:\/\/arantv.az\/wp-content\/uploads\/2022\/11\/FotoJet-2022-11-20T094150.210.jpg",620,413,false],"2048x2048":["https:\/\/arantv.az\/wp-content\/uploads\/2022\/11\/FotoJet-2022-11-20T094150.210.jpg",620,413,false],"post-thumbnail":["https:\/\/arantv.az\/wp-content\/uploads\/2022\/11\/FotoJet-2022-11-20T094150.210-240x172.jpg",240,172,true],"advps-thumb-one":["https:\/\/arantv.az\/wp-content\/uploads\/2022\/11\/FotoJet-2022-11-20T094150.210.jpg",620,413,false]},"rttpg_author":{"display_name":"V\u00fcsal Rafiqo\u011flu","author_link":"https:\/\/arantv.az\/?author=2"},"rttpg_comment":0,"rttpg_category":"<a href=\"https:\/\/arantv.az\/?cat=7\" rel=\"category\">D\u00fcnya<\/a>","rttpg_excerpt":"Qazax\u0131standa bazar g\u00fcn\u00fc se\u00e7ki m\u0259nt\u0259q\u0259l\u0259ri a\u00e7\u0131l\u0131b v\u0259 \u00f6lk\u0259 prezidentliyin\u0259 namiz\u0259dl\u0259r \u00fc\u00e7\u00fcn s\u0259sverm\u0259 ba\u015flay\u0131b. Qazax\u0131standa v\u0259 xaricd\u0259 yarad\u0131lm\u0131\u015f 10,1 mind\u0259n \u00e7ox se\u00e7ki m\u0259nt\u0259q\u0259sind\u0259n (68-i respublikan\u0131n xarici diplomatik n\u00fcmay\u0259nd\u0259likl\u0259rind\u0259) \u0259ks\u0259riyy\u0259ti Astana vaxt\u0131 il\u0259 saat 07:00-da qap\u0131lar\u0131n\u0131 a\u00e7\u0131b, paytaxt Almat\u0131 v\u0259 \u00c7imk\u0259ndd\u0259 86 se\u00e7ki m\u0259nt\u0259q\u0259si bir saat \u0259vv\u0259l \u2013 saat 6:00-da i\u015f\u0259 ba\u015flay\u0131b. Qazax\u0131stan\u0131n 20 rayonundan be\u015find\u0259 se\u00e7ki&hellip;","_links":{"self":[{"href":"https:\/\/arantv.az\/index.php?rest_route=\/wp\/v2\/posts\/536591"}],"collection":[{"href":"https:\/\/arantv.az\/index.php?rest_route=\/wp\/v2\/posts"}],"about":[{"href":"https:\/\/arantv.az\/index.php?rest_route=\/wp\/v2\/types\/post"}],"author":[{"embeddable":true,"href":"https:\/\/arantv.az\/index.php?rest_route=\/wp\/v2\/users\/2"}],"replies":[{"embeddable":true,"href":"https:\/\/arantv.az\/index.php?rest_route=%2Fwp%2Fv2%2Fcomments&post=536591"}],"version-history":[{"count":0,"href":"https:\/\/arantv.az\/index.php?rest_route=\/wp\/v2\/posts\/536591\/revisions"}],"wp:featuredmedia":[{"embeddable":true,"href":"https:\/\/arantv.az\/index.php?rest_route=\/wp\/v2\/media\/536592"}],"wp:attachment":[{"href":"https:\/\/arantv.az\/index.php?rest_route=%2Fwp%2Fv2%2Fmedia&parent=536591"}],"wp:term":[{"taxonomy":"category","embeddable":true,"href":"https:\/\/arantv.az\/index.php?rest_route=%2Fwp%2Fv2%2Fcategories&post=536591"},{"taxonomy":"post_tag","embeddable":true,"href":"https:\/\/arantv.az\/index.php?rest_route=%2Fwp%2Fv2%2Ftags&post=536591"}],"curies":[{"name":"wp","href":"https:\/\/api.w.org\/{rel}","templated":true}]}}