{"id":536614,"date":"2022-11-20T10:18:39","date_gmt":"2022-11-20T07:18:39","guid":{"rendered":"https:\/\/arantv.az\/?p=536614"},"modified":"2022-11-20T10:18:39","modified_gmt":"2022-11-20T07:18:39","slug":"su-depressiyadan-qoruyur-2","status":"publish","type":"post","link":"https:\/\/arantv.az\/?p=536614","title":{"rendered":"Su depressiyadan qoruyur"},"content":{"rendered":"<p>H\u0259r il depressiyadan \u0259ziyy\u0259t \u00e7\u0259k\u0259n insanlar\u0131n say\u0131 art\u0131r.<\/p>\n<p>Amerikal\u0131 t\u0259dqiqat\u00e7\u0131lar bu tendensiyan\u0131 m\u00fcasir insanlar\u0131n rasionunda suyun azalmas\u0131l\u0259 \u0259laq\u0259l\u0259ndirirl\u0259r.<\/p>\n<p>T\u0259dqiqat\u00e7\u0131lar eksperiment zaman\u0131 bir qrup insanlara laz\u0131mi q\u0259d\u0259r, diq\u0259r qrupda olan insanlara is\u0259 m\u0259hdudla\u015fd\u0131r\u0131lm\u0131\u015f miqdarda su verirdil\u0259r. N\u0259tic\u0259d\u0259 ikinci qrupda olan insanlar yor\u011funluq, m\u0259yusluq hiss edir, daha tez-tez \u0259s\u0259bl\u0259\u015firdil\u0259r.<\/p>\n<p>M\u00fct\u0259x\u0259ssisl\u0259r qeyd edirl\u0259r ki, insan orqanizminin normal f\u0259aliyy\u0259ti \u00fc\u00e7\u00fcn g\u00fcn \u0259rzind\u0259\u00a0 orta hesabla 8-9 st\u0259kan adi su t\u0259l\u0259b olunur.<\/p>\n","protected":false},"excerpt":{"rendered":"<p>H\u0259r il depressiyadan \u0259ziyy\u0259t \u00e7\u0259k\u0259n insanlar\u0131n say\u0131 art\u0131r. Amerikal\u0131 t\u0259dqiqat\u00e7\u0131lar bu tendensiyan\u0131 m\u00fcasir insanlar\u0131n rasionunda suyun azalmas\u0131l\u0259 \u0259laq\u0259l\u0259ndirirl\u0259r. T\u0259dqiqat\u00e7\u0131lar eksperiment zaman\u0131 bir qrup insanlara laz\u0131mi q\u0259d\u0259r, diq\u0259r qrupda olan insanlara is\u0259 m\u0259hdudla\u015fd\u0131r\u0131lm\u0131\u015f miqdarda su verirdil\u0259r. N\u0259tic\u0259d\u0259 ikinci qrupda olan insanlar yor\u011funluq, m\u0259yusluq hiss edir, daha tez-tez \u0259s\u0259bl\u0259\u015firdil\u0259r. M\u00fct\u0259x\u0259ssisl\u0259r qeyd edirl\u0259r ki, insan orqanizminin normal f\u0259aliyy\u0259ti \u00fc\u00e7\u00fcn g\u00fcn \u0259rzind\u0259\u00a0 orta hesabla 8-9 st\u0259kan adi su t\u0259l\u0259b olunur.<\/p>\n","protected":false},"author":2,"featured_media":536615,"comment_status":"closed","ping_status":"closed","sticky":false,"template":"","format":"standard","meta":{"om_disable_all_campaigns":false,"_monsterinsights_skip_tracking":false,"_monsterinsights_sitenote_active":false,"_monsterinsights_sitenote_note":"","_monsterinsights_sitenote_category":0},"categories":[1],"tags":[],"aioseo_notices":[],"gutentor_comment":0,"rttpg_featured_image_url":{"full":["https:\/\/arantv.az\/wp-content\/uploads\/2022\/11\/su_009.jpg",640,435,false],"landscape":["https:\/\/arantv.az\/wp-content\/uploads\/2022\/11\/su_009.jpg",640,435,false],"portraits":["https:\/\/arantv.az\/wp-content\/uploads\/2022\/11\/su_009.jpg",640,435,false],"thumbnail":["https:\/\/arantv.az\/wp-content\/uploads\/2022\/11\/su_009-500x280.jpg",500,280,true],"medium":["https:\/\/arantv.az\/wp-content\/uploads\/2022\/11\/su_009-537x365.jpg",537,365,true],"large":["https:\/\/arantv.az\/wp-content\/uploads\/2022\/11\/su_009.jpg",640,435,false],"1536x1536":["https:\/\/arantv.az\/wp-content\/uploads\/2022\/11\/su_009.jpg",640,435,false],"2048x2048":["https:\/\/arantv.az\/wp-content\/uploads\/2022\/11\/su_009.jpg",640,435,false],"post-thumbnail":["https:\/\/arantv.az\/wp-content\/uploads\/2022\/11\/su_009-240x172.jpg",240,172,true],"advps-thumb-one":["https:\/\/arantv.az\/wp-content\/uploads\/2022\/11\/su_009.jpg",640,435,false]},"rttpg_author":{"display_name":"V\u00fcsal Rafiqo\u011flu","author_link":"https:\/\/arantv.az\/?author=2"},"rttpg_comment":0,"rttpg_category":"<a href=\"https:\/\/arantv.az\/?cat=1\" rel=\"category\">C\u0259miyy\u0259t<\/a>","rttpg_excerpt":"H\u0259r il depressiyadan \u0259ziyy\u0259t \u00e7\u0259k\u0259n insanlar\u0131n say\u0131 art\u0131r. Amerikal\u0131 t\u0259dqiqat\u00e7\u0131lar bu tendensiyan\u0131 m\u00fcasir insanlar\u0131n rasionunda suyun azalmas\u0131l\u0259 \u0259laq\u0259l\u0259ndirirl\u0259r. T\u0259dqiqat\u00e7\u0131lar eksperiment zaman\u0131 bir qrup insanlara laz\u0131mi q\u0259d\u0259r, diq\u0259r qrupda olan insanlara is\u0259 m\u0259hdudla\u015fd\u0131r\u0131lm\u0131\u015f miqdarda su verirdil\u0259r. N\u0259tic\u0259d\u0259 ikinci qrupda olan insanlar yor\u011funluq, m\u0259yusluq hiss edir, daha tez-tez \u0259s\u0259bl\u0259\u015firdil\u0259r. M\u00fct\u0259x\u0259ssisl\u0259r qeyd edirl\u0259r ki, insan orqanizminin normal f\u0259aliyy\u0259ti&hellip;","_links":{"self":[{"href":"https:\/\/arantv.az\/index.php?rest_route=\/wp\/v2\/posts\/536614"}],"collection":[{"href":"https:\/\/arantv.az\/index.php?rest_route=\/wp\/v2\/posts"}],"about":[{"href":"https:\/\/arantv.az\/index.php?rest_route=\/wp\/v2\/types\/post"}],"author":[{"embeddable":true,"href":"https:\/\/arantv.az\/index.php?rest_route=\/wp\/v2\/users\/2"}],"replies":[{"embeddable":true,"href":"https:\/\/arantv.az\/index.php?rest_route=%2Fwp%2Fv2%2Fcomments&post=536614"}],"version-history":[{"count":0,"href":"https:\/\/arantv.az\/index.php?rest_route=\/wp\/v2\/posts\/536614\/revisions"}],"wp:featuredmedia":[{"embeddable":true,"href":"https:\/\/arantv.az\/index.php?rest_route=\/wp\/v2\/media\/536615"}],"wp:attachment":[{"href":"https:\/\/arantv.az\/index.php?rest_route=%2Fwp%2Fv2%2Fmedia&parent=536614"}],"wp:term":[{"taxonomy":"category","embeddable":true,"href":"https:\/\/arantv.az\/index.php?rest_route=%2Fwp%2Fv2%2Fcategories&post=536614"},{"taxonomy":"post_tag","embeddable":true,"href":"https:\/\/arantv.az\/index.php?rest_route=%2Fwp%2Fv2%2Ftags&post=536614"}],"curies":[{"name":"wp","href":"https:\/\/api.w.org\/{rel}","templated":true}]}}