{"id":536625,"date":"2022-11-20T19:11:45","date_gmt":"2022-11-20T16:11:45","guid":{"rendered":"https:\/\/arantv.az\/?p=536625"},"modified":"2022-11-20T19:11:45","modified_gmt":"2022-11-20T16:11:45","slug":"c%c9%99lilabadda-qardas-bacini-niy%c9%99-oldurub-t%c9%99f%c9%99rruat-yenil%c9%99nib","status":"publish","type":"post","link":"https:\/\/arantv.az\/?p=536625","title":{"rendered":"C\u0259lilabadda qarda\u015f bac\u0131n\u0131 niy\u0259 \u00f6ld\u00fcr\u00fcb? &#8211; T\u018fF\u018fRR\u00dcAT + YEN\u0130L\u018fN\u0130B"},"content":{"rendered":"<p>C\u0259lilabadda ba\u015f ver\u0259n q\u0259tl hadis\u0259sinin t\u0259f\u0259rr\u00fcat\u0131 m\u0259lum olub.<\/p>\n<p>\u201cReport\u201dun\u00a0m\u0259lumat\u0131na g\u00f6r\u0259, rayonun Sabirabad k\u0259nd sakini, 1976-c\u0131 il t\u0259v\u0259ll\u00fcdl\u00fc Xalid\u0259 \u018fliyeva 5 g\u00fcn \u00f6nc\u0259 itkin d\u00fc\u015f\u00fcb.<\/p>\n<div class=\"AdviadNativeVideo\"><\/div>\n<p>M\u0259rhumun meyiti bu g\u00fcn s\u0259h\u0259r saatlar\u0131nda rayonun Uzunt\u0259p\u0259 k\u0259ndi \u0259razisind\u0259 h\u00fcquq-m\u00fchafiz\u0259 orqanlar\u0131 t\u0259r\u0259find\u0259n a\u015fkar olunub. M\u0259lum olub ki, o, q\u0259tl\u0259 yetril\u0259r\u0259k meyiti k\u0259ndd\u0259ki \u0259kin sah\u0259l\u0259rind\u0259n birind\u0259 basd\u0131r\u0131l\u0131b. Meyit m\u00fcayin\u0259 olunduqdan sonra adiyyat\u0131 \u00fczr\u0259 t\u0259hvil verilib.<\/p>\n<p>K\u0259nd sakinl\u0259rinin s\u00f6zl\u0259rin\u0259 g\u00f6r\u0259, m\u0259rhum Xalid\u0259 \u018fliyevan\u0131n\u200b son g\u00fcnl\u0259r bir yerd\u0259 ya\u015fad\u0131\u011f\u0131 qarda\u015f\u0131 1983-c\u00fc il t\u0259v\u0259ll\u00fcdl\u00fc Famil \u018fliyev v\u0259 onun h\u0259yat yolda\u015f\u0131 il\u0259 m\u00fclk \u00fcst\u00fcnd\u0259 m\u00fcbahis\u0259l\u0259ri yaran\u0131b. H\u0259tta o, bununla ba\u011fl\u0131 1 ay \u00f6nc\u0259 polis\u0259 \u015fikay\u0259t \u0259riz\u0259si il\u0259 m\u00fcraci\u0259t d\u0259 edib.<\/p>\n<p>Qeyd ed\u0259k ki, C\u0259lilabad rayon prokurorlu\u011fu hadis\u0259 il\u0259 ba\u011fl\u0131 a\u00e7\u0131qlama verib. A\u00e7\u0131qlamada bildirilir ki, noyabr\u0131n 16-s\u0131 C\u0259lilabad Rayon Polis \u015e\u00f6b\u0259sin\u0259 1976-c\u0131 il t\u0259v\u0259ll\u00fcdl\u00fc Xalid\u0259 \u018fliyevan\u0131n itkin d\u00fc\u015fm\u0259si il\u0259 ba\u011fl\u0131 daxil olmu\u015f m\u00fcraci\u0259t \u0259sas\u0131nda apar\u0131lm\u0131\u015f istintaq-\u0259m\u0259liyyat t\u0259dbirl\u0259ri il\u0259 sonuncunun q\u0259sd\u0259n \u00f6ld\u00fcr\u00fclm\u0259si m\u00fc\u0259yy\u0259n olunub. Faktla ba\u011fl\u0131 C\u0259lilabad prokurorlu\u011funda Cinay\u0259t M\u0259c\u0259ll\u0259sinin 120.1-ci madd\u0259si il\u0259 cinay\u0259t i\u015fi ba\u015flan\u0131b. \u0130stintaqla z\u0259r\u0259r\u00e7\u0259kmi\u015fin qarda\u015f\u0131 1983-c\u00fc il t\u0259v\u0259ll\u00fcdl\u00fc Famil \u018fliyevin \u015f\u0259xsi m\u00fcnasib\u0259tl\u0259r z\u0259minind\u0259 aralar\u0131nda yaranm\u0131\u015f m\u00fcbahis\u0259 zaman\u0131 Xalid\u0259 \u018fliyevan\u0131 a\u011fac par\u00e7as\u0131 il\u0259 vurub q\u0259sd\u0259n \u00f6ld\u00fcrm\u0259sin\u0259, daha sonra meyitini rayonun Uzunt\u0259p\u0259 k\u0259ndi \u0259razisind\u0259 basd\u0131rmas\u0131na \u0259sasl\u0131 \u015f\u00fcbh\u0259l\u0259r m\u00fc\u0259yy\u0259n edilib.<\/p>\n<p>Famil \u018fliyev \u015f\u00fcbh\u0259li \u015f\u0259xs qismind\u0259 saxlan\u0131lark\u0259n dindirilib v\u0259 g\u00f6st\u0259rdiyi yerd\u0259n meyit \u00e7\u0131xar\u0131laraq m\u00fcayin\u0259y\u0259 t\u0259qdim edilib.<\/p>\n<p>\u0130\u015f \u00fczr\u0259 istintaq davam edir.<\/p>\n<p><strong>15:22<\/strong><\/p>\n<p>Noyabr\u0131n 16-s\u0131 C\u0259lilabad Rayon Polis \u015e\u00f6b\u0259sin\u0259 1976-c\u0131 il t\u0259v\u0259ll\u00fcdl\u00fc Xalid\u0259 \u018fliyevan\u0131n itkin d\u00fc\u015fm\u0259si il\u0259 ba\u011fl\u0131 daxil olmu\u015f m\u00fcraci\u0259t \u0259sas\u0131nda apar\u0131lm\u0131\u015f istintaq-\u0259m\u0259liyyat t\u0259dbirl\u0259ri il\u0259 sonuncunun q\u0259sd\u0259n \u00f6ld\u00fcr\u00fclm\u0259si m\u00fc\u0259yy\u0259n olunub.<\/p>\n<p>C\u0259lilabad rayon prokurorlu\u011fundan\u00a0veril\u0259n m\u0259lumata g\u00f6r\u0259, faktla ba\u011fl\u0131 C\u0259lilabad prokurorlu\u011funda Cinay\u0259t M\u0259c\u0259ll\u0259sinin 120.1-ci madd\u0259si il\u0259 cinay\u0259t i\u015fi ba\u015flan\u0131b.<\/p>\n<p>\u0130stintaqla z\u0259r\u0259r\u00e7\u0259kmi\u015fin qarda\u015f\u0131 1983-c\u00fc il t\u0259v\u0259ll\u00fcdl\u00fc Famil \u018fliyevin \u015f\u0259xsi m\u00fcnasib\u0259tl\u0259r z\u0259minind\u0259 aralar\u0131nda yaranm\u0131\u015f m\u00fcbahis\u0259 zaman\u0131 Xalid\u0259 \u018fliyevan\u0131 a\u011fac par\u00e7as\u0131 il\u0259 vurub q\u0259sd\u0259n \u00f6ld\u00fcrm\u0259sin\u0259, daha sonra meyitini rayonun Uzunt\u0259p\u0259 k\u0259ndi \u0259razisind\u0259 basd\u0131rmas\u0131na \u0259sasl\u0131 \u015f\u00fcbh\u0259l\u0259r m\u00fc\u0259yy\u0259n edilib.<\/p>\n<p>Famil \u018fliyev \u015f\u00fcbh\u0259li \u015f\u0259xs qismind\u0259 saxlan\u0131lark\u0259n dindirilmi\u015f v\u0259 g\u00f6st\u0259rdiyi yerd\u0259n meyit \u00e7\u0131xar\u0131laraq m\u00fcayin\u0259y\u0259 t\u0259qdim edilmi\u015fdir.<\/p>\n<p>\u0130\u015f \u00fczr\u0259 istintaq davam edir.<\/p>\n<p><strong>15:18<\/strong><\/p>\n<p>C\u0259lilabad rayonunda qad\u0131n meyiti a\u015fkar olunub.<\/p>\n<p>\u201cReport\u201dun\u00a0m\u0259lumat\u0131na g\u00f6r\u0259, meyit rayonun Sabirabad k\u0259ndi \u0259razisind\u0259, a\u00e7\u0131q \u0259razid\u0259 tap\u0131l\u0131b.<\/p>\n<p>\u0130lkin ehtimala g\u00f6r\u0259, meyit bir m\u00fcdd\u0259t \u00f6nc\u0259 itkin d\u00fc\u015fm\u00fc\u015f 46 ya\u015fl\u0131 \u018fliyeva Xalid\u0259 Xeyrulla q\u0131z\u0131na m\u0259xsusdur. Onun q\u0259tl\u0259 yetirildiyi bildirilir.<\/p>\n<p>Faktla ba\u011fl\u0131 ara\u015fd\u0131rma apar\u0131l\u0131r.<\/p>\n","protected":false},"excerpt":{"rendered":"<p>C\u0259lilabadda ba\u015f ver\u0259n q\u0259tl hadis\u0259sinin t\u0259f\u0259rr\u00fcat\u0131 m\u0259lum olub. \u201cReport\u201dun\u00a0m\u0259lumat\u0131na g\u00f6r\u0259, rayonun Sabirabad k\u0259nd sakini, 1976-c\u0131 il t\u0259v\u0259ll\u00fcdl\u00fc Xalid\u0259 \u018fliyeva 5 g\u00fcn \u00f6nc\u0259 itkin d\u00fc\u015f\u00fcb. M\u0259rhumun meyiti bu g\u00fcn s\u0259h\u0259r saatlar\u0131nda rayonun Uzunt\u0259p\u0259 k\u0259ndi \u0259razisind\u0259 h\u00fcquq-m\u00fchafiz\u0259 orqanlar\u0131 t\u0259r\u0259find\u0259n a\u015fkar olunub. M\u0259lum olub ki, o, q\u0259tl\u0259 yetril\u0259r\u0259k meyiti k\u0259ndd\u0259ki \u0259kin sah\u0259l\u0259rind\u0259n birind\u0259 basd\u0131r\u0131l\u0131b. Meyit m\u00fcayin\u0259 olunduqdan sonra adiyyat\u0131 \u00fczr\u0259 t\u0259hvil verilib. K\u0259nd sakinl\u0259rinin s\u00f6zl\u0259rin\u0259 g\u00f6r\u0259, m\u0259rhum Xalid\u0259 \u018fliyevan\u0131n\u200b son g\u00fcnl\u0259r bir yerd\u0259 ya\u015fad\u0131\u011f\u0131 qarda\u015f\u0131 1983-c\u00fc il t\u0259v\u0259ll\u00fcdl\u00fc Famil \u018fliyev v\u0259 onun h\u0259yat yolda\u015f\u0131 il\u0259 m\u00fclk \u00fcst\u00fcnd\u0259 m\u00fcbahis\u0259l\u0259ri yaran\u0131b. H\u0259tta o, bununla ba\u011fl\u0131&hellip;<\/p>\n","protected":false},"author":2,"featured_media":536626,"comment_status":"closed","ping_status":"closed","sticky":false,"template":"","format":"standard","meta":{"om_disable_all_campaigns":false,"_monsterinsights_skip_tracking":false,"_monsterinsights_sitenote_active":false,"_monsterinsights_sitenote_note":"","_monsterinsights_sitenote_category":0},"categories":[5],"tags":[],"aioseo_notices":[],"gutentor_comment":0,"rttpg_featured_image_url":{"full":["https:\/\/arantv.az\/wp-content\/uploads\/2022\/11\/6379fdee33a876379fdee33a8816689392466379fdee33a836379fdee33a85.jpg",620,413,false],"landscape":["https:\/\/arantv.az\/wp-content\/uploads\/2022\/11\/6379fdee33a876379fdee33a8816689392466379fdee33a836379fdee33a85.jpg",620,413,false],"portraits":["https:\/\/arantv.az\/wp-content\/uploads\/2022\/11\/6379fdee33a876379fdee33a8816689392466379fdee33a836379fdee33a85.jpg",620,413,false],"thumbnail":["https:\/\/arantv.az\/wp-content\/uploads\/2022\/11\/6379fdee33a876379fdee33a8816689392466379fdee33a836379fdee33a85-500x280.jpg",500,280,true],"medium":["https:\/\/arantv.az\/wp-content\/uploads\/2022\/11\/6379fdee33a876379fdee33a8816689392466379fdee33a836379fdee33a85-548x365.jpg",548,365,true],"large":["https:\/\/arantv.az\/wp-content\/uploads\/2022\/11\/6379fdee33a876379fdee33a8816689392466379fdee33a836379fdee33a85.jpg",620,413,false],"1536x1536":["https:\/\/arantv.az\/wp-content\/uploads\/2022\/11\/6379fdee33a876379fdee33a8816689392466379fdee33a836379fdee33a85.jpg",620,413,false],"2048x2048":["https:\/\/arantv.az\/wp-content\/uploads\/2022\/11\/6379fdee33a876379fdee33a8816689392466379fdee33a836379fdee33a85.jpg",620,413,false],"post-thumbnail":["https:\/\/arantv.az\/wp-content\/uploads\/2022\/11\/6379fdee33a876379fdee33a8816689392466379fdee33a836379fdee33a85-240x172.jpg",240,172,true],"advps-thumb-one":["https:\/\/arantv.az\/wp-content\/uploads\/2022\/11\/6379fdee33a876379fdee33a8816689392466379fdee33a836379fdee33a85.jpg",620,413,false]},"rttpg_author":{"display_name":"V\u00fcsal Rafiqo\u011flu","author_link":"https:\/\/arantv.az\/?author=2"},"rttpg_comment":0,"rttpg_category":"<a href=\"https:\/\/arantv.az\/?cat=5\" rel=\"category\">Hadis\u0259<\/a>","rttpg_excerpt":"C\u0259lilabadda ba\u015f ver\u0259n q\u0259tl hadis\u0259sinin t\u0259f\u0259rr\u00fcat\u0131 m\u0259lum olub. \u201cReport\u201dun\u00a0m\u0259lumat\u0131na g\u00f6r\u0259, rayonun Sabirabad k\u0259nd sakini, 1976-c\u0131 il t\u0259v\u0259ll\u00fcdl\u00fc Xalid\u0259 \u018fliyeva 5 g\u00fcn \u00f6nc\u0259 itkin d\u00fc\u015f\u00fcb. M\u0259rhumun meyiti bu g\u00fcn s\u0259h\u0259r saatlar\u0131nda rayonun Uzunt\u0259p\u0259 k\u0259ndi \u0259razisind\u0259 h\u00fcquq-m\u00fchafiz\u0259 orqanlar\u0131 t\u0259r\u0259find\u0259n a\u015fkar olunub. M\u0259lum olub ki, o, q\u0259tl\u0259 yetril\u0259r\u0259k meyiti k\u0259ndd\u0259ki \u0259kin sah\u0259l\u0259rind\u0259n birind\u0259 basd\u0131r\u0131l\u0131b. Meyit m\u00fcayin\u0259 olunduqdan sonra&hellip;","_links":{"self":[{"href":"https:\/\/arantv.az\/index.php?rest_route=\/wp\/v2\/posts\/536625"}],"collection":[{"href":"https:\/\/arantv.az\/index.php?rest_route=\/wp\/v2\/posts"}],"about":[{"href":"https:\/\/arantv.az\/index.php?rest_route=\/wp\/v2\/types\/post"}],"author":[{"embeddable":true,"href":"https:\/\/arantv.az\/index.php?rest_route=\/wp\/v2\/users\/2"}],"replies":[{"embeddable":true,"href":"https:\/\/arantv.az\/index.php?rest_route=%2Fwp%2Fv2%2Fcomments&post=536625"}],"version-history":[{"count":0,"href":"https:\/\/arantv.az\/index.php?rest_route=\/wp\/v2\/posts\/536625\/revisions"}],"wp:featuredmedia":[{"embeddable":true,"href":"https:\/\/arantv.az\/index.php?rest_route=\/wp\/v2\/media\/536626"}],"wp:attachment":[{"href":"https:\/\/arantv.az\/index.php?rest_route=%2Fwp%2Fv2%2Fmedia&parent=536625"}],"wp:term":[{"taxonomy":"category","embeddable":true,"href":"https:\/\/arantv.az\/index.php?rest_route=%2Fwp%2Fv2%2Fcategories&post=536625"},{"taxonomy":"post_tag","embeddable":true,"href":"https:\/\/arantv.az\/index.php?rest_route=%2Fwp%2Fv2%2Ftags&post=536625"}],"curies":[{"name":"wp","href":"https:\/\/api.w.org\/{rel}","templated":true}]}}