{"id":536636,"date":"2022-11-20T19:15:14","date_gmt":"2022-11-20T16:15:14","guid":{"rendered":"https:\/\/arantv.az\/?p=536636"},"modified":"2022-11-20T19:15:14","modified_gmt":"2022-11-20T16:15:14","slug":"agdamin-isgaldan-azad-olunmasinin-ikinci-ildonumu-qeyd-edilib-yenil%c9%99nib","status":"publish","type":"post","link":"https:\/\/arantv.az\/?p=536636","title":{"rendered":"A\u011fdam\u0131n i\u015f\u011faldan azad olunmas\u0131n\u0131n ikinci ild\u00f6n\u00fcm\u00fc qeyd edilib &#8211; YEN\u0130L\u018fN\u0130B"},"content":{"rendered":"<p>A\u011fdam\u0131n i\u015f\u011faldan azad edilm\u0259sinin ild\u00f6n\u00fcm\u00fc il\u0259 \u0259laq\u0259dar A\u011fdam \u015f\u0259h\u0259rind\u0259 t\u0259nt\u0259n\u0259li t\u0259dbir ke\u00e7irilib.<\/p>\n<p><strong>ARANTV.AZ\u00a0<\/strong> x\u0259b\u0259r verir ki, Qaraba\u011f iqtisadi rayonuna daxil olan i\u015f\u011faldan azad edilmi\u015f \u0259razil\u0259rd\u0259 (\u015eu\u015fa rayonu istisna olmaqla) Az\u0259rbaycan Respublikas\u0131 Prezidentinin X\u00fcsusi N\u00fcmay\u0259nd\u0259liyinin, \u0259razid\u0259 f\u0259aliyy\u0259t g\u00f6st\u0259r\u0259n d\u00f6vl\u0259t orqanlar\u0131n\u0131n v\u0259 A\u011fdam rayon ictimaiyy\u0259tinin n\u00fcmay\u0259nd\u0259l\u0259ri, \u015f\u0259hid ail\u0259l\u0259ri, qazil\u0259r \u0259vv\u0259lc\u0259 \u015e\u0259hidl\u0259r xiyaban\u0131n\u0131 ziyar\u0259t edibl\u0259r. 44 g\u00fcnl\u00fck m\u00fcharib\u0259d\u0259 q\u0259hr\u0259mancas\u0131na d\u00f6y\u00fc\u015f\u0259r\u0259k, \u015f\u0259hid olanlar\u0131n adlar\u0131 h\u0259kk olunmu\u015f l\u00f6vh\u0259nin qar\u015f\u0131s\u0131na \u0259kil v\u0259 g\u00fcll\u0259r qoyulub, dualar oxunub v\u0259 \u015e\u0259hid xiyaban\u0131ndak\u0131 m\u0259zarlar ziyar\u0259t olunub.<\/p>\n<div class=\"AdviadNativeVideo\"><\/div>\n<p>A\u011fdam Konfrans M\u0259rk\u0259zind\u0259 davam ed\u0259n t\u0259dbird\u0259 Az\u0259rbaycan Respublikas\u0131n\u0131n D\u00f6vl\u0259t Himni s\u0259sl\u0259ndirilib, \u015f\u0259hidl\u0259rin \u0259ziz xatir\u0259si bir d\u0259qiq\u0259lik s\u00fckutla yad edilib.<\/p>\n<p>Qaraba\u011f iqtisadi rayonuna daxil olan, i\u015f\u011faldan azad olunmu\u015f \u0259razil\u0259rd\u0259 (\u015eu\u015fa rayonu istisna olmaqla) Az\u0259rbaycan Respublikas\u0131 Prezidentinin x\u00fcsusi n\u00fcmay\u0259nd\u0259si Emin H\u00fcseynov qonaqlar\u0131 salamlay\u0131b, 44 g\u00fcnl\u00fck V\u0259t\u0259n m\u00fcharib\u0259sind\u0259 qazan\u0131lan \u015fanl\u0131 q\u0259l\u0259b\u0259d\u0259n, A\u011fdam \u015f\u0259h\u0259rind\u0259 apar\u0131lan yenid\u0259nqurma v\u0259 b\u0259rpa i\u015fl\u0259rind\u0259n dan\u0131\u015f\u0131b. Bildirib ki, M\u00fcz\u0259ff\u0259r Ali Ba\u015f Komandan\u0131n r\u0259hb\u0259rliyi alt\u0131nda g\u00fccl\u00fc ordumuz Erm\u0259nistan\u0131n 30 il m\u00fcdd\u0259tind\u0259 qurdu\u011fu m\u00fcdafi\u0259 x\u0259ttini q\u0131sa bir zamanda yard\u0131. H\u0259m h\u0259rbi, h\u0259m d\u0259 siyasi m\u00fcst\u0259vil\u0259rd\u0259 \u0259ld\u0259 olunan u\u011furlar\u0131n m\u0259ntiqi n\u0259tic\u0259si olaraq Az\u0259rbaycan 44 g\u00fcn \u0259rzind\u0259 \u00f6z torpaqlar\u0131n\u0131 i\u015f\u011faldan azad etdi. Az\u0259rbaycan ordusunun M\u00fcz\u0259ff\u0259r Ali Ba\u015f Komandan\u0131n r\u0259hb\u0259rliyi alt\u0131nda \u0259ld\u0259 etdiyi bu q\u0259l\u0259b\u0259 misli g\u00f6r\u00fclm\u0259mi\u015f bir q\u0259l\u0259b\u0259 idi. Bu q\u0259l\u0259b\u0259 d\u00fc\u015fm\u0259ni kapitulyasiya akt\u0131 imzalama\u011fa vadar etdi v\u0259 bunun say\u0259sind\u0259 A\u011fdam, K\u0259lb\u0259c\u0259r v\u0259 La\u00e7\u0131n bir g\u00fcll\u0259 bel\u0259 at\u0131lmadan Az\u0259rbaycana geri qaytar\u0131ld\u0131.<\/p>\n<p>Diqq\u0259t\u0259 \u00e7atd\u0131r\u0131l\u0131b ki, bir zamanlar \u00f6z g\u00f6z\u0259lliyi, dinamikliyi, mu\u011fam\u0131, tarixi il\u0259 ad \u00e7\u0131xaran A\u011fdam \u015f\u0259h\u0259rind\u0259 bir da\u015f bel\u0259 da\u015f \u00fcst\u00fcnd\u0259 qalmay\u0131b. Bundan \u0259lav\u0259, A\u011fdam h\u0259m d\u0259 i\u015f\u011faldan azad olunmu\u015f rayonlar\u0131m\u0131z aras\u0131nda \u0259n \u00e7ox minalarla \u00e7irkl\u0259nmi\u015f \u0259razil\u0259rd\u0259ndir. Bu amill\u0259r yenid\u0259nqurma v\u0259 b\u0259rpa prosesl\u0259rini gecikdirs\u0259 d\u0259, b\u00fct\u00fcn aidiyy\u0259ti d\u00f6vl\u0259t qurumlar\u0131 yorulmadan \u00e7al\u0131\u015f\u0131r, Prezidentin verdiyi tap\u015f\u0131r\u0131qlar\u0131 vaxt\u0131nda v\u0259 d\u0259qiq yerin\u0259 yetirm\u0259k \u00fc\u00e7\u00fcn \u0259ll\u0259rind\u0259n g\u0259l\u0259ni edirl\u0259r. Bura baza v\u0259 sosial infrastrukturun qurulmas\u0131, k\u0259nd t\u0259s\u0259rr\u00fcfat\u0131, turizm v\u0259 s\u0259nayenin inki\u015faf\u0131, tariximizin v\u0259 m\u0259d\u0259niyy\u0259timiz qorunmas\u0131 daxildir. B\u00fct\u00fcn sadalanan istiqam\u0259tl\u0259r \u00fczr\u0259 i\u015fl\u0259r paralel apar\u0131l\u0131r v\u0259 bunlar\u0131n ham\u0131s\u0131n\u0131n da bir m\u0259qs\u0259di var &#8211; ke\u00e7mi\u015f m\u0259cburi k\u00f6\u00e7k\u00fcnl\u0259rimiz \u00f6z d\u0259d\u0259-baba torpaqlar\u0131na geri qay\u0131ts\u0131nlar, \u0259vv\u0259lkind\u0259n d\u0259 g\u00f6z\u0259l, m\u00fcasir v\u0259 \u0259l\u00e7atan A\u011fdam \u015f\u0259h\u0259rind\u0259 ya\u015fas\u0131nlar.<\/p>\n<p>Sonra A\u011fdam Rayon \u0130cra Hakimiyy\u0259tinin ba\u015f\u00e7\u0131s\u0131 Vaqif H\u0259s\u0259nov rayon ictimaiyy\u0259ti n\u00fcmay\u0259nd\u0259l\u0259ri t\u0259r\u0259find\u0259n Prezident\u00a0<strong>\u0130lham \u018fliyev<\/strong>\u0259 \u00fcnvanlanan t\u0259\u015f\u0259kk\u00fcr m\u0259ktubunu s\u0259sl\u0259ndirib.<\/p>\n<p>R\u0259smi hiss\u0259d\u0259n sonra tan\u0131nm\u0131\u015f inc\u0259s\u0259n\u0259t xadiml\u0259rinin i\u015ftirak\u0131 il\u0259 konsert proqram\u0131 olub.<\/p>\n<p><strong>13:25<\/strong><\/p>\n<p>A\u011fdam\u0131n i\u015f\u011faldan azad edilm\u0259sinin ild\u00f6n\u00fcm\u00fc il\u0259 \u0259laq\u0259dar A\u011fdam \u015f\u0259h\u0259rind\u0259 y\u00fcr\u00fc\u015f t\u0259\u015fkil olunub.<\/p>\n<p><strong>ARANTV.AZ<\/strong> x\u0259b\u0259r verir ki, Qaraba\u011f iqtisadi rayonuna daxil olan i\u015f\u011faldan azad edilmi\u015f \u0259razil\u0259rd\u0259 (\u015eu\u015fa rayonu istisna olmaqla) Az\u0259rbaycan Respublikas\u0131 Prezidentinin X\u00fcsusi N\u00fcmay\u0259nd\u0259liyinin v\u0259 A\u011fdam rayon \u0130cra Hakimiyy\u0259tinin t\u0259\u015fkil etdiyi t\u0259dbir\u0259 \u015e\u0259hidl\u0259r xiyaban\u0131n ziyar\u0259t edilm\u0259si il\u0259 start verilib.<\/p>\n<p>Qaraba\u011f iqtisadi rayonuna daxil olan i\u015f\u011faldan azad edilmi\u015f \u0259razil\u0259rd\u0259 (\u015eu\u015fa rayonu istisna olmaqla) Az\u0259rbaycan Respublikas\u0131 Prezidentinin x\u00fcsusi n\u00fcmay\u0259nd\u0259si Emin H\u00fcseynov v\u0259 n\u00fcmay\u0259nd\u0259liyin \u0259m\u0259kda\u015flar\u0131, \u201cQaraba\u011f \u0130qtisadi Rayonunda B\u0259rpa, Tikinti v\u0259 \u0130dar\u0259etm\u0259 Xidm\u0259ti\u201d publik h\u00fcquqi \u015f\u0259xsin icra\u00e7\u0131 direktoru v\u0259 qurumun n\u00fcmay\u0259nd\u0259l\u0259ri, h\u0259rb\u00e7il\u0259r, \u015f\u0259hid ail\u0259l\u0259ri, h\u00fcquq-m\u00fchafiz\u0259 orqanlar\u0131n\u0131n n\u00fcmay\u0259nd\u0259l\u0259ri, A\u011fdam \u0259razisind\u0259 \u00e7al\u0131\u015fan \u015firk\u0259t v\u0259 qurumlar\u0131n i\u015f\u00e7il\u0259ri, h\u0259m\u00e7inin A\u011fdam k\u00f6n\u00fcll\u00fcl\u0259ri olan bir qrup g\u0259nc \u015f\u0259hidl\u0259rin m\u0259zarlar\u0131n\u0131 ziyar\u0259t edib, \u00fcz\u0259rin\u0259 g\u00fcl d\u0259st\u0259l\u0259ri d\u00fcz\u00fcbl\u0259r.<\/p>\n<p>\u015e\u0259hidl\u0259rin xatir\u0259si \u0259ks olunan l\u00f6vh\u0259 \u00f6n\u00fcn\u0259 g\u00fcl \u00e7\u0259l\u0259ngi qoyulub.<\/p>\n<p>Daha sonra t\u0259\u015fkil olunan y\u00fcr\u00fc\u015fd\u0259 mill\u0259t v\u0259kill\u0259ri, rayon ictimaiyy\u0259ti, qazil\u0259r, m\u00fcharib\u0259 veteranlar\u0131, A\u011fdam \u015f\u0259h\u0259rind\u0259 yenid\u0259nqurma i\u015fl\u0259rin\u0259 c\u0259lb olunan tikinti \u015firk\u0259tl\u0259rinin n\u00fcmay\u0259nd\u0259l\u0259ri i\u015ftirak edib.<\/p>\n<p>&nbsp;<\/p>\n<div class=\"gallery\">\n<div class=\"gallery-i\"><img src=\"https:\/\/cdn.oxu.az\/uploads\/W1siZiIsIjIwMjIvMTEvMjAvMTMvMDYvMTcvMjJkZGZhOTQtYzQ1Zi00NzE5LTk2MjEtOGI3N2M5ODUzYTA1L2MzODQ3ODE1LWNmNmItM2Q1NC1iYmY5LTVkZmQyOTliNWY5Zi5qcGVnIl0sWyJwIiwiZW5jb2RlIiwianBnIiwiLXF1YWxpdHkgODAiXSxbInAiLCJ0aHVtYiIsIjU5MHg1OTBcdTAwM2UiXV0?sha=16b969519f734753\" alt=\"\" \/><\/p>\n<div class=\"gallery-i-caption\"><\/div>\n<\/div>\n<div class=\"gallery-i\"><img src=\"https:\/\/cdn.oxu.az\/uploads\/W1siZiIsIjIwMjIvMTEvMjAvMTMvMDYvMTcvMjg5MWM0NmEtNjFmNC00YWEyLWEwNTYtN2MyN2JmYmQyMzVmLzMwMzk4Zjg1LWNiNWMtMzEwZS1hZGJkLWZmMGU1ZjliOTVjYy5qcGVnIl0sWyJwIiwiZW5jb2RlIiwianBnIiwiLXF1YWxpdHkgODAiXSxbInAiLCJ0aHVtYiIsIjU5MHg1OTBcdTAwM2UiXV0?sha=392ac3b2f0dfcb00\" alt=\"\" \/><\/p>\n<div class=\"gallery-i-caption\"><\/div>\n<\/div>\n<div class=\"gallery-i\"><img src=\"https:\/\/cdn.oxu.az\/uploads\/W1siZiIsIjIwMjIvMTEvMjAvMTMvMDYvMTgvNjllNTlhMDMtMTU4ZS00ODc1LWI2Y2EtZWI4YTM0NTllYTVkLzA3ZDc0NTk1LTNiMjQtMzU4Ni1hMWRlLWNiMmM5NTQ2NzZhMC5qcGVnIl0sWyJwIiwiZW5jb2RlIiwianBnIiwiLXF1YWxpdHkgODAiXSxbInAiLCJ0aHVtYiIsIjU5MHg1OTBcdTAwM2UiXV0?sha=47e16186350d280f\" alt=\"\" \/><\/p>\n<div class=\"gallery-i-caption\"><\/div>\n<\/div>\n<div class=\"gallery-i\"><img src=\"https:\/\/cdn.oxu.az\/uploads\/W1siZiIsIjIwMjIvMTEvMjAvMTMvMDYvMTgvMzNjNDZlMDQtOTRlNS00M2ZjLWJhMmQtODE3OTVkNGM4OTE3LzBhOWQ2MTcxLTdlYzQtMzBmMS05NjZmLWRkZTMzNmJkZTcyMC5qcGVnIl0sWyJwIiwiZW5jb2RlIiwianBnIiwiLXF1YWxpdHkgODAiXSxbInAiLCJ0aHVtYiIsIjU5MHg1OTBcdTAwM2UiXV0?sha=05c7afa75fc6af4a\" alt=\"\" \/><\/p>\n<div class=\"gallery-i-caption\"><\/div>\n<\/div>\n<div class=\"gallery-i\"><img src=\"https:\/\/cdn.oxu.az\/uploads\/W1siZiIsIjIwMjIvMTEvMjAvMTMvMDYvMTgvMjRjYTg3YzQtZjFiNi00YTFhLTg2YjQtNjI0MWE2YWI1OWI0LzRjY2ViNWRhLWJkYzktMzM4OC05MTVmLTQxMTQwNzkxYmE1OC5qcGVnIl0sWyJwIiwiZW5jb2RlIiwianBnIiwiLXF1YWxpdHkgODAiXSxbInAiLCJ0aHVtYiIsIjU5MHg1OTBcdTAwM2UiXV0?sha=7d6c9f01be38e0e2\" alt=\"\" \/><\/div>\n<\/div>\n","protected":false},"excerpt":{"rendered":"<p>A\u011fdam\u0131n i\u015f\u011faldan azad edilm\u0259sinin ild\u00f6n\u00fcm\u00fc il\u0259 \u0259laq\u0259dar A\u011fdam \u015f\u0259h\u0259rind\u0259 t\u0259nt\u0259n\u0259li t\u0259dbir ke\u00e7irilib. ARANTV.AZ\u00a0 x\u0259b\u0259r verir ki, Qaraba\u011f iqtisadi rayonuna daxil olan i\u015f\u011faldan azad edilmi\u015f \u0259razil\u0259rd\u0259 (\u015eu\u015fa rayonu istisna olmaqla) Az\u0259rbaycan Respublikas\u0131 Prezidentinin X\u00fcsusi N\u00fcmay\u0259nd\u0259liyinin, \u0259razid\u0259 f\u0259aliyy\u0259t g\u00f6st\u0259r\u0259n d\u00f6vl\u0259t orqanlar\u0131n\u0131n v\u0259 A\u011fdam rayon ictimaiyy\u0259tinin n\u00fcmay\u0259nd\u0259l\u0259ri, \u015f\u0259hid ail\u0259l\u0259ri, qazil\u0259r \u0259vv\u0259lc\u0259 \u015e\u0259hidl\u0259r xiyaban\u0131n\u0131 ziyar\u0259t edibl\u0259r. 44 g\u00fcnl\u00fck m\u00fcharib\u0259d\u0259 q\u0259hr\u0259mancas\u0131na d\u00f6y\u00fc\u015f\u0259r\u0259k, \u015f\u0259hid olanlar\u0131n adlar\u0131 h\u0259kk olunmu\u015f l\u00f6vh\u0259nin qar\u015f\u0131s\u0131na \u0259kil v\u0259 g\u00fcll\u0259r qoyulub, dualar oxunub v\u0259 \u015e\u0259hid xiyaban\u0131ndak\u0131 m\u0259zarlar ziyar\u0259t olunub. A\u011fdam Konfrans M\u0259rk\u0259zind\u0259 davam ed\u0259n t\u0259dbird\u0259 Az\u0259rbaycan Respublikas\u0131n\u0131n D\u00f6vl\u0259t Himni s\u0259sl\u0259ndirilib, \u015f\u0259hidl\u0259rin \u0259ziz xatir\u0259si&hellip;<\/p>\n","protected":false},"author":2,"featured_media":536637,"comment_status":"closed","ping_status":"closed","sticky":false,"template":"","format":"standard","meta":{"om_disable_all_campaigns":false,"_monsterinsights_skip_tracking":false,"_monsterinsights_sitenote_active":false,"_monsterinsights_sitenote_note":"","_monsterinsights_sitenote_category":0},"categories":[1],"tags":[],"aioseo_notices":[],"gutentor_comment":0,"rttpg_featured_image_url":{"full":["https:\/\/arantv.az\/wp-content\/uploads\/2022\/11\/FotoJet-2022-11-20T130519.697.jpg",620,413,false],"landscape":["https:\/\/arantv.az\/wp-content\/uploads\/2022\/11\/FotoJet-2022-11-20T130519.697.jpg",620,413,false],"portraits":["https:\/\/arantv.az\/wp-content\/uploads\/2022\/11\/FotoJet-2022-11-20T130519.697.jpg",620,413,false],"thumbnail":["https:\/\/arantv.az\/wp-content\/uploads\/2022\/11\/FotoJet-2022-11-20T130519.697-500x280.jpg",500,280,true],"medium":["https:\/\/arantv.az\/wp-content\/uploads\/2022\/11\/FotoJet-2022-11-20T130519.697-548x365.jpg",548,365,true],"large":["https:\/\/arantv.az\/wp-content\/uploads\/2022\/11\/FotoJet-2022-11-20T130519.697.jpg",620,413,false],"1536x1536":["https:\/\/arantv.az\/wp-content\/uploads\/2022\/11\/FotoJet-2022-11-20T130519.697.jpg",620,413,false],"2048x2048":["https:\/\/arantv.az\/wp-content\/uploads\/2022\/11\/FotoJet-2022-11-20T130519.697.jpg",620,413,false],"post-thumbnail":["https:\/\/arantv.az\/wp-content\/uploads\/2022\/11\/FotoJet-2022-11-20T130519.697-240x172.jpg",240,172,true],"advps-thumb-one":["https:\/\/arantv.az\/wp-content\/uploads\/2022\/11\/FotoJet-2022-11-20T130519.697.jpg",620,413,false]},"rttpg_author":{"display_name":"V\u00fcsal Rafiqo\u011flu","author_link":"https:\/\/arantv.az\/?author=2"},"rttpg_comment":0,"rttpg_category":"<a href=\"https:\/\/arantv.az\/?cat=1\" rel=\"category\">C\u0259miyy\u0259t<\/a>","rttpg_excerpt":"A\u011fdam\u0131n i\u015f\u011faldan azad edilm\u0259sinin ild\u00f6n\u00fcm\u00fc il\u0259 \u0259laq\u0259dar A\u011fdam \u015f\u0259h\u0259rind\u0259 t\u0259nt\u0259n\u0259li t\u0259dbir ke\u00e7irilib. ARANTV.AZ\u00a0 x\u0259b\u0259r verir ki, Qaraba\u011f iqtisadi rayonuna daxil olan i\u015f\u011faldan azad edilmi\u015f \u0259razil\u0259rd\u0259 (\u015eu\u015fa rayonu istisna olmaqla) Az\u0259rbaycan Respublikas\u0131 Prezidentinin X\u00fcsusi N\u00fcmay\u0259nd\u0259liyinin, \u0259razid\u0259 f\u0259aliyy\u0259t g\u00f6st\u0259r\u0259n d\u00f6vl\u0259t orqanlar\u0131n\u0131n v\u0259 A\u011fdam rayon ictimaiyy\u0259tinin n\u00fcmay\u0259nd\u0259l\u0259ri, \u015f\u0259hid ail\u0259l\u0259ri, qazil\u0259r \u0259vv\u0259lc\u0259 \u015e\u0259hidl\u0259r xiyaban\u0131n\u0131 ziyar\u0259t edibl\u0259r. 44 g\u00fcnl\u00fck m\u00fcharib\u0259d\u0259&hellip;","_links":{"self":[{"href":"https:\/\/arantv.az\/index.php?rest_route=\/wp\/v2\/posts\/536636"}],"collection":[{"href":"https:\/\/arantv.az\/index.php?rest_route=\/wp\/v2\/posts"}],"about":[{"href":"https:\/\/arantv.az\/index.php?rest_route=\/wp\/v2\/types\/post"}],"author":[{"embeddable":true,"href":"https:\/\/arantv.az\/index.php?rest_route=\/wp\/v2\/users\/2"}],"replies":[{"embeddable":true,"href":"https:\/\/arantv.az\/index.php?rest_route=%2Fwp%2Fv2%2Fcomments&post=536636"}],"version-history":[{"count":0,"href":"https:\/\/arantv.az\/index.php?rest_route=\/wp\/v2\/posts\/536636\/revisions"}],"wp:featuredmedia":[{"embeddable":true,"href":"https:\/\/arantv.az\/index.php?rest_route=\/wp\/v2\/media\/536637"}],"wp:attachment":[{"href":"https:\/\/arantv.az\/index.php?rest_route=%2Fwp%2Fv2%2Fmedia&parent=536636"}],"wp:term":[{"taxonomy":"category","embeddable":true,"href":"https:\/\/arantv.az\/index.php?rest_route=%2Fwp%2Fv2%2Fcategories&post=536636"},{"taxonomy":"post_tag","embeddable":true,"href":"https:\/\/arantv.az\/index.php?rest_route=%2Fwp%2Fv2%2Ftags&post=536636"}],"curies":[{"name":"wp","href":"https:\/\/api.w.org\/{rel}","templated":true}]}}