{"id":536640,"date":"2022-11-20T19:16:18","date_gmt":"2022-11-20T16:16:18","guid":{"rendered":"https:\/\/arantv.az\/?p=536640"},"modified":"2022-11-20T19:16:18","modified_gmt":"2022-11-20T16:16:18","slug":"az%c9%99rbaycan-v%c9%99-israil-mudafi%c9%99-nazirl%c9%99ri-arasinda-telefon-danisigi-olub-yenil%c9%99nib","status":"publish","type":"post","link":"https:\/\/arantv.az\/?p=536640","title":{"rendered":"Az\u0259rbaycan v\u0259 \u0130srail m\u00fcdafi\u0259 nazirl\u0259ri aras\u0131nda telefon dan\u0131\u015f\u0131\u011f\u0131 olub &#8211; YEN\u0130L\u018fN\u0130B"},"content":{"rendered":"<p>Noyabr\u0131n 20-d\u0259 \u0130srail D\u00f6vl\u0259tinin m\u00fcdafi\u0259 naziri Benyamin Qans Az\u0259rbaycan Respublikas\u0131n\u0131n m\u00fcdafi\u0259 naziri general-polkovnik Zakir H\u0259s\u0259nova z\u0259ng edib.<\/p>\n<p>Bu bar\u0259d\u0259\u00a0Oxu.Az-a\u00a0 Az\u0259rbaycan M\u00fcdafi\u0259 Nazirliyind\u0259n bildirilib.<\/p>\n<div class=\"AdviadNativeVideo\"><\/div>\n<p>Telefon dan\u0131\u015f\u0131\u011f\u0131 \u0259snas\u0131nda t\u0259r\u0259fl\u0259r ikit\u0259r\u0259fli h\u0259rbi-texniki \u0259m\u0259kda\u015fl\u0131\u011f\u0131n\u00a0 perspektivl\u0259rin\u0259 dair fikir m\u00fcbadil\u0259si apar\u0131blar. \u0130srailin M\u00fcdafi\u0259 naziri Az\u0259rbaycana s\u0259f\u0259rini m\u0259mnunluqla xat\u0131rlay\u0131b.<\/p>\n<p>Benyamin Qans Az\u0259rbaycan-\u0130srail m\u00fcnasib\u0259tl\u0259rinin dostluq v\u0259 qar\u015f\u0131l\u0131ql\u0131 etimada \u0259sasland\u0131\u011f\u0131n\u0131 qeyd edib, Az\u0259rbaycan\u0131n T\u0259l-\u018fvivd\u0259 s\u0259firliyinin a\u00e7\u0131lmas\u0131 q\u0259rar\u0131na g\u00f6r\u0259 t\u0259\u015f\u0259kk\u00fcr\u00fcn\u00fc ifad\u0259 edib.<\/p>\n<p><strong>15:01<\/strong><\/p>\n<p>Az\u0259rbaycan Respublikas\u0131n\u0131n m\u00fcdafi\u0259 naziri general-polkovnik Zakir H\u0259s\u0259nov il\u0259 \u0130srailin m\u00fcdafi\u0259 naziri Benni Qantz aras\u0131nda telefon dan\u0131\u015f\u0131\u011f\u0131 olub.<\/p>\n<p>Bu bar\u0259d\u0259 \u0130srailin M\u00fcdafi\u0259 Nazirliyinin m\u0259tbuat xidm\u0259ti m\u0259lumat yay\u0131b.<\/p>\n<p>Qeyd olunub ki, t\u0259r\u0259fl\u0259r iki \u00f6lk\u0259 aras\u0131nda \u0259m\u0259kda\u015fl\u0131\u011f\u0131n g\u00fccl\u0259ndirilm\u0259sini m\u00fczakir\u0259 edibl\u0259r.<\/p>\n<p>\u0130srailli nazir r\u0259smi Bak\u0131n\u0131n T\u0259l-\u018fvivd\u0259 s\u0259firlik a\u00e7maq q\u0259rar\u0131na g\u00f6r\u0259 general-polkovnik Z.H\u0259s\u0259nov t\u0259\u015f\u0259kk\u00fcr edib.<\/p>\n","protected":false},"excerpt":{"rendered":"<p>Noyabr\u0131n 20-d\u0259 \u0130srail D\u00f6vl\u0259tinin m\u00fcdafi\u0259 naziri Benyamin Qans Az\u0259rbaycan Respublikas\u0131n\u0131n m\u00fcdafi\u0259 naziri general-polkovnik Zakir H\u0259s\u0259nova z\u0259ng edib. Bu bar\u0259d\u0259\u00a0Oxu.Az-a\u00a0 Az\u0259rbaycan M\u00fcdafi\u0259 Nazirliyind\u0259n bildirilib. Telefon dan\u0131\u015f\u0131\u011f\u0131 \u0259snas\u0131nda t\u0259r\u0259fl\u0259r ikit\u0259r\u0259fli h\u0259rbi-texniki \u0259m\u0259kda\u015fl\u0131\u011f\u0131n\u00a0 perspektivl\u0259rin\u0259 dair fikir m\u00fcbadil\u0259si apar\u0131blar. \u0130srailin M\u00fcdafi\u0259 naziri Az\u0259rbaycana s\u0259f\u0259rini m\u0259mnunluqla xat\u0131rlay\u0131b. Benyamin Qans Az\u0259rbaycan-\u0130srail m\u00fcnasib\u0259tl\u0259rinin dostluq v\u0259 qar\u015f\u0131l\u0131ql\u0131 etimada \u0259sasland\u0131\u011f\u0131n\u0131 qeyd edib, Az\u0259rbaycan\u0131n T\u0259l-\u018fvivd\u0259 s\u0259firliyinin a\u00e7\u0131lmas\u0131 q\u0259rar\u0131na g\u00f6r\u0259 t\u0259\u015f\u0259kk\u00fcr\u00fcn\u00fc ifad\u0259 edib. 15:01 Az\u0259rbaycan Respublikas\u0131n\u0131n m\u00fcdafi\u0259 naziri general-polkovnik Zakir H\u0259s\u0259nov il\u0259 \u0130srailin m\u00fcdafi\u0259 naziri Benni Qantz aras\u0131nda telefon dan\u0131\u015f\u0131\u011f\u0131 olub. Bu bar\u0259d\u0259 \u0130srailin M\u00fcdafi\u0259 Nazirliyinin m\u0259tbuat xidm\u0259ti m\u0259lumat yay\u0131b. Qeyd&hellip;<\/p>\n","protected":false},"author":2,"featured_media":536641,"comment_status":"closed","ping_status":"closed","sticky":false,"template":"","format":"standard","meta":{"om_disable_all_campaigns":false,"_monsterinsights_skip_tracking":false,"_monsterinsights_sitenote_active":false,"_monsterinsights_sitenote_note":"","_monsterinsights_sitenote_category":0},"categories":[4],"tags":[],"aioseo_notices":[],"gutentor_comment":0,"rttpg_featured_image_url":{"full":["https:\/\/arantv.az\/wp-content\/uploads\/2022\/11\/FotoJet-2022-11-20T145637.097.jpg",620,413,false],"landscape":["https:\/\/arantv.az\/wp-content\/uploads\/2022\/11\/FotoJet-2022-11-20T145637.097.jpg",620,413,false],"portraits":["https:\/\/arantv.az\/wp-content\/uploads\/2022\/11\/FotoJet-2022-11-20T145637.097.jpg",620,413,false],"thumbnail":["https:\/\/arantv.az\/wp-content\/uploads\/2022\/11\/FotoJet-2022-11-20T145637.097-500x280.jpg",500,280,true],"medium":["https:\/\/arantv.az\/wp-content\/uploads\/2022\/11\/FotoJet-2022-11-20T145637.097-548x365.jpg",548,365,true],"large":["https:\/\/arantv.az\/wp-content\/uploads\/2022\/11\/FotoJet-2022-11-20T145637.097.jpg",620,413,false],"1536x1536":["https:\/\/arantv.az\/wp-content\/uploads\/2022\/11\/FotoJet-2022-11-20T145637.097.jpg",620,413,false],"2048x2048":["https:\/\/arantv.az\/wp-content\/uploads\/2022\/11\/FotoJet-2022-11-20T145637.097.jpg",620,413,false],"post-thumbnail":["https:\/\/arantv.az\/wp-content\/uploads\/2022\/11\/FotoJet-2022-11-20T145637.097-240x172.jpg",240,172,true],"advps-thumb-one":["https:\/\/arantv.az\/wp-content\/uploads\/2022\/11\/FotoJet-2022-11-20T145637.097.jpg",620,413,false]},"rttpg_author":{"display_name":"V\u00fcsal Rafiqo\u011flu","author_link":"https:\/\/arantv.az\/?author=2"},"rttpg_comment":0,"rttpg_category":"<a href=\"https:\/\/arantv.az\/?cat=4\" rel=\"category\">Siyas\u0259t<\/a>","rttpg_excerpt":"Noyabr\u0131n 20-d\u0259 \u0130srail D\u00f6vl\u0259tinin m\u00fcdafi\u0259 naziri Benyamin Qans Az\u0259rbaycan Respublikas\u0131n\u0131n m\u00fcdafi\u0259 naziri general-polkovnik Zakir H\u0259s\u0259nova z\u0259ng edib. Bu bar\u0259d\u0259\u00a0Oxu.Az-a\u00a0 Az\u0259rbaycan M\u00fcdafi\u0259 Nazirliyind\u0259n bildirilib. Telefon dan\u0131\u015f\u0131\u011f\u0131 \u0259snas\u0131nda t\u0259r\u0259fl\u0259r ikit\u0259r\u0259fli h\u0259rbi-texniki \u0259m\u0259kda\u015fl\u0131\u011f\u0131n\u00a0 perspektivl\u0259rin\u0259 dair fikir m\u00fcbadil\u0259si apar\u0131blar. \u0130srailin M\u00fcdafi\u0259 naziri Az\u0259rbaycana s\u0259f\u0259rini m\u0259mnunluqla xat\u0131rlay\u0131b. Benyamin Qans Az\u0259rbaycan-\u0130srail m\u00fcnasib\u0259tl\u0259rinin dostluq v\u0259 qar\u015f\u0131l\u0131ql\u0131 etimada \u0259sasland\u0131\u011f\u0131n\u0131 qeyd edib, Az\u0259rbaycan\u0131n T\u0259l-\u018fvivd\u0259&hellip;","_links":{"self":[{"href":"https:\/\/arantv.az\/index.php?rest_route=\/wp\/v2\/posts\/536640"}],"collection":[{"href":"https:\/\/arantv.az\/index.php?rest_route=\/wp\/v2\/posts"}],"about":[{"href":"https:\/\/arantv.az\/index.php?rest_route=\/wp\/v2\/types\/post"}],"author":[{"embeddable":true,"href":"https:\/\/arantv.az\/index.php?rest_route=\/wp\/v2\/users\/2"}],"replies":[{"embeddable":true,"href":"https:\/\/arantv.az\/index.php?rest_route=%2Fwp%2Fv2%2Fcomments&post=536640"}],"version-history":[{"count":0,"href":"https:\/\/arantv.az\/index.php?rest_route=\/wp\/v2\/posts\/536640\/revisions"}],"wp:featuredmedia":[{"embeddable":true,"href":"https:\/\/arantv.az\/index.php?rest_route=\/wp\/v2\/media\/536641"}],"wp:attachment":[{"href":"https:\/\/arantv.az\/index.php?rest_route=%2Fwp%2Fv2%2Fmedia&parent=536640"}],"wp:term":[{"taxonomy":"category","embeddable":true,"href":"https:\/\/arantv.az\/index.php?rest_route=%2Fwp%2Fv2%2Fcategories&post=536640"},{"taxonomy":"post_tag","embeddable":true,"href":"https:\/\/arantv.az\/index.php?rest_route=%2Fwp%2Fv2%2Ftags&post=536640"}],"curies":[{"name":"wp","href":"https:\/\/api.w.org\/{rel}","templated":true}]}}