{"id":536671,"date":"2022-11-21T07:00:48","date_gmt":"2022-11-21T04:00:48","guid":{"rendered":"https:\/\/arantv.az\/?p=536671"},"modified":"2022-11-21T07:00:48","modified_gmt":"2022-11-21T04:00:48","slug":"hikm%c9%99t-haciyev-az%c9%99rbaycan-h%c9%99r-zaman-iranla-%c9%99laq%c9%99l%c9%99rin-inkisafinda-maraqli-olub","status":"publish","type":"post","link":"https:\/\/arantv.az\/?p=536671","title":{"rendered":"Hikm\u0259t Hac\u0131yev: \u201cAz\u0259rbaycan h\u0259r zaman \u0130ranla \u0259laq\u0259l\u0259rin inki\u015faf\u0131nda maraql\u0131 olub\u201d"},"content":{"rendered":"<p>\u201c\u0130ran \u0130slam Respublikas\u0131n\u0131n Ali R\u0259hb\u0259rinin m\u00fc\u015faviri \u018fli \u018fkb\u0259r Vilay\u0259tinin \u0130ran medias\u0131na verdiyi a\u00e7\u0131qlamas\u0131 il\u0259 tan\u0131\u015f olmu\u015fuq\u201d.<\/p>\n<p>Bunu\u00a0APA-ya a\u00e7\u0131qlamas\u0131nda Az\u0259rbaycan Prezidentinin k\u00f6m\u0259k\u00e7isi &#8211; Prezident Administrasiyas\u0131n\u0131n Xarici siyas\u0259t m\u0259s\u0259l\u0259l\u0259ri \u015f\u00f6b\u0259sinin m\u00fcdiri Hikm\u0259t Hac\u0131yev bildirib.<\/p>\n<p>Agentliyin \u201c\u0130ran \u0130slam Respublikas\u0131n\u0131n Ali R\u0259hb\u0259rinin m\u00fc\u015faviri \u018fli \u018fkb\u0259r Vilay\u0259ti Az\u0259rbaycan-\u0130ran \u0259laq\u0259l\u0259ri haqq\u0131nda b\u0259yanatla \u00e7\u0131x\u0131\u015f edib, \u00f6lk\u0259l\u0259rimizin ortaq tarixi irs\u0259 v\u0259 ad\u0259t-\u0259n\u0259n\u0259l\u0259r\u0259 malik oldu\u011funu qeyd edib, Az\u0259rbaycan Respublikas\u0131n\u0131n xalq\u0131n\u0131 \u201cg\u00f6z\u00fcm\u00fcz\u00fcn i\u015f\u0131\u011f\u0131\u201d adland\u0131r\u0131b v\u0259 son g\u00fcnl\u0259rd\u0259 b\u0259zil\u0259rinin q\u0259r\u0259zli \u015f\u0259kild\u0259 \u0130ran\u0131n Az\u0259rbaycan Respublikas\u0131 il\u0259 d\u00f6y\u00fc\u015fm\u0259k ist\u0259diyi bar\u0259d\u0259 \u015fayil\u0259r yayd\u0131\u011f\u0131n\u0131 deyib. Bu bar\u0259d\u0259 n\u0259 dey\u0259rdiniz?\u201d sual\u0131na cavab\u0131nda Hikm\u0259t Hac\u0131yev deyib:<\/p>\n<p>\u201c\u018fli \u018fkb\u0259r Vilay\u0259tinin xalqlar\u0131m\u0131z\u0131n ortaq tarixi, dini, m\u0259d\u0259ni irs\u0259 v\u0259 ad\u0259t-\u0259n\u0259nl\u0259r\u0259 malik olmas\u0131 v\u0259 b\u00fct\u00f6vl\u00fckd\u0259 Az\u0259rbaycan-\u0130ran \u0259laq\u0259l\u0259ri bar\u0259sind\u0259 s\u0259sl\u0259ndirdiyi qeydl\u0259rini m\u00fcsb\u0259t qiym\u0259tl\u0259ndirir v\u0259 t\u0259qdir edirik.<\/p>\n<p>T\u0259\u0259ss\u00fcfl\u0259 qeyd etm\u0259k ist\u0259rdik ki, son d\u00f6vrl\u0259rd\u0259 \u0130ran \u0130slam Respublikas\u0131n\u0131n b\u0259zi r\u0259smi \u015f\u0259xsl\u0259rinin, parlament \u00fczvl\u0259rinin v\u0259 g\u00fcc strukturlar\u0131n\u0131n n\u00fcmay\u0259nd\u0259l\u0259rinin bir s\u0131ra a\u00e7\u0131qlamalar\u0131 iki \u00f6lk\u0259 aras\u0131nda g\u0259rginliyin artmas\u0131na s\u0259b\u0259b olub. Az\u0259rbaycan Respublikas\u0131 bu g\u0259rginliyin yaranmas\u0131n\u0131n t\u0259\u015f\u0259bb\u00fcskar\u0131 olmay\u0131b. X\u00fcsusil\u0259 onu bildirm\u0259k ist\u0259rdim ki, Az\u0259rbaycan s\u0259rh\u0259dl\u0259ri yax\u0131nl\u0131\u011f\u0131nda \u0130ran silahl\u0131 q\u00fcvv\u0259l\u0259rinin iki h\u0259rbi t\u0259lim ke\u00e7irm\u0259si \u00f6lk\u0259l\u0259rimiz aras\u0131nda etimad\u0131n g\u00fccl\u0259nm\u0259sin\u0259 xidm\u0259t etm\u0259yib, \u0259ksin\u0259 bu etimada m\u0259nfi t\u0259sir g\u00f6st\u0259rib.<\/p>\n<p>Az\u0259rbaycan Respublikas\u0131 b\u00fct\u00fcn d\u00f6vrl\u0259rd\u0259 qar\u015f\u0131l\u0131ql\u0131 h\u00f6rm\u0259t v\u0259 etimad \u0259sas\u0131nda \u0130ran \u0130slam Respublikas\u0131 il\u0259 \u0259laq\u0259l\u0259rin inki\u015faf\u0131nda maraql\u0131 olub v\u0259 bu g\u00fcn d\u0259 bu bel\u0259dir\u201d.<\/p>\n","protected":false},"excerpt":{"rendered":"<p>\u201c\u0130ran \u0130slam Respublikas\u0131n\u0131n Ali R\u0259hb\u0259rinin m\u00fc\u015faviri \u018fli \u018fkb\u0259r Vilay\u0259tinin \u0130ran medias\u0131na verdiyi a\u00e7\u0131qlamas\u0131 il\u0259 tan\u0131\u015f olmu\u015fuq\u201d. Bunu\u00a0APA-ya a\u00e7\u0131qlamas\u0131nda Az\u0259rbaycan Prezidentinin k\u00f6m\u0259k\u00e7isi &#8211; Prezident Administrasiyas\u0131n\u0131n Xarici siyas\u0259t m\u0259s\u0259l\u0259l\u0259ri \u015f\u00f6b\u0259sinin m\u00fcdiri Hikm\u0259t Hac\u0131yev bildirib. Agentliyin \u201c\u0130ran \u0130slam Respublikas\u0131n\u0131n Ali R\u0259hb\u0259rinin m\u00fc\u015faviri \u018fli \u018fkb\u0259r Vilay\u0259ti Az\u0259rbaycan-\u0130ran \u0259laq\u0259l\u0259ri haqq\u0131nda b\u0259yanatla \u00e7\u0131x\u0131\u015f edib, \u00f6lk\u0259l\u0259rimizin ortaq tarixi irs\u0259 v\u0259 ad\u0259t-\u0259n\u0259n\u0259l\u0259r\u0259 malik oldu\u011funu qeyd edib, Az\u0259rbaycan Respublikas\u0131n\u0131n xalq\u0131n\u0131 \u201cg\u00f6z\u00fcm\u00fcz\u00fcn i\u015f\u0131\u011f\u0131\u201d adland\u0131r\u0131b v\u0259 son g\u00fcnl\u0259rd\u0259 b\u0259zil\u0259rinin q\u0259r\u0259zli \u015f\u0259kild\u0259 \u0130ran\u0131n Az\u0259rbaycan Respublikas\u0131 il\u0259 d\u00f6y\u00fc\u015fm\u0259k ist\u0259diyi bar\u0259d\u0259 \u015fayil\u0259r yayd\u0131\u011f\u0131n\u0131 deyib. Bu bar\u0259d\u0259 n\u0259 dey\u0259rdiniz?\u201d sual\u0131na cavab\u0131nda Hikm\u0259t Hac\u0131yev deyib: \u201c\u018fli&hellip;<\/p>\n","protected":false},"author":2,"featured_media":536672,"comment_status":"closed","ping_status":"closed","sticky":false,"template":"","format":"standard","meta":{"om_disable_all_campaigns":false,"_monsterinsights_skip_tracking":false,"_monsterinsights_sitenote_active":false,"_monsterinsights_sitenote_note":"","_monsterinsights_sitenote_category":0},"categories":[4],"tags":[],"aioseo_notices":[],"gutentor_comment":0,"rttpg_featured_image_url":{"full":["https:\/\/arantv.az\/wp-content\/uploads\/2022\/11\/Yuy8Drp6QouUHR3vYyICTV73m4JqqumWzO7NCVKV.jpg",620,413,false],"landscape":["https:\/\/arantv.az\/wp-content\/uploads\/2022\/11\/Yuy8Drp6QouUHR3vYyICTV73m4JqqumWzO7NCVKV.jpg",620,413,false],"portraits":["https:\/\/arantv.az\/wp-content\/uploads\/2022\/11\/Yuy8Drp6QouUHR3vYyICTV73m4JqqumWzO7NCVKV.jpg",620,413,false],"thumbnail":["https:\/\/arantv.az\/wp-content\/uploads\/2022\/11\/Yuy8Drp6QouUHR3vYyICTV73m4JqqumWzO7NCVKV-500x280.jpg",500,280,true],"medium":["https:\/\/arantv.az\/wp-content\/uploads\/2022\/11\/Yuy8Drp6QouUHR3vYyICTV73m4JqqumWzO7NCVKV-548x365.jpg",548,365,true],"large":["https:\/\/arantv.az\/wp-content\/uploads\/2022\/11\/Yuy8Drp6QouUHR3vYyICTV73m4JqqumWzO7NCVKV.jpg",620,413,false],"1536x1536":["https:\/\/arantv.az\/wp-content\/uploads\/2022\/11\/Yuy8Drp6QouUHR3vYyICTV73m4JqqumWzO7NCVKV.jpg",620,413,false],"2048x2048":["https:\/\/arantv.az\/wp-content\/uploads\/2022\/11\/Yuy8Drp6QouUHR3vYyICTV73m4JqqumWzO7NCVKV.jpg",620,413,false],"post-thumbnail":["https:\/\/arantv.az\/wp-content\/uploads\/2022\/11\/Yuy8Drp6QouUHR3vYyICTV73m4JqqumWzO7NCVKV-240x172.jpg",240,172,true],"advps-thumb-one":["https:\/\/arantv.az\/wp-content\/uploads\/2022\/11\/Yuy8Drp6QouUHR3vYyICTV73m4JqqumWzO7NCVKV.jpg",620,413,false]},"rttpg_author":{"display_name":"V\u00fcsal Rafiqo\u011flu","author_link":"https:\/\/arantv.az\/?author=2"},"rttpg_comment":0,"rttpg_category":"<a href=\"https:\/\/arantv.az\/?cat=4\" rel=\"category\">Siyas\u0259t<\/a>","rttpg_excerpt":"\u201c\u0130ran \u0130slam Respublikas\u0131n\u0131n Ali R\u0259hb\u0259rinin m\u00fc\u015faviri \u018fli \u018fkb\u0259r Vilay\u0259tinin \u0130ran medias\u0131na verdiyi a\u00e7\u0131qlamas\u0131 il\u0259 tan\u0131\u015f olmu\u015fuq\u201d. Bunu\u00a0APA-ya a\u00e7\u0131qlamas\u0131nda Az\u0259rbaycan Prezidentinin k\u00f6m\u0259k\u00e7isi &#8211; Prezident Administrasiyas\u0131n\u0131n Xarici siyas\u0259t m\u0259s\u0259l\u0259l\u0259ri \u015f\u00f6b\u0259sinin m\u00fcdiri Hikm\u0259t Hac\u0131yev bildirib. Agentliyin \u201c\u0130ran \u0130slam Respublikas\u0131n\u0131n Ali R\u0259hb\u0259rinin m\u00fc\u015faviri \u018fli \u018fkb\u0259r Vilay\u0259ti Az\u0259rbaycan-\u0130ran \u0259laq\u0259l\u0259ri haqq\u0131nda b\u0259yanatla \u00e7\u0131x\u0131\u015f edib, \u00f6lk\u0259l\u0259rimizin ortaq tarixi irs\u0259 v\u0259 ad\u0259t-\u0259n\u0259n\u0259l\u0259r\u0259 malik&hellip;","_links":{"self":[{"href":"https:\/\/arantv.az\/index.php?rest_route=\/wp\/v2\/posts\/536671"}],"collection":[{"href":"https:\/\/arantv.az\/index.php?rest_route=\/wp\/v2\/posts"}],"about":[{"href":"https:\/\/arantv.az\/index.php?rest_route=\/wp\/v2\/types\/post"}],"author":[{"embeddable":true,"href":"https:\/\/arantv.az\/index.php?rest_route=\/wp\/v2\/users\/2"}],"replies":[{"embeddable":true,"href":"https:\/\/arantv.az\/index.php?rest_route=%2Fwp%2Fv2%2Fcomments&post=536671"}],"version-history":[{"count":0,"href":"https:\/\/arantv.az\/index.php?rest_route=\/wp\/v2\/posts\/536671\/revisions"}],"wp:featuredmedia":[{"embeddable":true,"href":"https:\/\/arantv.az\/index.php?rest_route=\/wp\/v2\/media\/536672"}],"wp:attachment":[{"href":"https:\/\/arantv.az\/index.php?rest_route=%2Fwp%2Fv2%2Fmedia&parent=536671"}],"wp:term":[{"taxonomy":"category","embeddable":true,"href":"https:\/\/arantv.az\/index.php?rest_route=%2Fwp%2Fv2%2Fcategories&post=536671"},{"taxonomy":"post_tag","embeddable":true,"href":"https:\/\/arantv.az\/index.php?rest_route=%2Fwp%2Fv2%2Ftags&post=536671"}],"curies":[{"name":"wp","href":"https:\/\/api.w.org\/{rel}","templated":true}]}}