{"id":53925,"date":"2019-04-30T08:41:25","date_gmt":"2019-04-30T05:41:25","guid":{"rendered":"http:\/\/arantv.az\/?p=53925"},"modified":"2019-04-30T08:41:25","modified_gmt":"2019-04-30T05:41:25","slug":"c%c9%99mil-bizd%c9%99-sou-filan-yoxdur-toy-bazari-var","status":"publish","type":"post","link":"https:\/\/arantv.az\/?p=53925","title":{"rendered":"C\u0259mil: &#8220;Bizd\u0259 \u015fou-filan yoxdur, toy bazar\u0131 var&#8221;"},"content":{"rendered":"<p>\u201cAz\u0259rbaycanda \u015fou-biznes yoxdur\u201d. Bunu <strong>ARANTV.AZ<\/strong>-a a\u00e7\u0131qlamas\u0131nda \u201cTestene Art Baku\u201d birincimiz, m\u00fc\u011f\u0259nni C\u0259mil deyib. Onun s\u00f6zl\u0259rin\u0259 g\u00f6r\u0259, Az\u0259rbaycanda \u015fou-biznes \u00f6z \u00fcz\u0259ril\u0259rind\u0259 i\u015fl\u0259y\u0259n, n\u0259s\u0259 etm\u0259y\u0259 s\u0259y g\u00f6st\u0259r\u0259n insanlardan ibar\u0259tdir: &#8220;Yerli v\u0259 d\u00fcnya \u015fou-biznesin\u0259 g\u0259linc\u0259 is\u0259 bunlar \u00e7ox f\u0259rqlidir. Y\u0259ni, o \u015fou-biznesl\u0259 il\u0259 bizim \u015fou-biznes dediyimiz aras\u0131nda yerl\u0259-g\u00f6y q\u0259d\u0259r f\u0259rq var. Vallah, s\u00f6z\u00fcn a\u00e7\u0131\u011f\u0131n\u0131 deyim, h\u0259tta, \u015founun i\u00e7\u0259risind\u0259 olanlar da deyirl\u0259r ki, bu al\u0259md\u0259 olma\u011f\u0131m\u0131za baxmayaraq, \u0259slind\u0259 \u015fou-filan yoxdur. El\u0259 bil ki, toy bazar\u0131 var. H\u0259r k\u0259s \u00e7al\u0131\u015f\u0131r ki, efird\u0259 \u00e7ox g\u00f6rs\u0259nsin, verili\u015fl\u0259rd\u0259 \u00e7ox i\u015ftirak etsin, hans\u0131 verili\u015fdi, nec\u0259 verili\u015fdi, f\u0259rqi yoxdur. Eyni zamanda, kimin o verili\u015fi aparma\u011f\u0131ndan as\u0131l\u0131 olmayaraq, sad\u0259c\u0259, g\u00fcnd\u0259md\u0259 qals\u0131n v\u0259 toylara getsin. Dem\u0259kd\u0259 m\u0259qs\u0259dim odur ki, bizd\u0259ki \u015fou-biznesd\u0259 \u015fou-biznesd\u0259n \u0259s\u0259r-\u0259lam\u0259t yoxdur. Bizd\u0259ki tamam ba\u015fqa bir \u015feydir&#8221;. C\u0259mil bundan ba\u015fqa \u015fou-biznesd\u0259 \u00e7at\u0131\u015fmayan amill\u0259rd\u0259n b\u0259hs edib: &#8220;S\u0259viyy\u0259 \u00e7atm\u0131r. M\u00fcasirlik \u00e7atm\u0131r v\u0259 aqresivlik var&#8221;.<\/p>\n","protected":false},"excerpt":{"rendered":"<p>\u201cAz\u0259rbaycanda \u015fou-biznes yoxdur\u201d. Bunu ARANTV.AZ-a a\u00e7\u0131qlamas\u0131nda \u201cTestene Art Baku\u201d birincimiz, m\u00fc\u011f\u0259nni C\u0259mil deyib. Onun s\u00f6zl\u0259rin\u0259 g\u00f6r\u0259, Az\u0259rbaycanda \u015fou-biznes \u00f6z \u00fcz\u0259ril\u0259rind\u0259 i\u015fl\u0259y\u0259n, n\u0259s\u0259 etm\u0259y\u0259 s\u0259y g\u00f6st\u0259r\u0259n insanlardan ibar\u0259tdir: &#8220;Yerli v\u0259 d\u00fcnya \u015fou-biznesin\u0259 g\u0259linc\u0259 is\u0259 bunlar \u00e7ox f\u0259rqlidir. Y\u0259ni, o \u015fou-biznesl\u0259 il\u0259 bizim \u015fou-biznes dediyimiz aras\u0131nda yerl\u0259-g\u00f6y q\u0259d\u0259r f\u0259rq var. Vallah, s\u00f6z\u00fcn a\u00e7\u0131\u011f\u0131n\u0131 deyim, h\u0259tta, \u015founun i\u00e7\u0259risind\u0259 olanlar da deyirl\u0259r ki, bu al\u0259md\u0259 olma\u011f\u0131m\u0131za baxmayaraq, \u0259slind\u0259 \u015fou-filan yoxdur. El\u0259 bil ki, toy bazar\u0131 var. H\u0259r k\u0259s \u00e7al\u0131\u015f\u0131r ki, efird\u0259 \u00e7ox g\u00f6rs\u0259nsin, verili\u015fl\u0259rd\u0259 \u00e7ox i\u015ftirak etsin, hans\u0131 verili\u015fdi, nec\u0259 verili\u015fdi, f\u0259rqi yoxdur. Eyni&hellip;<\/p>\n","protected":false},"author":2,"featured_media":53926,"comment_status":"closed","ping_status":"closed","sticky":false,"template":"","format":"standard","meta":{"om_disable_all_campaigns":false,"_monsterinsights_skip_tracking":false,"_monsterinsights_sitenote_active":false,"_monsterinsights_sitenote_note":"","_monsterinsights_sitenote_category":0},"categories":[20],"tags":[],"aioseo_notices":[],"gutentor_comment":0,"rttpg_featured_image_url":{"full":["https:\/\/arantv.az\/wp-content\/uploads\/2019\/04\/48364108_1977020869042399_8589585179230601216_n-1.jpg",2048,1365,false],"landscape":["https:\/\/arantv.az\/wp-content\/uploads\/2019\/04\/48364108_1977020869042399_8589585179230601216_n-1.jpg",2048,1365,false],"portraits":["https:\/\/arantv.az\/wp-content\/uploads\/2019\/04\/48364108_1977020869042399_8589585179230601216_n-1.jpg",2048,1365,false],"thumbnail":["https:\/\/arantv.az\/wp-content\/uploads\/2019\/04\/48364108_1977020869042399_8589585179230601216_n-1-150x150.jpg",150,150,true],"medium":["https:\/\/arantv.az\/wp-content\/uploads\/2019\/04\/48364108_1977020869042399_8589585179230601216_n-1-300x200.jpg",300,200,true],"large":["https:\/\/arantv.az\/wp-content\/uploads\/2019\/04\/48364108_1977020869042399_8589585179230601216_n-1-1024x683.jpg",640,427,true],"1536x1536":["https:\/\/arantv.az\/wp-content\/uploads\/2019\/04\/48364108_1977020869042399_8589585179230601216_n-1.jpg",1536,1024,false],"2048x2048":["https:\/\/arantv.az\/wp-content\/uploads\/2019\/04\/48364108_1977020869042399_8589585179230601216_n-1.jpg",2048,1365,false],"post-thumbnail":["https:\/\/arantv.az\/wp-content\/uploads\/2019\/04\/48364108_1977020869042399_8589585179230601216_n-1-240x172.jpg",240,172,true],"advps-thumb-one":["https:\/\/arantv.az\/wp-content\/uploads\/2019\/04\/48364108_1977020869042399_8589585179230601216_n-1-1200x620.jpg",1200,620,true]},"rttpg_author":{"display_name":"V\u00fcsal Rafiqo\u011flu","author_link":"https:\/\/arantv.az\/?author=2"},"rttpg_comment":0,"rttpg_category":"<a href=\"https:\/\/arantv.az\/?cat=20\" rel=\"category\">\u015eou biznes<\/a>","rttpg_excerpt":"\u201cAz\u0259rbaycanda \u015fou-biznes yoxdur\u201d. Bunu ARANTV.AZ-a a\u00e7\u0131qlamas\u0131nda \u201cTestene Art Baku\u201d birincimiz, m\u00fc\u011f\u0259nni C\u0259mil deyib. Onun s\u00f6zl\u0259rin\u0259 g\u00f6r\u0259, Az\u0259rbaycanda \u015fou-biznes \u00f6z \u00fcz\u0259ril\u0259rind\u0259 i\u015fl\u0259y\u0259n, n\u0259s\u0259 etm\u0259y\u0259 s\u0259y g\u00f6st\u0259r\u0259n insanlardan ibar\u0259tdir: &#8220;Yerli v\u0259 d\u00fcnya \u015fou-biznesin\u0259 g\u0259linc\u0259 is\u0259 bunlar \u00e7ox f\u0259rqlidir. Y\u0259ni, o \u015fou-biznesl\u0259 il\u0259 bizim \u015fou-biznes dediyimiz aras\u0131nda yerl\u0259-g\u00f6y q\u0259d\u0259r f\u0259rq var. Vallah, s\u00f6z\u00fcn a\u00e7\u0131\u011f\u0131n\u0131 deyim, h\u0259tta, \u015founun i\u00e7\u0259risind\u0259&hellip;","_links":{"self":[{"href":"https:\/\/arantv.az\/index.php?rest_route=\/wp\/v2\/posts\/53925"}],"collection":[{"href":"https:\/\/arantv.az\/index.php?rest_route=\/wp\/v2\/posts"}],"about":[{"href":"https:\/\/arantv.az\/index.php?rest_route=\/wp\/v2\/types\/post"}],"author":[{"embeddable":true,"href":"https:\/\/arantv.az\/index.php?rest_route=\/wp\/v2\/users\/2"}],"replies":[{"embeddable":true,"href":"https:\/\/arantv.az\/index.php?rest_route=%2Fwp%2Fv2%2Fcomments&post=53925"}],"version-history":[{"count":0,"href":"https:\/\/arantv.az\/index.php?rest_route=\/wp\/v2\/posts\/53925\/revisions"}],"wp:featuredmedia":[{"embeddable":true,"href":"https:\/\/arantv.az\/index.php?rest_route=\/wp\/v2\/media\/53926"}],"wp:attachment":[{"href":"https:\/\/arantv.az\/index.php?rest_route=%2Fwp%2Fv2%2Fmedia&parent=53925"}],"wp:term":[{"taxonomy":"category","embeddable":true,"href":"https:\/\/arantv.az\/index.php?rest_route=%2Fwp%2Fv2%2Fcategories&post=53925"},{"taxonomy":"post_tag","embeddable":true,"href":"https:\/\/arantv.az\/index.php?rest_route=%2Fwp%2Fv2%2Ftags&post=53925"}],"curies":[{"name":"wp","href":"https:\/\/api.w.org\/{rel}","templated":true}]}}