{"id":53930,"date":"2019-04-30T09:19:11","date_gmt":"2019-04-30T06:19:11","guid":{"rendered":"http:\/\/arantv.az\/?p=53930"},"modified":"2019-04-30T09:19:11","modified_gmt":"2019-04-30T06:19:11","slug":"ramazan-ayinin-t%c9%99qvimi-foto","status":"publish","type":"post","link":"https:\/\/arantv.az\/?p=53930","title":{"rendered":"Ramazan ay\u0131n\u0131n t\u0259qvimi &#8211; Foto"},"content":{"rendered":"<p><strong>X\u0259b\u0259r verdiyimiz kimi, \u00f6t\u0259n g\u00fcn Qafqaz M\u00fcs\u0259lmanlar\u0131 \u0130dar\u0259sinin Qazil\u0259r \u015euras\u0131 Ramazan ay\u0131n\u0131n ba\u015flanmas\u0131 m\u00fcnasib\u0259til\u0259 f\u0259tva verib.<\/strong><\/p>\n<div id=\"AdviadNativeVideo0\" class=\"AdviadNativeVideo\"><\/div>\n<p><strong>ARANTV.AZ<\/strong> x\u0259b\u0259r verir ki, f\u0259tvaya \u0259sas\u0259n, Az\u0259rbaycanda Ramazan ay\u0131n\u0131n ilk g\u00fcn\u00fc may\u0131n 6-da ba\u015flayacaq.<\/p>\n<p>May\u0131n 5-d\u0259n 6-na ke\u00e7\u0259n gec\u0259 niyy\u0259t gec\u0259sidir.Ramazan ay\u0131n\u0131n son g\u00fcn\u00fc iyunun 4-n\u0259 t\u0259sad\u00fcf edir. \u0130yunun 5-6-s\u0131 Az\u0259rbaycanda Ramazan bayram\u0131d\u0131r.<br \/>\n<img src=\"http:\/\/axsam.az\/img\/pics\/large\/2019-04\/176335_vfxtl5gtqb.jpeg\" alt=\"\" align=\"baseline\" border=\"0\" hspace=\"0\" \/><\/p>\n","protected":false},"excerpt":{"rendered":"<p>X\u0259b\u0259r verdiyimiz kimi, \u00f6t\u0259n g\u00fcn Qafqaz M\u00fcs\u0259lmanlar\u0131 \u0130dar\u0259sinin Qazil\u0259r \u015euras\u0131 Ramazan ay\u0131n\u0131n ba\u015flanmas\u0131 m\u00fcnasib\u0259til\u0259 f\u0259tva verib. ARANTV.AZ x\u0259b\u0259r verir ki, f\u0259tvaya \u0259sas\u0259n, Az\u0259rbaycanda Ramazan ay\u0131n\u0131n ilk g\u00fcn\u00fc may\u0131n 6-da ba\u015flayacaq. May\u0131n 5-d\u0259n 6-na ke\u00e7\u0259n gec\u0259 niyy\u0259t gec\u0259sidir.Ramazan ay\u0131n\u0131n son g\u00fcn\u00fc iyunun 4-n\u0259 t\u0259sad\u00fcf edir. \u0130yunun 5-6-s\u0131 Az\u0259rbaycanda Ramazan bayram\u0131d\u0131r.<\/p>\n","protected":false},"author":2,"featured_media":53931,"comment_status":"closed","ping_status":"closed","sticky":false,"template":"","format":"standard","meta":{"om_disable_all_campaigns":false,"_monsterinsights_skip_tracking":false,"_monsterinsights_sitenote_active":false,"_monsterinsights_sitenote_note":"","_monsterinsights_sitenote_category":0},"categories":[1],"tags":[],"aioseo_notices":[],"gutentor_comment":0,"rttpg_featured_image_url":{"full":["https:\/\/arantv.az\/wp-content\/uploads\/2019\/04\/176334_01klmdipo7.jpg",800,449,false],"landscape":["https:\/\/arantv.az\/wp-content\/uploads\/2019\/04\/176334_01klmdipo7.jpg",800,449,false],"portraits":["https:\/\/arantv.az\/wp-content\/uploads\/2019\/04\/176334_01klmdipo7.jpg",800,449,false],"thumbnail":["https:\/\/arantv.az\/wp-content\/uploads\/2019\/04\/176334_01klmdipo7-150x150.jpg",150,150,true],"medium":["https:\/\/arantv.az\/wp-content\/uploads\/2019\/04\/176334_01klmdipo7-300x168.jpg",300,168,true],"large":["https:\/\/arantv.az\/wp-content\/uploads\/2019\/04\/176334_01klmdipo7.jpg",640,359,false],"1536x1536":["https:\/\/arantv.az\/wp-content\/uploads\/2019\/04\/176334_01klmdipo7.jpg",800,449,false],"2048x2048":["https:\/\/arantv.az\/wp-content\/uploads\/2019\/04\/176334_01klmdipo7.jpg",800,449,false],"post-thumbnail":["https:\/\/arantv.az\/wp-content\/uploads\/2019\/04\/176334_01klmdipo7-240x172.jpg",240,172,true],"advps-thumb-one":["https:\/\/arantv.az\/wp-content\/uploads\/2019\/04\/176334_01klmdipo7.jpg",800,449,false]},"rttpg_author":{"display_name":"V\u00fcsal Rafiqo\u011flu","author_link":"https:\/\/arantv.az\/?author=2"},"rttpg_comment":0,"rttpg_category":"<a href=\"https:\/\/arantv.az\/?cat=1\" rel=\"category\">C\u0259miyy\u0259t<\/a>","rttpg_excerpt":"X\u0259b\u0259r verdiyimiz kimi, \u00f6t\u0259n g\u00fcn Qafqaz M\u00fcs\u0259lmanlar\u0131 \u0130dar\u0259sinin Qazil\u0259r \u015euras\u0131 Ramazan ay\u0131n\u0131n ba\u015flanmas\u0131 m\u00fcnasib\u0259til\u0259 f\u0259tva verib. ARANTV.AZ x\u0259b\u0259r verir ki, f\u0259tvaya \u0259sas\u0259n, Az\u0259rbaycanda Ramazan ay\u0131n\u0131n ilk g\u00fcn\u00fc may\u0131n 6-da ba\u015flayacaq. May\u0131n 5-d\u0259n 6-na ke\u00e7\u0259n gec\u0259 niyy\u0259t gec\u0259sidir.Ramazan ay\u0131n\u0131n son g\u00fcn\u00fc iyunun 4-n\u0259 t\u0259sad\u00fcf edir. \u0130yunun 5-6-s\u0131 Az\u0259rbaycanda Ramazan bayram\u0131d\u0131r.","_links":{"self":[{"href":"https:\/\/arantv.az\/index.php?rest_route=\/wp\/v2\/posts\/53930"}],"collection":[{"href":"https:\/\/arantv.az\/index.php?rest_route=\/wp\/v2\/posts"}],"about":[{"href":"https:\/\/arantv.az\/index.php?rest_route=\/wp\/v2\/types\/post"}],"author":[{"embeddable":true,"href":"https:\/\/arantv.az\/index.php?rest_route=\/wp\/v2\/users\/2"}],"replies":[{"embeddable":true,"href":"https:\/\/arantv.az\/index.php?rest_route=%2Fwp%2Fv2%2Fcomments&post=53930"}],"version-history":[{"count":0,"href":"https:\/\/arantv.az\/index.php?rest_route=\/wp\/v2\/posts\/53930\/revisions"}],"wp:featuredmedia":[{"embeddable":true,"href":"https:\/\/arantv.az\/index.php?rest_route=\/wp\/v2\/media\/53931"}],"wp:attachment":[{"href":"https:\/\/arantv.az\/index.php?rest_route=%2Fwp%2Fv2%2Fmedia&parent=53930"}],"wp:term":[{"taxonomy":"category","embeddable":true,"href":"https:\/\/arantv.az\/index.php?rest_route=%2Fwp%2Fv2%2Fcategories&post=53930"},{"taxonomy":"post_tag","embeddable":true,"href":"https:\/\/arantv.az\/index.php?rest_route=%2Fwp%2Fv2%2Ftags&post=53930"}],"curies":[{"name":"wp","href":"https:\/\/api.w.org\/{rel}","templated":true}]}}