{"id":53933,"date":"2019-04-30T09:21:16","date_gmt":"2019-04-30T06:21:16","guid":{"rendered":"http:\/\/arantv.az\/?p=53933"},"modified":"2019-04-30T09:21:16","modified_gmt":"2019-04-30T06:21:16","slug":"xarici-diplomatlar-qazax-v%c9%99-tovuzda","status":"publish","type":"post","link":"https:\/\/arantv.az\/?p=53933","title":{"rendered":"Xarici diplomatlar Qazax v\u0259 Tovuzda"},"content":{"rendered":"<p>Az\u0259rbaycanda f\u0259aliyy\u0259t g\u00f6st\u0259r\u0259n diplomatik n\u00fcmay\u0259nd\u0259likl\u0259rinin r\u0259hb\u0259rl\u0259ri v\u0259 onlar\u0131n xan\u0131mlar\u0131n\u0131n Qazax v\u0259 Tovuz rayonlar\u0131na tan\u0131\u015fl\u0131q s\u0259f\u0259rl\u0259ri t\u0259\u015fkil olunub.<\/p>\n<p>Bu bar\u0259d\u0259 Xarici \u0130\u015fl\u0259r Nazirliyind\u0259n m\u0259lumat verilib.<\/p>\n<p>S\u0259f\u0259rin m\u0259qs\u0259di \u00f6lk\u0259mizin regionlar\u0131n\u0131n inki\u015faf\u0131 v\u0259 bu x\u00fcsusda, b\u00f6lg\u0259l\u0259rd\u0259 h\u0259yata ke\u00e7iril\u0259n sosial v\u0259 iqtisadi layih\u0259l\u0259r, habel\u0259 turizmin inki\u015faf\u0131 il\u0259 yerind\u0259c\u0259 tan\u0131\u015f olmaqd\u0131r.<\/p>\n<div id=\"AdviadNativeVideo0\" class=\"AdviadNativeVideo\"><\/div>\n<p>S\u0259f\u0259r \u00e7\u0259r\u00e7iv\u0259sind\u0259 diplomatlar Qazax rayonunda \u201cDamc\u0131l\u0131\u201d ma\u011faras\u0131, Qazax Sement Zavodu, \u015e\u0259hidl\u0259r xiyaban\u0131, Qazax M\u00fc\u0259lliml\u0259r Seminariyas\u0131 v\u0259 Tarixi C\u00fcm\u0259 M\u0259scidi, \u201cSalo\u011flu\u201d mebel fabriki, el\u0259c\u0259 d\u0259 \u018fd\u0259biyyat Muzeyi v\u0259 Tarix Diyar\u015f\u00fcnasl\u0131q Muzeyi il\u0259 tan\u0131\u015f olacaqlar.<\/p>\n<p>Eyni zamanda, diplomatlar Tovuz rayonunda Heyd\u0259r \u018fliyev ad\u0131na m\u0259d\u0259niyy\u0259t v\u0259 istirah\u0259t park\u0131, \u201cG\u00f6yt\u0259p\u0259\u201d q\u0259dim ya\u015fay\u0131\u015f m\u0259sk\u0259ni v\u0259 \u201cTovuz Baltiya LTD\u201d konyak klubu il\u0259 tan\u0131\u015f olacaqlar.<\/p>\n<p>S\u0259f\u0259r sabah ba\u015fa \u00e7at\u0131r.<\/p>\n","protected":false},"excerpt":{"rendered":"<p>Az\u0259rbaycanda f\u0259aliyy\u0259t g\u00f6st\u0259r\u0259n diplomatik n\u00fcmay\u0259nd\u0259likl\u0259rinin r\u0259hb\u0259rl\u0259ri v\u0259 onlar\u0131n xan\u0131mlar\u0131n\u0131n Qazax v\u0259 Tovuz rayonlar\u0131na tan\u0131\u015fl\u0131q s\u0259f\u0259rl\u0259ri t\u0259\u015fkil olunub. Bu bar\u0259d\u0259 Xarici \u0130\u015fl\u0259r Nazirliyind\u0259n m\u0259lumat verilib. S\u0259f\u0259rin m\u0259qs\u0259di \u00f6lk\u0259mizin regionlar\u0131n\u0131n inki\u015faf\u0131 v\u0259 bu x\u00fcsusda, b\u00f6lg\u0259l\u0259rd\u0259 h\u0259yata ke\u00e7iril\u0259n sosial v\u0259 iqtisadi layih\u0259l\u0259r, habel\u0259 turizmin inki\u015faf\u0131 il\u0259 yerind\u0259c\u0259 tan\u0131\u015f olmaqd\u0131r. S\u0259f\u0259r \u00e7\u0259r\u00e7iv\u0259sind\u0259 diplomatlar Qazax rayonunda \u201cDamc\u0131l\u0131\u201d ma\u011faras\u0131, Qazax Sement Zavodu, \u015e\u0259hidl\u0259r xiyaban\u0131, Qazax M\u00fc\u0259lliml\u0259r Seminariyas\u0131 v\u0259 Tarixi C\u00fcm\u0259 M\u0259scidi, \u201cSalo\u011flu\u201d mebel fabriki, el\u0259c\u0259 d\u0259 \u018fd\u0259biyyat Muzeyi v\u0259 Tarix Diyar\u015f\u00fcnasl\u0131q Muzeyi il\u0259 tan\u0131\u015f olacaqlar. Eyni zamanda, diplomatlar Tovuz rayonunda Heyd\u0259r \u018fliyev ad\u0131na m\u0259d\u0259niyy\u0259t v\u0259 istirah\u0259t&hellip;<\/p>\n","protected":false},"author":2,"featured_media":53934,"comment_status":"closed","ping_status":"closed","sticky":false,"template":"","format":"standard","meta":{"om_disable_all_campaigns":false,"_monsterinsights_skip_tracking":false,"_monsterinsights_sitenote_active":false,"_monsterinsights_sitenote_note":"","_monsterinsights_sitenote_category":0},"categories":[4],"tags":[],"aioseo_notices":[],"gutentor_comment":0,"rttpg_featured_image_url":{"full":["https:\/\/arantv.az\/wp-content\/uploads\/2019\/04\/409873305.jpg",620,335,false],"landscape":["https:\/\/arantv.az\/wp-content\/uploads\/2019\/04\/409873305.jpg",620,335,false],"portraits":["https:\/\/arantv.az\/wp-content\/uploads\/2019\/04\/409873305.jpg",620,335,false],"thumbnail":["https:\/\/arantv.az\/wp-content\/uploads\/2019\/04\/409873305-150x150.jpg",150,150,true],"medium":["https:\/\/arantv.az\/wp-content\/uploads\/2019\/04\/409873305-300x162.jpg",300,162,true],"large":["https:\/\/arantv.az\/wp-content\/uploads\/2019\/04\/409873305.jpg",620,335,false],"1536x1536":["https:\/\/arantv.az\/wp-content\/uploads\/2019\/04\/409873305.jpg",620,335,false],"2048x2048":["https:\/\/arantv.az\/wp-content\/uploads\/2019\/04\/409873305.jpg",620,335,false],"post-thumbnail":["https:\/\/arantv.az\/wp-content\/uploads\/2019\/04\/409873305-240x172.jpg",240,172,true],"advps-thumb-one":["https:\/\/arantv.az\/wp-content\/uploads\/2019\/04\/409873305.jpg",620,335,false]},"rttpg_author":{"display_name":"V\u00fcsal Rafiqo\u011flu","author_link":"https:\/\/arantv.az\/?author=2"},"rttpg_comment":0,"rttpg_category":"<a href=\"https:\/\/arantv.az\/?cat=4\" rel=\"category\">Siyas\u0259t<\/a>","rttpg_excerpt":"Az\u0259rbaycanda f\u0259aliyy\u0259t g\u00f6st\u0259r\u0259n diplomatik n\u00fcmay\u0259nd\u0259likl\u0259rinin r\u0259hb\u0259rl\u0259ri v\u0259 onlar\u0131n xan\u0131mlar\u0131n\u0131n Qazax v\u0259 Tovuz rayonlar\u0131na tan\u0131\u015fl\u0131q s\u0259f\u0259rl\u0259ri t\u0259\u015fkil olunub. Bu bar\u0259d\u0259 Xarici \u0130\u015fl\u0259r Nazirliyind\u0259n m\u0259lumat verilib. S\u0259f\u0259rin m\u0259qs\u0259di \u00f6lk\u0259mizin regionlar\u0131n\u0131n inki\u015faf\u0131 v\u0259 bu x\u00fcsusda, b\u00f6lg\u0259l\u0259rd\u0259 h\u0259yata ke\u00e7iril\u0259n sosial v\u0259 iqtisadi layih\u0259l\u0259r, habel\u0259 turizmin inki\u015faf\u0131 il\u0259 yerind\u0259c\u0259 tan\u0131\u015f olmaqd\u0131r. S\u0259f\u0259r \u00e7\u0259r\u00e7iv\u0259sind\u0259 diplomatlar Qazax rayonunda \u201cDamc\u0131l\u0131\u201d ma\u011faras\u0131, Qazax Sement&hellip;","_links":{"self":[{"href":"https:\/\/arantv.az\/index.php?rest_route=\/wp\/v2\/posts\/53933"}],"collection":[{"href":"https:\/\/arantv.az\/index.php?rest_route=\/wp\/v2\/posts"}],"about":[{"href":"https:\/\/arantv.az\/index.php?rest_route=\/wp\/v2\/types\/post"}],"author":[{"embeddable":true,"href":"https:\/\/arantv.az\/index.php?rest_route=\/wp\/v2\/users\/2"}],"replies":[{"embeddable":true,"href":"https:\/\/arantv.az\/index.php?rest_route=%2Fwp%2Fv2%2Fcomments&post=53933"}],"version-history":[{"count":0,"href":"https:\/\/arantv.az\/index.php?rest_route=\/wp\/v2\/posts\/53933\/revisions"}],"wp:featuredmedia":[{"embeddable":true,"href":"https:\/\/arantv.az\/index.php?rest_route=\/wp\/v2\/media\/53934"}],"wp:attachment":[{"href":"https:\/\/arantv.az\/index.php?rest_route=%2Fwp%2Fv2%2Fmedia&parent=53933"}],"wp:term":[{"taxonomy":"category","embeddable":true,"href":"https:\/\/arantv.az\/index.php?rest_route=%2Fwp%2Fv2%2Fcategories&post=53933"},{"taxonomy":"post_tag","embeddable":true,"href":"https:\/\/arantv.az\/index.php?rest_route=%2Fwp%2Fv2%2Ftags&post=53933"}],"curies":[{"name":"wp","href":"https:\/\/api.w.org\/{rel}","templated":true}]}}