{"id":53952,"date":"2019-04-30T09:33:16","date_gmt":"2019-04-30T06:33:16","guid":{"rendered":"http:\/\/arantv.az\/?p=53952"},"modified":"2019-04-30T09:33:16","modified_gmt":"2019-04-30T06:33:16","slug":"az%c9%99rbaycan-v%c9%99t%c9%99ndaslari-daha-cox-turkiy%c9%99d%c9%99-insan-alverinin-qurbanina-cevrilirl%c9%99r","status":"publish","type":"post","link":"https:\/\/arantv.az\/?p=53952","title":{"rendered":"Az\u0259rbaycan v\u0259t\u0259nda\u015flar\u0131 daha \u00e7ox T\u00fcrkiy\u0259d\u0259 insan alverinin qurban\u0131na \u00e7evrilirl\u0259r"},"content":{"rendered":"<p><strong>\u00d6t\u0259n il Az\u0259rbaycanda 22 u\u015faq, 863 n\u0259f\u0259r b\u00f6y\u00fck insan alverinin qurban\u0131 olub.<\/strong><\/p>\n<p><strong>ARANTV.AZ<\/strong>\u00a0\u00a0<span style=\"color: #000000;\"><a style=\"color: #000000;\" href=\"https:\/\/az.trend.az\/\" target=\"_blank\" rel=\"noopener\">Trend<\/a><\/span>-\u0259 istinad\u0259n x\u0259b\u0259r verir ki, bu, \u0130nsan alverin\u0259 qar\u015f\u0131 m\u00fcbariz\u0259 \u00fczr\u0259 Milli Koordinatorunun &#8220;Az\u0259rbaycanda insan alverin\u0259 qar\u015f\u0131 m\u00fcbariz\u0259y\u0259 dair&#8221; illik m\u0259lumat\u0131nda qeyd edilib.<\/p>\n<p>2018-ci ild\u0259 Az\u0259rbaycanda insan alveri qurbanlar\u0131n\u0131n 812-si qad\u0131n, 73-\u00fc ki\u015fi olub.<\/p>\n<p>\u00d6t\u0259n il \u0259rzind\u0259 insan alveri qurbanlar\u0131 aras\u0131nda b\u00f6y\u00fckl\u0259rin x\u00fcsusi \u00e7\u0259kisi art\u0131b. 2018-ci ild\u0259 insan alveri qurbanlar\u0131n\u0131n 98 faizi b\u00f6y\u00fckl\u0259r oldu\u011fu halda, 2017-ci ild\u0259 bu g\u00f6st\u0259rici 71, 2016-c\u0131 ild\u0259 70, 2015-ci ild\u0259 63 faiz olub.<\/p>\n<p>\u0130nsan alveri qurbanlar\u0131n\u0131n m\u0259ruz qald\u0131\u011f\u0131 \u00f6lk\u0259l\u0259rin s\u0131ras\u0131nda ilk yeri (70 faiz) T\u00fcrkiy\u0259 tutur. \u0130nsan alveri qurbanlar\u0131n\u0131n 11 faizi Rusiyada, 9 faizi Birl\u0259\u015fmi\u015f \u018fr\u0259b \u018fmirliyind\u0259, 6 faizi Az\u0259rbaycanda, 2 faizi Malayziyada, 1 faizi Pakistanda, 1 faizi \u0130randa istismara m\u0259ruz qal\u0131b.<\/p>\n<p>\u00dcmumilikd\u0259 2005-2018-ci ill\u0259rd\u0259 insan alveri v\u0259 m\u0259cburi \u0259m\u0259k cinay\u0259tl\u0259rin\u0259 g\u00f6r\u0259 543 n\u0259f\u0259r m\u0259suliyy\u0259t\u0259 c\u0259lb edilib. Onlar\u0131n 81-i (15 faiz) ki\u015fi, 462-si (85 faiz) qad\u0131n olub.<\/p>\n","protected":false},"excerpt":{"rendered":"<p>\u00d6t\u0259n il Az\u0259rbaycanda 22 u\u015faq, 863 n\u0259f\u0259r b\u00f6y\u00fck insan alverinin qurban\u0131 olub. ARANTV.AZ\u00a0\u00a0Trend-\u0259 istinad\u0259n x\u0259b\u0259r verir ki, bu, \u0130nsan alverin\u0259 qar\u015f\u0131 m\u00fcbariz\u0259 \u00fczr\u0259 Milli Koordinatorunun &#8220;Az\u0259rbaycanda insan alverin\u0259 qar\u015f\u0131 m\u00fcbariz\u0259y\u0259 dair&#8221; illik m\u0259lumat\u0131nda qeyd edilib. 2018-ci ild\u0259 Az\u0259rbaycanda insan alveri qurbanlar\u0131n\u0131n 812-si qad\u0131n, 73-\u00fc ki\u015fi olub. \u00d6t\u0259n il \u0259rzind\u0259 insan alveri qurbanlar\u0131 aras\u0131nda b\u00f6y\u00fckl\u0259rin x\u00fcsusi \u00e7\u0259kisi art\u0131b. 2018-ci ild\u0259 insan alveri qurbanlar\u0131n\u0131n 98 faizi b\u00f6y\u00fckl\u0259r oldu\u011fu halda, 2017-ci ild\u0259 bu g\u00f6st\u0259rici 71, 2016-c\u0131 ild\u0259 70, 2015-ci ild\u0259 63 faiz olub. \u0130nsan alveri qurbanlar\u0131n\u0131n m\u0259ruz qald\u0131\u011f\u0131 \u00f6lk\u0259l\u0259rin s\u0131ras\u0131nda ilk yeri (70&hellip;<\/p>\n","protected":false},"author":2,"featured_media":53953,"comment_status":"closed","ping_status":"closed","sticky":false,"template":"","format":"standard","meta":{"om_disable_all_campaigns":false,"_monsterinsights_skip_tracking":false,"_monsterinsights_sitenote_active":false,"_monsterinsights_sitenote_note":"","_monsterinsights_sitenote_category":0},"categories":[1],"tags":[],"aioseo_notices":[],"gutentor_comment":0,"rttpg_featured_image_url":{"full":["https:\/\/arantv.az\/wp-content\/uploads\/2019\/04\/750859.jpg",800,600,false],"landscape":["https:\/\/arantv.az\/wp-content\/uploads\/2019\/04\/750859.jpg",800,600,false],"portraits":["https:\/\/arantv.az\/wp-content\/uploads\/2019\/04\/750859.jpg",800,600,false],"thumbnail":["https:\/\/arantv.az\/wp-content\/uploads\/2019\/04\/750859-150x150.jpg",150,150,true],"medium":["https:\/\/arantv.az\/wp-content\/uploads\/2019\/04\/750859-300x225.jpg",300,225,true],"large":["https:\/\/arantv.az\/wp-content\/uploads\/2019\/04\/750859.jpg",640,480,false],"1536x1536":["https:\/\/arantv.az\/wp-content\/uploads\/2019\/04\/750859.jpg",800,600,false],"2048x2048":["https:\/\/arantv.az\/wp-content\/uploads\/2019\/04\/750859.jpg",800,600,false],"post-thumbnail":["https:\/\/arantv.az\/wp-content\/uploads\/2019\/04\/750859-240x172.jpg",240,172,true],"advps-thumb-one":["https:\/\/arantv.az\/wp-content\/uploads\/2019\/04\/750859.jpg",800,600,false]},"rttpg_author":{"display_name":"V\u00fcsal Rafiqo\u011flu","author_link":"https:\/\/arantv.az\/?author=2"},"rttpg_comment":0,"rttpg_category":"<a href=\"https:\/\/arantv.az\/?cat=1\" rel=\"category\">C\u0259miyy\u0259t<\/a>","rttpg_excerpt":"\u00d6t\u0259n il Az\u0259rbaycanda 22 u\u015faq, 863 n\u0259f\u0259r b\u00f6y\u00fck insan alverinin qurban\u0131 olub. ARANTV.AZ\u00a0\u00a0Trend-\u0259 istinad\u0259n x\u0259b\u0259r verir ki, bu, \u0130nsan alverin\u0259 qar\u015f\u0131 m\u00fcbariz\u0259 \u00fczr\u0259 Milli Koordinatorunun &#8220;Az\u0259rbaycanda insan alverin\u0259 qar\u015f\u0131 m\u00fcbariz\u0259y\u0259 dair&#8221; illik m\u0259lumat\u0131nda qeyd edilib. 2018-ci ild\u0259 Az\u0259rbaycanda insan alveri qurbanlar\u0131n\u0131n 812-si qad\u0131n, 73-\u00fc ki\u015fi olub. \u00d6t\u0259n il \u0259rzind\u0259 insan alveri qurbanlar\u0131 aras\u0131nda b\u00f6y\u00fckl\u0259rin x\u00fcsusi&hellip;","_links":{"self":[{"href":"https:\/\/arantv.az\/index.php?rest_route=\/wp\/v2\/posts\/53952"}],"collection":[{"href":"https:\/\/arantv.az\/index.php?rest_route=\/wp\/v2\/posts"}],"about":[{"href":"https:\/\/arantv.az\/index.php?rest_route=\/wp\/v2\/types\/post"}],"author":[{"embeddable":true,"href":"https:\/\/arantv.az\/index.php?rest_route=\/wp\/v2\/users\/2"}],"replies":[{"embeddable":true,"href":"https:\/\/arantv.az\/index.php?rest_route=%2Fwp%2Fv2%2Fcomments&post=53952"}],"version-history":[{"count":0,"href":"https:\/\/arantv.az\/index.php?rest_route=\/wp\/v2\/posts\/53952\/revisions"}],"wp:featuredmedia":[{"embeddable":true,"href":"https:\/\/arantv.az\/index.php?rest_route=\/wp\/v2\/media\/53953"}],"wp:attachment":[{"href":"https:\/\/arantv.az\/index.php?rest_route=%2Fwp%2Fv2%2Fmedia&parent=53952"}],"wp:term":[{"taxonomy":"category","embeddable":true,"href":"https:\/\/arantv.az\/index.php?rest_route=%2Fwp%2Fv2%2Fcategories&post=53952"},{"taxonomy":"post_tag","embeddable":true,"href":"https:\/\/arantv.az\/index.php?rest_route=%2Fwp%2Fv2%2Ftags&post=53952"}],"curies":[{"name":"wp","href":"https:\/\/api.w.org\/{rel}","templated":true}]}}