{"id":539565,"date":"2022-11-29T16:39:15","date_gmt":"2022-11-29T13:39:15","guid":{"rendered":"https:\/\/arantv.az\/?p=539565"},"modified":"2022-11-29T16:39:15","modified_gmt":"2022-11-29T13:39:15","slug":"qolu-x%c9%99z%c9%99r%c9%99-kimi-uzanan-bakidaki-magaradan-fotoreportaj","status":"publish","type":"post","link":"https:\/\/arantv.az\/?p=539565","title":{"rendered":"Qolu X\u0259z\u0259r\u0259 kimi uzanan Bak\u0131dak\u0131 ma\u011faradan FOTOREPORTAJ"},"content":{"rendered":"<p>Bak\u0131n\u0131n Sabun\u00e7u rayonun Bak\u0131xanov q\u0259s\u0259b\u0259sind\u0259 yerl\u0259\u015f\u0259n K\u00fch\u00fcl da\u011f\u0131 v\u0259 ma\u011fara \u00f6z\u00fcnd\u0259 gizli tarixi \u0259ks etdirir. Bu da\u011f v\u0259 ma\u011fara\u00a0Bak\u0131n\u0131n tarixi \u0259h\u0259miyy\u0259tini bir daha vur\u011fulay\u0131r. O, vaxt\u0131 il\u0259 Bak\u0131n\u0131n \u0259n yax\u015f\u0131 t\u0259sviri hesab olunurmu\u015f.<\/p>\n<p>Bak\u0131xanov q\u0259s\u0259b\u0259sind\u0259 yerl\u0259\u015f\u0259n da\u011fda olan ma\u011faran\u0131n giri\u015finin eni 5 metr, h\u00fcnd\u00fcrl\u00fcy\u00fc 13,6 metr olmaqla iki otaqdan ibar\u0259tdir. Birinci ota\u011f\u0131n uzunlu\u011fu 38,4, eni 5, ikinci ota\u011f\u0131n uzunlu\u011fu 7,9, eni is\u0259 7 metrdir. Ma\u011faran\u0131n \u00fcmumi sah\u0259si 255,7 kvadratmetrdir. Sakinl\u0259rin s\u00f6zl\u0259rin\u0259 v\u0259 yaz\u0131l\u0131 m\u0259nb\u0259l\u0259r\u0259 g\u00f6r\u0259, ma\u011fara 2 km uzunlu\u011fundak\u0131 qol vasit\u0259si il\u0259 X\u0259z\u0259r d\u0259nizin\u0259 \u00e7\u0131x\u0131r.<\/p>\n<div class=\"AdviadNativeVideo\"><\/div>\n<p>\u0130ll\u0259r ke\u00e7dikc\u0259, ma\u011fara haqq\u0131nda f\u0259rqli \u0259fsan\u0259l\u0259r d\u0259 dan\u0131\u015f\u0131l\u0131r. Onlardan birind\u0259, orta \u0259srl\u0259rd\u0259 ma\u011faran\u0131n qar\u015f\u0131s\u0131na d\u0259v\u0259t olunmam\u0131\u015f qonaqlardan v\u0259 v\u0259h\u015fi heyvanlardan qorunmaq \u00fc\u00e7\u00fcn da\u015f divar \u00e7\u0259kildiyi deyilir ki, bu da insanlar\u0131n h\u0259min yerd\u0259n ya\u015famaq \u00fc\u00e7\u00fcn istifad\u0259 etdikl\u0259rini g\u00f6st\u0259rir.<\/p>\n<p>90-c\u0131 ill\u0259rd\u0259n b\u0259ri da\u011f v\u0259 ma\u011faran\u0131n \u0259traf\u0131 tikilm\u0259y\u0259 ba\u015flay\u0131b. Haz\u0131rda bu \u0259razi hava liman\u0131na aparan magistraldan g\u00f6r\u00fcnm\u00fcr. Sanki da\u011f v\u0259 ma\u011fara bu ill\u0259r \u0259rzind\u0259 t\u0259rk edilmi\u015f, unudulmu\u015f bir yer\u0259 \u00e7evrilib.<\/p>\n<p><strong>PhotoStock.az-<\/strong>\u0131n \u0259razid\u0259n haz\u0131rlad\u0131\u011f\u0131 fotoreportaj\u0131 t\u0259qdim edirik:<\/p>\n<p><img src=\"https:\/\/cdn.oxu.az\/uploads\/W1siZiIsIjIwMjIvMTEvMjkvMTUvNTcvMDMvZWJjODQ1YmYtMTE2Ny00MmI1LTgzNGQtYzdiZDM1NzUwMzMxL2vDvGjDvGwzLmpwZyJdLFsicCIsImVuY29kZSIsImpwZyIsIi1xdWFsaXR5IDgwIl0sWyJwIiwidGh1bWIiLCI1OTB4NTkwXHUwMDNlIl1d?sha=056804664ec89cc3\" alt=\"\" \/><\/p>\n<p><img src=\"https:\/\/cdn.oxu.az\/uploads\/W1siZiIsIjIwMjIvMTEvMjkvMTUvNTYvNDcvMmY1ZWZhMGMtNWJkMy00ODMzLTlkMGQtNmRjMTVlOTY4MDNmL2vDvGjDvGwxLmpwZyJdLFsicCIsImVuY29kZSIsImpwZyIsIi1xdWFsaXR5IDgwIl0sWyJwIiwidGh1bWIiLCI1OTB4NTkwXHUwMDNlIl1d?sha=42022cf1348797fc\" alt=\"\" \/><\/p>\n<p><img src=\"https:\/\/cdn.oxu.az\/uploads\/W1siZiIsIjIwMjIvMTEvMjkvMTUvNTYvNTUvZmExYjczMDQtYzMzNy00ZTg0LTlhNWQtOTA1MzdkNjJhNmQwL2vDvGjDvGwyLmpwZyJdLFsicCIsImVuY29kZSIsImpwZyIsIi1xdWFsaXR5IDgwIl0sWyJwIiwidGh1bWIiLCI1OTB4NTkwXHUwMDNlIl1d?sha=cd431402606d69c9\" alt=\"\" \/><\/p>\n","protected":false},"excerpt":{"rendered":"<p>Bak\u0131n\u0131n Sabun\u00e7u rayonun Bak\u0131xanov q\u0259s\u0259b\u0259sind\u0259 yerl\u0259\u015f\u0259n K\u00fch\u00fcl da\u011f\u0131 v\u0259 ma\u011fara \u00f6z\u00fcnd\u0259 gizli tarixi \u0259ks etdirir. Bu da\u011f v\u0259 ma\u011fara\u00a0Bak\u0131n\u0131n tarixi \u0259h\u0259miyy\u0259tini bir daha vur\u011fulay\u0131r. O, vaxt\u0131 il\u0259 Bak\u0131n\u0131n \u0259n yax\u015f\u0131 t\u0259sviri hesab olunurmu\u015f. Bak\u0131xanov q\u0259s\u0259b\u0259sind\u0259 yerl\u0259\u015f\u0259n da\u011fda olan ma\u011faran\u0131n giri\u015finin eni 5 metr, h\u00fcnd\u00fcrl\u00fcy\u00fc 13,6 metr olmaqla iki otaqdan ibar\u0259tdir. Birinci ota\u011f\u0131n uzunlu\u011fu 38,4, eni 5, ikinci ota\u011f\u0131n uzunlu\u011fu 7,9, eni is\u0259 7 metrdir. Ma\u011faran\u0131n \u00fcmumi sah\u0259si 255,7 kvadratmetrdir. Sakinl\u0259rin s\u00f6zl\u0259rin\u0259 v\u0259 yaz\u0131l\u0131 m\u0259nb\u0259l\u0259r\u0259 g\u00f6r\u0259, ma\u011fara 2 km uzunlu\u011fundak\u0131 qol vasit\u0259si il\u0259 X\u0259z\u0259r d\u0259nizin\u0259 \u00e7\u0131x\u0131r. \u0130ll\u0259r ke\u00e7dikc\u0259, ma\u011fara haqq\u0131nda f\u0259rqli&hellip;<\/p>\n","protected":false},"author":2,"featured_media":539566,"comment_status":"closed","ping_status":"closed","sticky":false,"template":"","format":"standard","meta":{"om_disable_all_campaigns":false,"_monsterinsights_skip_tracking":false,"_monsterinsights_sitenote_active":false,"_monsterinsights_sitenote_note":"","_monsterinsights_sitenote_category":0},"categories":[1],"tags":[],"aioseo_notices":[],"gutentor_comment":0,"rttpg_featured_image_url":{"full":["https:\/\/arantv.az\/wp-content\/uploads\/2022\/11\/kA\u00bchA\u00bcl.jpg",620,413,false],"landscape":["https:\/\/arantv.az\/wp-content\/uploads\/2022\/11\/kA\u00bchA\u00bcl.jpg",620,413,false],"portraits":["https:\/\/arantv.az\/wp-content\/uploads\/2022\/11\/kA\u00bchA\u00bcl.jpg",620,413,false],"thumbnail":["https:\/\/arantv.az\/wp-content\/uploads\/2022\/11\/kA\u00bchA\u00bcl-500x280.jpg",500,280,true],"medium":["https:\/\/arantv.az\/wp-content\/uploads\/2022\/11\/kA\u00bchA\u00bcl-548x365.jpg",548,365,true],"large":["https:\/\/arantv.az\/wp-content\/uploads\/2022\/11\/kA\u00bchA\u00bcl.jpg",620,413,false],"1536x1536":["https:\/\/arantv.az\/wp-content\/uploads\/2022\/11\/kA\u00bchA\u00bcl.jpg",620,413,false],"2048x2048":["https:\/\/arantv.az\/wp-content\/uploads\/2022\/11\/kA\u00bchA\u00bcl.jpg",620,413,false],"post-thumbnail":["https:\/\/arantv.az\/wp-content\/uploads\/2022\/11\/kA\u00bchA\u00bcl-240x172.jpg",240,172,true],"advps-thumb-one":["https:\/\/arantv.az\/wp-content\/uploads\/2022\/11\/kA\u00bchA\u00bcl.jpg",620,413,false]},"rttpg_author":{"display_name":"V\u00fcsal Rafiqo\u011flu","author_link":"https:\/\/arantv.az\/?author=2"},"rttpg_comment":0,"rttpg_category":"<a href=\"https:\/\/arantv.az\/?cat=1\" rel=\"category\">C\u0259miyy\u0259t<\/a>","rttpg_excerpt":"Bak\u0131n\u0131n Sabun\u00e7u rayonun Bak\u0131xanov q\u0259s\u0259b\u0259sind\u0259 yerl\u0259\u015f\u0259n K\u00fch\u00fcl da\u011f\u0131 v\u0259 ma\u011fara \u00f6z\u00fcnd\u0259 gizli tarixi \u0259ks etdirir. Bu da\u011f v\u0259 ma\u011fara\u00a0Bak\u0131n\u0131n tarixi \u0259h\u0259miyy\u0259tini bir daha vur\u011fulay\u0131r. O, vaxt\u0131 il\u0259 Bak\u0131n\u0131n \u0259n yax\u015f\u0131 t\u0259sviri hesab olunurmu\u015f. Bak\u0131xanov q\u0259s\u0259b\u0259sind\u0259 yerl\u0259\u015f\u0259n da\u011fda olan ma\u011faran\u0131n giri\u015finin eni 5 metr, h\u00fcnd\u00fcrl\u00fcy\u00fc 13,6 metr olmaqla iki otaqdan ibar\u0259tdir. Birinci ota\u011f\u0131n uzunlu\u011fu 38,4, eni&hellip;","_links":{"self":[{"href":"https:\/\/arantv.az\/index.php?rest_route=\/wp\/v2\/posts\/539565"}],"collection":[{"href":"https:\/\/arantv.az\/index.php?rest_route=\/wp\/v2\/posts"}],"about":[{"href":"https:\/\/arantv.az\/index.php?rest_route=\/wp\/v2\/types\/post"}],"author":[{"embeddable":true,"href":"https:\/\/arantv.az\/index.php?rest_route=\/wp\/v2\/users\/2"}],"replies":[{"embeddable":true,"href":"https:\/\/arantv.az\/index.php?rest_route=%2Fwp%2Fv2%2Fcomments&post=539565"}],"version-history":[{"count":0,"href":"https:\/\/arantv.az\/index.php?rest_route=\/wp\/v2\/posts\/539565\/revisions"}],"wp:featuredmedia":[{"embeddable":true,"href":"https:\/\/arantv.az\/index.php?rest_route=\/wp\/v2\/media\/539566"}],"wp:attachment":[{"href":"https:\/\/arantv.az\/index.php?rest_route=%2Fwp%2Fv2%2Fmedia&parent=539565"}],"wp:term":[{"taxonomy":"category","embeddable":true,"href":"https:\/\/arantv.az\/index.php?rest_route=%2Fwp%2Fv2%2Fcategories&post=539565"},{"taxonomy":"post_tag","embeddable":true,"href":"https:\/\/arantv.az\/index.php?rest_route=%2Fwp%2Fv2%2Ftags&post=539565"}],"curies":[{"name":"wp","href":"https:\/\/api.w.org\/{rel}","templated":true}]}}