{"id":539571,"date":"2022-11-29T16:51:38","date_gmt":"2022-11-29T13:51:38","guid":{"rendered":"https:\/\/arantv.az\/?p=539571"},"modified":"2022-11-29T16:51:38","modified_gmt":"2022-11-29T13:51:38","slug":"nato-nun-bas-katibind%c9%99n-irana-x%c9%99b%c9%99rdarliq","status":"publish","type":"post","link":"https:\/\/arantv.az\/?p=539571","title":{"rendered":"NATO-nun ba\u015f katibind\u0259n \u0130rana X\u018fB\u018fRDARLIQ"},"content":{"rendered":"<p>\u201cRusiya Prezidenti Vladimir Putin Ukraynaya qar\u015f\u0131 m\u00fcharib\u0259d\u0259 q\u0131\u015fdan silah kimi istifad\u0259 etm\u0259y\u0259 \u00e7al\u0131\u015f\u0131r\u201d.<\/p>\n<p>Bunu NATO-nun Ba\u015f katibi Yens Stoltenberq Buxarestd\u0259 Rum\u0131niya Prezidenti Klaus \u0130ohannisl\u0259 birg\u0259 m\u0259tbuat konfrans\u0131nda deyib.<\/p>\n<div class=\"AdviadNativeVideo\"><\/div>\n<p>Stoltenberqin s\u00f6zl\u0259rin\u0259 g\u00f6r\u0259, Putin rus qo\u015funlar\u0131n\u0131n Ukraynan\u0131n enerji infrastrukturuna h\u00fccumlar\u0131n\u0131 davam etdir\u0259c\u0259yini g\u00f6zl\u0259yir.<\/p>\n<p>\u201cOnun q\u0131\u015fa haz\u0131rla\u015fd\u0131\u011f\u0131 bir vaxtda bunu etm\u0259si fakt\u0131 g\u00f6st\u0259rir ki, Putin haz\u0131rda q\u0131\u015fdan Ukraynaya qar\u015f\u0131 silah\u00a0kimi istifad\u0259 etm\u0259y\u0259 \u00e7al\u0131\u015f\u0131r\u201d, &#8211; o izah edib.<\/p>\n<p>\u201cBiz Putinin qalib g\u0259lm\u0259sin\u0259 imkan ver\u0259 bilm\u0259rik. Bu, g\u00fcc\u00fcn k\u00f6m\u0259yi il\u0259 m\u0259qs\u0259dl\u0259r\u0259 nail olma\u011f\u0131n m\u00fcmk\u00fcnl\u00fcy\u00fcn\u0259\u00a0i\u015far\u0259 olar\u201d, &#8211; dey\u0259 NATO-nun ba\u015f katibi x\u0259b\u0259rdarl\u0131q edib.<\/p>\n<p>O qeyd edib ki, t\u0259cav\u00fczkar bu m\u00fcharib\u0259d\u0259 qalib g\u0259l\u0259rs\u0259, davaml\u0131 s\u00fclh m\u00fcmk\u00fcn olmayacaq:<\/p>\n<p>\u201cBiz bilirik ki, \u0259ks\u0259r m\u00fcharib\u0259l\u0259r dan\u0131\u015f\u0131qlar masas\u0131 arxas\u0131nda bitir. Amma dan\u0131\u015f\u0131qlar masas\u0131 arxas\u0131nda ba\u015f ver\u0259nl\u0259r birba\u015fa d\u00f6y\u00fc\u015f meydan\u0131nda ba\u015f ver\u0259nl\u0259rl\u0259 ba\u011fl\u0131d\u0131r. Ona g\u00f6r\u0259 d\u0259 davaml\u0131 s\u00fclh\u0259 \u015f\u0259rait yaratmaq \u00fc\u00e7\u00fcn Ukraynan\u0131n suveren m\u00fcst\u0259qil d\u00f6vl\u0259t kimi qalib g\u0259ldiyin\u0259 \u0259min olmal\u0131y\u0131q. Biz Ukraynaya h\u0259rbi d\u0259st\u0259k verm\u0259y\u0259 davam etm\u0259liyik. Ona g\u00f6r\u0259 d\u0259 Buxarestd\u0259n mesaj\u0131m\u0131z budur: NATO laz\u0131m oldu\u011fu q\u0259d\u0259r Ukraynan\u0131 d\u0259st\u0259kl\u0259y\u0259c\u0259k. Biz geri \u00e7\u0259kilm\u0259y\u0259c\u0259yik\u201d.<\/p>\n<p>Stoltenberq \u0130rana v\u0259 dig\u0259r \u00f6lk\u0259l\u0259r\u0259 x\u0259b\u0259rdarl\u0131q edib ki, Ukraynaya qar\u015f\u0131 apard\u0131\u011f\u0131 aqressiv m\u00fcharib\u0259d\u0259 Rusiyaya yard\u0131m etm\u0259m\u0259lidirl\u0259r.<\/p>\n<p>NATO-nun ba\u015f katibi \u0259lav\u0259 edib ki, Rusiyan\u0131n m\u00fclki \u0259h\u0259miyy\u0259tli infrastruktur obyektl\u0259rin\u0259 raket z\u0259rb\u0259l\u0259rini davam etdirm\u0259si ehtimal\u0131 var, \u00e7\u00fcnki \u201cPutin \u0259sasl\u0131 \u015f\u0259kild\u0259 m\u0259\u011flub olur\u201d.<\/p>\n<p>\u201cRusiya d\u00f6y\u00fc\u015f meydan\u0131nda uduzur. D\u00f6y\u00fc\u015f meydan\u0131nda qalib g\u0259lm\u0259k iqtidar\u0131nda olmad\u0131qlar\u0131 \u00fc\u00e7\u00fcn \u015f\u0259h\u0259rl\u0259r\u0259 v\u0259 m\u00fclki h\u0259d\u0259fl\u0259r\u0259 h\u00fccum edirl\u0259r. Ona g\u00f6r\u0259 d\u0259 daha \u00e7ox h\u00fccum g\u00f6zl\u0259m\u0259k olar. D\u0259qiq n\u0259 q\u0259d\u0259r oldu\u011funu dey\u0259 bilm\u0259rik, lakin Prezident Putin v\u0259 Rusiya Avropada \u0130kinci D\u00fcnya m\u00fcharib\u0259sind\u0259n b\u0259ri g\u00f6rm\u0259diyimiz v\u0259h\u015filiyi t\u00f6r\u0259tm\u0259y\u0259 haz\u0131r olduqlar\u0131n\u0131 n\u00fcmayi\u015f etdirirl\u0259r\u201d.<\/p>\n<p>M\u0259nb\u0259: \u0130nterfaks Ukrayna<\/p>\n","protected":false},"excerpt":{"rendered":"<p>\u201cRusiya Prezidenti Vladimir Putin Ukraynaya qar\u015f\u0131 m\u00fcharib\u0259d\u0259 q\u0131\u015fdan silah kimi istifad\u0259 etm\u0259y\u0259 \u00e7al\u0131\u015f\u0131r\u201d. Bunu NATO-nun Ba\u015f katibi Yens Stoltenberq Buxarestd\u0259 Rum\u0131niya Prezidenti Klaus \u0130ohannisl\u0259 birg\u0259 m\u0259tbuat konfrans\u0131nda deyib. Stoltenberqin s\u00f6zl\u0259rin\u0259 g\u00f6r\u0259, Putin rus qo\u015funlar\u0131n\u0131n Ukraynan\u0131n enerji infrastrukturuna h\u00fccumlar\u0131n\u0131 davam etdir\u0259c\u0259yini g\u00f6zl\u0259yir. \u201cOnun q\u0131\u015fa haz\u0131rla\u015fd\u0131\u011f\u0131 bir vaxtda bunu etm\u0259si fakt\u0131 g\u00f6st\u0259rir ki, Putin haz\u0131rda q\u0131\u015fdan Ukraynaya qar\u015f\u0131 silah\u00a0kimi istifad\u0259 etm\u0259y\u0259 \u00e7al\u0131\u015f\u0131r\u201d, &#8211; o izah edib. \u201cBiz Putinin qalib g\u0259lm\u0259sin\u0259 imkan ver\u0259 bilm\u0259rik. Bu, g\u00fcc\u00fcn k\u00f6m\u0259yi il\u0259 m\u0259qs\u0259dl\u0259r\u0259 nail olma\u011f\u0131n m\u00fcmk\u00fcnl\u00fcy\u00fcn\u0259\u00a0i\u015far\u0259 olar\u201d, &#8211; dey\u0259 NATO-nun ba\u015f katibi x\u0259b\u0259rdarl\u0131q edib. O qeyd edib&hellip;<\/p>\n","protected":false},"author":2,"featured_media":539572,"comment_status":"closed","ping_status":"closed","sticky":false,"template":"","format":"standard","meta":{"om_disable_all_campaigns":false,"_monsterinsights_skip_tracking":false,"_monsterinsights_sitenote_active":false,"_monsterinsights_sitenote_note":"","_monsterinsights_sitenote_category":0},"categories":[7],"tags":[],"aioseo_notices":[],"gutentor_comment":0,"rttpg_featured_image_url":{"full":["https:\/\/arantv.az\/wp-content\/uploads\/2022\/11\/316287471_662944192146717_2541698657117544141_n.jpg",620,413,false],"landscape":["https:\/\/arantv.az\/wp-content\/uploads\/2022\/11\/316287471_662944192146717_2541698657117544141_n.jpg",620,413,false],"portraits":["https:\/\/arantv.az\/wp-content\/uploads\/2022\/11\/316287471_662944192146717_2541698657117544141_n.jpg",620,413,false],"thumbnail":["https:\/\/arantv.az\/wp-content\/uploads\/2022\/11\/316287471_662944192146717_2541698657117544141_n-500x280.jpg",500,280,true],"medium":["https:\/\/arantv.az\/wp-content\/uploads\/2022\/11\/316287471_662944192146717_2541698657117544141_n-548x365.jpg",548,365,true],"large":["https:\/\/arantv.az\/wp-content\/uploads\/2022\/11\/316287471_662944192146717_2541698657117544141_n.jpg",620,413,false],"1536x1536":["https:\/\/arantv.az\/wp-content\/uploads\/2022\/11\/316287471_662944192146717_2541698657117544141_n.jpg",620,413,false],"2048x2048":["https:\/\/arantv.az\/wp-content\/uploads\/2022\/11\/316287471_662944192146717_2541698657117544141_n.jpg",620,413,false],"post-thumbnail":["https:\/\/arantv.az\/wp-content\/uploads\/2022\/11\/316287471_662944192146717_2541698657117544141_n-240x172.jpg",240,172,true],"advps-thumb-one":["https:\/\/arantv.az\/wp-content\/uploads\/2022\/11\/316287471_662944192146717_2541698657117544141_n.jpg",620,413,false]},"rttpg_author":{"display_name":"V\u00fcsal Rafiqo\u011flu","author_link":"https:\/\/arantv.az\/?author=2"},"rttpg_comment":0,"rttpg_category":"<a href=\"https:\/\/arantv.az\/?cat=7\" rel=\"category\">D\u00fcnya<\/a>","rttpg_excerpt":"\u201cRusiya Prezidenti Vladimir Putin Ukraynaya qar\u015f\u0131 m\u00fcharib\u0259d\u0259 q\u0131\u015fdan silah kimi istifad\u0259 etm\u0259y\u0259 \u00e7al\u0131\u015f\u0131r\u201d. Bunu NATO-nun Ba\u015f katibi Yens Stoltenberq Buxarestd\u0259 Rum\u0131niya Prezidenti Klaus \u0130ohannisl\u0259 birg\u0259 m\u0259tbuat konfrans\u0131nda deyib. Stoltenberqin s\u00f6zl\u0259rin\u0259 g\u00f6r\u0259, Putin rus qo\u015funlar\u0131n\u0131n Ukraynan\u0131n enerji infrastrukturuna h\u00fccumlar\u0131n\u0131 davam etdir\u0259c\u0259yini g\u00f6zl\u0259yir. \u201cOnun q\u0131\u015fa haz\u0131rla\u015fd\u0131\u011f\u0131 bir vaxtda bunu etm\u0259si fakt\u0131 g\u00f6st\u0259rir ki, Putin haz\u0131rda q\u0131\u015fdan Ukraynaya&hellip;","_links":{"self":[{"href":"https:\/\/arantv.az\/index.php?rest_route=\/wp\/v2\/posts\/539571"}],"collection":[{"href":"https:\/\/arantv.az\/index.php?rest_route=\/wp\/v2\/posts"}],"about":[{"href":"https:\/\/arantv.az\/index.php?rest_route=\/wp\/v2\/types\/post"}],"author":[{"embeddable":true,"href":"https:\/\/arantv.az\/index.php?rest_route=\/wp\/v2\/users\/2"}],"replies":[{"embeddable":true,"href":"https:\/\/arantv.az\/index.php?rest_route=%2Fwp%2Fv2%2Fcomments&post=539571"}],"version-history":[{"count":0,"href":"https:\/\/arantv.az\/index.php?rest_route=\/wp\/v2\/posts\/539571\/revisions"}],"wp:featuredmedia":[{"embeddable":true,"href":"https:\/\/arantv.az\/index.php?rest_route=\/wp\/v2\/media\/539572"}],"wp:attachment":[{"href":"https:\/\/arantv.az\/index.php?rest_route=%2Fwp%2Fv2%2Fmedia&parent=539571"}],"wp:term":[{"taxonomy":"category","embeddable":true,"href":"https:\/\/arantv.az\/index.php?rest_route=%2Fwp%2Fv2%2Fcategories&post=539571"},{"taxonomy":"post_tag","embeddable":true,"href":"https:\/\/arantv.az\/index.php?rest_route=%2Fwp%2Fv2%2Ftags&post=539571"}],"curies":[{"name":"wp","href":"https:\/\/api.w.org\/{rel}","templated":true}]}}