{"id":539574,"date":"2022-11-29T17:01:20","date_gmt":"2022-11-29T14:01:20","guid":{"rendered":"https:\/\/arantv.az\/?p=539574"},"modified":"2022-11-29T17:01:20","modified_gmt":"2022-11-29T14:01:20","slug":"pa-nin-sektor-mudiri-kommunal-xidm%c9%99tl%c9%99rl%c9%99-bagli-oz%c9%99l-sektora-da-s%c9%99rait-yaradilacaq","status":"publish","type":"post","link":"https:\/\/arantv.az\/?p=539574","title":{"rendered":"PA-n\u0131n sektor m\u00fcdiri: \u201cKommunal xidm\u0259tl\u0259rl\u0259 ba\u011fl\u0131 \u00f6z\u0259l sektora da \u015f\u0259rait yarad\u0131lacaq\u201d"},"content":{"rendered":"<p>\u201c\u0130\u015f\u00e7i qrup\u00a0t\u0259r\u0259find\u0259n kommunal xidm\u0259t g\u00f6st\u0259ricil\u0259ri v\u0259 kommunal xidm\u0259tl\u0259rin \u015f\u0259ffafl\u0131\u011f\u0131, kommunal sah\u0259d\u0259 qaydalar v\u0259 xidm\u0259tl\u0259rin h\u0259yata ke\u00e7irilm\u0259sinin s\u0259m\u0259r\u0259liliyi haqq\u0131nda geni\u015f ara\u015fd\u0131rmalar apar\u0131l\u0131b. M\u00fc\u0259yy\u0259nl\u0259\u015fdirmi\u015fik ki, h\u0259d\u0259fl\u0259r 3 prosedur v\u0259 30 g\u00fcn m\u00fcdd\u0259tind\u0259 h\u0259yata ke\u00e7irilsin\u201d.<\/p>\n<p><strong>ARANTV.AZ<\/strong>\u00a0x\u0259b\u0259r verir ki, bu bar\u0259d\u0259 Komissiyan\u0131n Katibliyinin r\u0259hb\u0259ri, Az\u0259rbaycan Respublikas\u0131 Prezidenti Administrasiyas\u0131n\u0131n sektor m\u00fcdiri V\u00fcsal \u015e\u0131x\u0259liyev jurnalistl\u0259r\u0259 a\u00e7\u0131qlamas\u0131nda deyib.<\/p>\n<p>O bildirib ki, 3 prosedurun icras\u0131 \u00e7\u0259r\u00e7iv\u0259sind\u0259 h\u0259m d\u0259 \u00f6z\u0259l sektora m\u00fc\u0259yy\u0259n \u015f\u0259rait yarad\u0131lacaq:<\/p>\n<p>\u201cSahibkar\u0131n se\u00e7imi \u00f6n\u0259mli olacaq. O, ya \u201cAz\u0259rsu\u201d ASC-ni, ya da \u00f6z\u0259l sektorun n\u00fcmay\u0259nd\u0259sini se\u00e7\u0259 bil\u0259r. Bu da r\u0259qab\u0259t m\u00fchitinin formala\u015fd\u0131racaq. Biz bununla h\u0259m d\u00f6vl\u0259t qurumlar\u0131na, h\u0259m d\u0259 \u00f6z\u0259l sektora \u015f\u0259rait yarad\u0131r\u0131q ki, xidm\u0259t s\u0259viyy\u0259l\u0259ri qiym\u0259tl\u0259ndirilsin. \u018fhali hans\u0131 xidm\u0259td\u0259n yararlanmaq ist\u0259s\u0259, onu da se\u00e7\u0259 bil\u0259c\u0259k\u201d.<\/p>\n","protected":false},"excerpt":{"rendered":"<p>\u201c\u0130\u015f\u00e7i qrup\u00a0t\u0259r\u0259find\u0259n kommunal xidm\u0259t g\u00f6st\u0259ricil\u0259ri v\u0259 kommunal xidm\u0259tl\u0259rin \u015f\u0259ffafl\u0131\u011f\u0131, kommunal sah\u0259d\u0259 qaydalar v\u0259 xidm\u0259tl\u0259rin h\u0259yata ke\u00e7irilm\u0259sinin s\u0259m\u0259r\u0259liliyi haqq\u0131nda geni\u015f ara\u015fd\u0131rmalar apar\u0131l\u0131b. M\u00fc\u0259yy\u0259nl\u0259\u015fdirmi\u015fik ki, h\u0259d\u0259fl\u0259r 3 prosedur v\u0259 30 g\u00fcn m\u00fcdd\u0259tind\u0259 h\u0259yata ke\u00e7irilsin\u201d. ARANTV.AZ\u00a0x\u0259b\u0259r verir ki, bu bar\u0259d\u0259 Komissiyan\u0131n Katibliyinin r\u0259hb\u0259ri, Az\u0259rbaycan Respublikas\u0131 Prezidenti Administrasiyas\u0131n\u0131n sektor m\u00fcdiri V\u00fcsal \u015e\u0131x\u0259liyev jurnalistl\u0259r\u0259 a\u00e7\u0131qlamas\u0131nda deyib. O bildirib ki, 3 prosedurun icras\u0131 \u00e7\u0259r\u00e7iv\u0259sind\u0259 h\u0259m d\u0259 \u00f6z\u0259l sektora m\u00fc\u0259yy\u0259n \u015f\u0259rait yarad\u0131lacaq: \u201cSahibkar\u0131n se\u00e7imi \u00f6n\u0259mli olacaq. O, ya \u201cAz\u0259rsu\u201d ASC-ni, ya da \u00f6z\u0259l sektorun n\u00fcmay\u0259nd\u0259sini se\u00e7\u0259 bil\u0259r. Bu da r\u0259qab\u0259t m\u00fchitinin formala\u015fd\u0131racaq. Biz bununla h\u0259m d\u00f6vl\u0259t qurumlar\u0131na,&hellip;<\/p>\n","protected":false},"author":2,"featured_media":539575,"comment_status":"closed","ping_status":"closed","sticky":false,"template":"","format":"standard","meta":{"om_disable_all_campaigns":false,"_monsterinsights_skip_tracking":false,"_monsterinsights_sitenote_active":false,"_monsterinsights_sitenote_note":"","_monsterinsights_sitenote_category":0},"categories":[1],"tags":[],"aioseo_notices":[],"gutentor_comment":0,"rttpg_featured_image_url":{"full":["https:\/\/arantv.az\/wp-content\/uploads\/2022\/11\/1UXCsPywPxAQeEDc3GWQZffXsH5Cjvjyq2W2b69G.jpg",620,413,false],"landscape":["https:\/\/arantv.az\/wp-content\/uploads\/2022\/11\/1UXCsPywPxAQeEDc3GWQZffXsH5Cjvjyq2W2b69G.jpg",620,413,false],"portraits":["https:\/\/arantv.az\/wp-content\/uploads\/2022\/11\/1UXCsPywPxAQeEDc3GWQZffXsH5Cjvjyq2W2b69G.jpg",620,413,false],"thumbnail":["https:\/\/arantv.az\/wp-content\/uploads\/2022\/11\/1UXCsPywPxAQeEDc3GWQZffXsH5Cjvjyq2W2b69G-500x280.jpg",500,280,true],"medium":["https:\/\/arantv.az\/wp-content\/uploads\/2022\/11\/1UXCsPywPxAQeEDc3GWQZffXsH5Cjvjyq2W2b69G-548x365.jpg",548,365,true],"large":["https:\/\/arantv.az\/wp-content\/uploads\/2022\/11\/1UXCsPywPxAQeEDc3GWQZffXsH5Cjvjyq2W2b69G.jpg",620,413,false],"1536x1536":["https:\/\/arantv.az\/wp-content\/uploads\/2022\/11\/1UXCsPywPxAQeEDc3GWQZffXsH5Cjvjyq2W2b69G.jpg",620,413,false],"2048x2048":["https:\/\/arantv.az\/wp-content\/uploads\/2022\/11\/1UXCsPywPxAQeEDc3GWQZffXsH5Cjvjyq2W2b69G.jpg",620,413,false],"post-thumbnail":["https:\/\/arantv.az\/wp-content\/uploads\/2022\/11\/1UXCsPywPxAQeEDc3GWQZffXsH5Cjvjyq2W2b69G-240x172.jpg",240,172,true],"advps-thumb-one":["https:\/\/arantv.az\/wp-content\/uploads\/2022\/11\/1UXCsPywPxAQeEDc3GWQZffXsH5Cjvjyq2W2b69G.jpg",620,413,false]},"rttpg_author":{"display_name":"V\u00fcsal Rafiqo\u011flu","author_link":"https:\/\/arantv.az\/?author=2"},"rttpg_comment":0,"rttpg_category":"<a href=\"https:\/\/arantv.az\/?cat=1\" rel=\"category\">C\u0259miyy\u0259t<\/a>","rttpg_excerpt":"\u201c\u0130\u015f\u00e7i qrup\u00a0t\u0259r\u0259find\u0259n kommunal xidm\u0259t g\u00f6st\u0259ricil\u0259ri v\u0259 kommunal xidm\u0259tl\u0259rin \u015f\u0259ffafl\u0131\u011f\u0131, kommunal sah\u0259d\u0259 qaydalar v\u0259 xidm\u0259tl\u0259rin h\u0259yata ke\u00e7irilm\u0259sinin s\u0259m\u0259r\u0259liliyi haqq\u0131nda geni\u015f ara\u015fd\u0131rmalar apar\u0131l\u0131b. M\u00fc\u0259yy\u0259nl\u0259\u015fdirmi\u015fik ki, h\u0259d\u0259fl\u0259r 3 prosedur v\u0259 30 g\u00fcn m\u00fcdd\u0259tind\u0259 h\u0259yata ke\u00e7irilsin\u201d. ARANTV.AZ\u00a0x\u0259b\u0259r verir ki, bu bar\u0259d\u0259 Komissiyan\u0131n Katibliyinin r\u0259hb\u0259ri, Az\u0259rbaycan Respublikas\u0131 Prezidenti Administrasiyas\u0131n\u0131n sektor m\u00fcdiri V\u00fcsal \u015e\u0131x\u0259liyev jurnalistl\u0259r\u0259 a\u00e7\u0131qlamas\u0131nda deyib. O bildirib ki, 3&hellip;","_links":{"self":[{"href":"https:\/\/arantv.az\/index.php?rest_route=\/wp\/v2\/posts\/539574"}],"collection":[{"href":"https:\/\/arantv.az\/index.php?rest_route=\/wp\/v2\/posts"}],"about":[{"href":"https:\/\/arantv.az\/index.php?rest_route=\/wp\/v2\/types\/post"}],"author":[{"embeddable":true,"href":"https:\/\/arantv.az\/index.php?rest_route=\/wp\/v2\/users\/2"}],"replies":[{"embeddable":true,"href":"https:\/\/arantv.az\/index.php?rest_route=%2Fwp%2Fv2%2Fcomments&post=539574"}],"version-history":[{"count":0,"href":"https:\/\/arantv.az\/index.php?rest_route=\/wp\/v2\/posts\/539574\/revisions"}],"wp:featuredmedia":[{"embeddable":true,"href":"https:\/\/arantv.az\/index.php?rest_route=\/wp\/v2\/media\/539575"}],"wp:attachment":[{"href":"https:\/\/arantv.az\/index.php?rest_route=%2Fwp%2Fv2%2Fmedia&parent=539574"}],"wp:term":[{"taxonomy":"category","embeddable":true,"href":"https:\/\/arantv.az\/index.php?rest_route=%2Fwp%2Fv2%2Fcategories&post=539574"},{"taxonomy":"post_tag","embeddable":true,"href":"https:\/\/arantv.az\/index.php?rest_route=%2Fwp%2Fv2%2Ftags&post=539574"}],"curies":[{"name":"wp","href":"https:\/\/api.w.org\/{rel}","templated":true}]}}