{"id":539580,"date":"2022-11-29T17:02:51","date_gmt":"2022-11-29T14:02:51","guid":{"rendered":"https:\/\/arantv.az\/?p=539580"},"modified":"2022-11-29T17:02:51","modified_gmt":"2022-11-29T14:02:51","slug":"stratfor-az%c9%99rbaycan-erm%c9%99nistan-s%c9%99rh%c9%99dind%c9%99-eskalasiya-riski-var","status":"publish","type":"post","link":"https:\/\/arantv.az\/?p=539580","title":{"rendered":"\u201cStratfor\u201d: \u201cAz\u0259rbaycan-Erm\u0259nistan s\u0259rh\u0259dind\u0259 eskalasiya riski var\u201d"},"content":{"rendered":"<p>\u201cAz\u0259rbaycan-Erm\u0259nistan s\u0259rh\u0259dind\u0259 v\u0259 ya Az\u0259rbaycan\u0131n Qaraba\u011f b\u00f6lg\u0259sind\u0259 eskalasiya riski var. Bak\u0131 il\u0259 \u0130r\u0259van aras\u0131nda dan\u0131\u015f\u0131qlar dalana dir\u0259ndikd\u0259n sonra v\u0259ziyy\u0259t g\u0259rginl\u0259\u015f\u0259 bil\u0259r\u201d.<\/p>\n<p>Bu bar\u0259d\u0259 AB\u015e-nin x\u00fcsusi k\u0259\u015ffiyyat-analitik \u015firk\u0259ti \u201cStratfor\u201dun ekspertl\u0259ri bildiribl\u0259r.<\/p>\n<p>Onlar\u0131n qiym\u0259tl\u0259ndirm\u0259sin\u0259 g\u00f6r\u0259, yeni eskalasiya dal\u011fas\u0131 bu ilin sonuna q\u0259d\u0259r s\u00fclh dan\u0131\u015f\u0131qlar\u0131nda ir\u0259lil\u0259yi\u015fin olmas\u0131 ehtimal\u0131n\u0131 azaldacaq.<\/p>\n<p>Qeyd ed\u0259k ki, Az\u0259rbaycan M\u00fcdafi\u0259 Nazirliyi noyabr ay\u0131 \u0259rzind\u0259 d\u0259f\u0259l\u0259rl\u0259 \u00f6z m\u00f6vqel\u0259rinin s\u0259rh\u0259dd\u0259 Erm\u0259nistan silahl\u0131 q\u00fcvv\u0259l\u0259ri t\u0259r\u0259find\u0259n, habel\u0259\u00a0Qaraba\u011fda, Rusiya s\u00fclhm\u0259raml\u0131lar\u0131n\u0131n m\u00fcv\u0259qq\u0259ti m\u0259suliyy\u0259t zonas\u0131ndak\u0131 erm\u0259ni\u00a0qanunsuz silahl\u0131 birl\u0259\u015fm\u0259l\u0259ri t\u0259r\u0259find\u0259n at\u0259\u015f\u0259 tutuldu\u011fu bar\u0259d\u0259 m\u0259lumatlar yay\u0131b.<\/p>\n<p>\u201cStratfor\u201d AB\u015e-nin\u00a0\u00f6z\u0259l k\u0259\u015ffiyyat v\u0259 analitik \u015firk\u0259tidir, b\u0259z\u0259n \u201cM\u0259rk\u0259zi K\u0259fiyyat \u0130dar\u0259sinin k\u00f6lg\u0259si\u201d adland\u0131r\u0131l\u0131r. \u015eirk\u0259t d\u00fcnyada ba\u015f ver\u0259n hadis\u0259l\u0259r haqq\u0131nda m\u0259lumat toplay\u0131r v\u0259 t\u0259hlil edir.<\/p>\n","protected":false},"excerpt":{"rendered":"<p>\u201cAz\u0259rbaycan-Erm\u0259nistan s\u0259rh\u0259dind\u0259 v\u0259 ya Az\u0259rbaycan\u0131n Qaraba\u011f b\u00f6lg\u0259sind\u0259 eskalasiya riski var. Bak\u0131 il\u0259 \u0130r\u0259van aras\u0131nda dan\u0131\u015f\u0131qlar dalana dir\u0259ndikd\u0259n sonra v\u0259ziyy\u0259t g\u0259rginl\u0259\u015f\u0259 bil\u0259r\u201d. Bu bar\u0259d\u0259 AB\u015e-nin x\u00fcsusi k\u0259\u015ffiyyat-analitik \u015firk\u0259ti \u201cStratfor\u201dun ekspertl\u0259ri bildiribl\u0259r. Onlar\u0131n qiym\u0259tl\u0259ndirm\u0259sin\u0259 g\u00f6r\u0259, yeni eskalasiya dal\u011fas\u0131 bu ilin sonuna q\u0259d\u0259r s\u00fclh dan\u0131\u015f\u0131qlar\u0131nda ir\u0259lil\u0259yi\u015fin olmas\u0131 ehtimal\u0131n\u0131 azaldacaq. Qeyd ed\u0259k ki, Az\u0259rbaycan M\u00fcdafi\u0259 Nazirliyi noyabr ay\u0131 \u0259rzind\u0259 d\u0259f\u0259l\u0259rl\u0259 \u00f6z m\u00f6vqel\u0259rinin s\u0259rh\u0259dd\u0259 Erm\u0259nistan silahl\u0131 q\u00fcvv\u0259l\u0259ri t\u0259r\u0259find\u0259n, habel\u0259\u00a0Qaraba\u011fda, Rusiya s\u00fclhm\u0259raml\u0131lar\u0131n\u0131n m\u00fcv\u0259qq\u0259ti m\u0259suliyy\u0259t zonas\u0131ndak\u0131 erm\u0259ni\u00a0qanunsuz silahl\u0131 birl\u0259\u015fm\u0259l\u0259ri t\u0259r\u0259find\u0259n at\u0259\u015f\u0259 tutuldu\u011fu bar\u0259d\u0259 m\u0259lumatlar yay\u0131b. \u201cStratfor\u201d AB\u015e-nin\u00a0\u00f6z\u0259l k\u0259\u015ffiyyat v\u0259 analitik \u015firk\u0259tidir, b\u0259z\u0259n \u201cM\u0259rk\u0259zi K\u0259fiyyat \u0130dar\u0259sinin k\u00f6lg\u0259si\u201d adland\u0131r\u0131l\u0131r.&hellip;<\/p>\n","protected":false},"author":2,"featured_media":539581,"comment_status":"closed","ping_status":"closed","sticky":false,"template":"","format":"standard","meta":{"om_disable_all_campaigns":false,"_monsterinsights_skip_tracking":false,"_monsterinsights_sitenote_active":false,"_monsterinsights_sitenote_note":"","_monsterinsights_sitenote_category":0},"categories":[4],"tags":[],"aioseo_notices":[],"gutentor_comment":0,"rttpg_featured_image_url":{"full":["https:\/\/arantv.az\/wp-content\/uploads\/2022\/11\/DSC_0115.jpg",620,413,false],"landscape":["https:\/\/arantv.az\/wp-content\/uploads\/2022\/11\/DSC_0115.jpg",620,413,false],"portraits":["https:\/\/arantv.az\/wp-content\/uploads\/2022\/11\/DSC_0115.jpg",620,413,false],"thumbnail":["https:\/\/arantv.az\/wp-content\/uploads\/2022\/11\/DSC_0115-500x280.jpg",500,280,true],"medium":["https:\/\/arantv.az\/wp-content\/uploads\/2022\/11\/DSC_0115-548x365.jpg",548,365,true],"large":["https:\/\/arantv.az\/wp-content\/uploads\/2022\/11\/DSC_0115.jpg",620,413,false],"1536x1536":["https:\/\/arantv.az\/wp-content\/uploads\/2022\/11\/DSC_0115.jpg",620,413,false],"2048x2048":["https:\/\/arantv.az\/wp-content\/uploads\/2022\/11\/DSC_0115.jpg",620,413,false],"post-thumbnail":["https:\/\/arantv.az\/wp-content\/uploads\/2022\/11\/DSC_0115-240x172.jpg",240,172,true],"advps-thumb-one":["https:\/\/arantv.az\/wp-content\/uploads\/2022\/11\/DSC_0115.jpg",620,413,false]},"rttpg_author":{"display_name":"V\u00fcsal Rafiqo\u011flu","author_link":"https:\/\/arantv.az\/?author=2"},"rttpg_comment":0,"rttpg_category":"<a href=\"https:\/\/arantv.az\/?cat=4\" rel=\"category\">Siyas\u0259t<\/a>","rttpg_excerpt":"\u201cAz\u0259rbaycan-Erm\u0259nistan s\u0259rh\u0259dind\u0259 v\u0259 ya Az\u0259rbaycan\u0131n Qaraba\u011f b\u00f6lg\u0259sind\u0259 eskalasiya riski var. Bak\u0131 il\u0259 \u0130r\u0259van aras\u0131nda dan\u0131\u015f\u0131qlar dalana dir\u0259ndikd\u0259n sonra v\u0259ziyy\u0259t g\u0259rginl\u0259\u015f\u0259 bil\u0259r\u201d. Bu bar\u0259d\u0259 AB\u015e-nin x\u00fcsusi k\u0259\u015ffiyyat-analitik \u015firk\u0259ti \u201cStratfor\u201dun ekspertl\u0259ri bildiribl\u0259r. Onlar\u0131n qiym\u0259tl\u0259ndirm\u0259sin\u0259 g\u00f6r\u0259, yeni eskalasiya dal\u011fas\u0131 bu ilin sonuna q\u0259d\u0259r s\u00fclh dan\u0131\u015f\u0131qlar\u0131nda ir\u0259lil\u0259yi\u015fin olmas\u0131 ehtimal\u0131n\u0131 azaldacaq. Qeyd ed\u0259k ki, Az\u0259rbaycan M\u00fcdafi\u0259 Nazirliyi noyabr ay\u0131 \u0259rzind\u0259&hellip;","_links":{"self":[{"href":"https:\/\/arantv.az\/index.php?rest_route=\/wp\/v2\/posts\/539580"}],"collection":[{"href":"https:\/\/arantv.az\/index.php?rest_route=\/wp\/v2\/posts"}],"about":[{"href":"https:\/\/arantv.az\/index.php?rest_route=\/wp\/v2\/types\/post"}],"author":[{"embeddable":true,"href":"https:\/\/arantv.az\/index.php?rest_route=\/wp\/v2\/users\/2"}],"replies":[{"embeddable":true,"href":"https:\/\/arantv.az\/index.php?rest_route=%2Fwp%2Fv2%2Fcomments&post=539580"}],"version-history":[{"count":0,"href":"https:\/\/arantv.az\/index.php?rest_route=\/wp\/v2\/posts\/539580\/revisions"}],"wp:featuredmedia":[{"embeddable":true,"href":"https:\/\/arantv.az\/index.php?rest_route=\/wp\/v2\/media\/539581"}],"wp:attachment":[{"href":"https:\/\/arantv.az\/index.php?rest_route=%2Fwp%2Fv2%2Fmedia&parent=539580"}],"wp:term":[{"taxonomy":"category","embeddable":true,"href":"https:\/\/arantv.az\/index.php?rest_route=%2Fwp%2Fv2%2Fcategories&post=539580"},{"taxonomy":"post_tag","embeddable":true,"href":"https:\/\/arantv.az\/index.php?rest_route=%2Fwp%2Fv2%2Ftags&post=539580"}],"curies":[{"name":"wp","href":"https:\/\/api.w.org\/{rel}","templated":true}]}}