{"id":53960,"date":"2019-04-30T10:05:14","date_gmt":"2019-04-30T07:05:14","guid":{"rendered":"http:\/\/arantv.az\/?p=53960"},"modified":"2019-04-30T10:05:14","modified_gmt":"2019-04-30T07:05:14","slug":"2019-2023-cu-ill%c9%99ri-%c9%99hat%c9%99-ed%c9%99n-milli-f%c9%99aliyy%c9%99t-planinin-layih%c9%99si-hokum%c9%99t%c9%99-t%c9%99qdim-edilib","status":"publish","type":"post","link":"https:\/\/arantv.az\/?p=53960","title":{"rendered":"2019-2023-c\u00fc ill\u0259ri \u0259hat\u0259 ed\u0259n Milli F\u0259aliyy\u0259t Plan\u0131n\u0131n layih\u0259si h\u00f6kum\u0259t\u0259 t\u0259qdim edilib"},"content":{"rendered":"<p><strong>Az\u0259rbaycanda insan alverin\u0259 qar\u015f\u0131 m\u00fcbariz\u0259 \u00fczr\u0259 Milli F\u0259aliyy\u0259t Plan\u0131n\u0131n layih\u0259si h\u00f6kum\u0259t\u0259 t\u0259qdim edilib.<\/strong><\/p>\n<p><strong>ARANTV.AZ\u00a0<\/strong>\u00a0<span style=\"color: #000000;\"><a style=\"color: #000000;\" href=\"https:\/\/az.trend.az\/\" target=\"_blank\" rel=\"noopener\">Trend<\/a><\/span>-\u0259 istinad\u0259n x\u0259b\u0259r verir ki, bu, \u0130nsan alverin\u0259 qar\u015f\u0131 m\u00fcbariz\u0259 \u00fczr\u0259 Milli Koordinatorunun &#8220;Az\u0259rbaycanda insan alverin\u0259 qar\u015f\u0131 m\u00fcbariz\u0259y\u0259 dair&#8221; illik m\u0259lumat\u0131nda qeyd edilib.<\/p>\n<p>Sayca 3-c\u00fc Milli F\u0259aliyy\u0259t Plan\u0131n\u0131n icra m\u00fcdd\u0259tinin 2018-ci ild\u0259 ba\u015fa \u00e7atmas\u0131 n\u0259z\u0259r\u0259 al\u0131naraq, insan alverin\u0259 qar\u015f\u0131 m\u00fcbariz\u0259nin davaml\u0131l\u0131\u011f\u0131n\u0131n t\u0259min edilm\u0259si \u00fc\u00e7\u00fcn 2019-2023-c\u00fc ill\u0259ri \u0259hat\u0259 ed\u0259n yeni f\u0259aliyy\u0259t plan\u0131 haz\u0131rlan\u0131b. Aidiyy\u0259ti d\u00f6vl\u0259t orqanlar\u0131n\u0131n t\u0259klifl\u0259ri \u0259sas\u0131nda haz\u0131rlanm\u0131\u015f layih\u0259nin ilkin variant\u0131 67 t\u0259dbird\u0259n ibar\u0259tdir.<\/p>\n<p>S\u0259n\u0259dd\u0259 insan alverin\u0259 qar\u015f\u0131 m\u00fcbariz\u0259d\u0259 s\u0259lahiyy\u0259tli d\u00f6vl\u0259t orqanlar\u0131n\u0131n maddi-texniki t\u0259minat\u0131n\u0131n yax\u015f\u0131la\u015fd\u0131r\u0131lmas\u0131, qurbanlar\u0131n reabilitasiyas\u0131 v\u0259 m\u00fcdafi\u0259si \u00fczr\u0259 t\u0259dbirl\u0259rin keyfiyy\u0259tinin y\u00fcks\u0259ldilm\u0259si, profilaktik i\u015fi, cinay\u0259t t\u0259qibi, beyn\u0259lxalq \u0259m\u0259kda\u015fl\u0131\u011f\u0131n g\u00fccl\u0259ndirilm\u0259si v\u0259 s. m\u00fch\u00fcm m\u0259s\u0259l\u0259l\u0259r \u0259ksini tap\u0131b.<\/p>\n","protected":false},"excerpt":{"rendered":"<p>Az\u0259rbaycanda insan alverin\u0259 qar\u015f\u0131 m\u00fcbariz\u0259 \u00fczr\u0259 Milli F\u0259aliyy\u0259t Plan\u0131n\u0131n layih\u0259si h\u00f6kum\u0259t\u0259 t\u0259qdim edilib. ARANTV.AZ\u00a0\u00a0Trend-\u0259 istinad\u0259n x\u0259b\u0259r verir ki, bu, \u0130nsan alverin\u0259 qar\u015f\u0131 m\u00fcbariz\u0259 \u00fczr\u0259 Milli Koordinatorunun &#8220;Az\u0259rbaycanda insan alverin\u0259 qar\u015f\u0131 m\u00fcbariz\u0259y\u0259 dair&#8221; illik m\u0259lumat\u0131nda qeyd edilib. Sayca 3-c\u00fc Milli F\u0259aliyy\u0259t Plan\u0131n\u0131n icra m\u00fcdd\u0259tinin 2018-ci ild\u0259 ba\u015fa \u00e7atmas\u0131 n\u0259z\u0259r\u0259 al\u0131naraq, insan alverin\u0259 qar\u015f\u0131 m\u00fcbariz\u0259nin davaml\u0131l\u0131\u011f\u0131n\u0131n t\u0259min edilm\u0259si \u00fc\u00e7\u00fcn 2019-2023-c\u00fc ill\u0259ri \u0259hat\u0259 ed\u0259n yeni f\u0259aliyy\u0259t plan\u0131 haz\u0131rlan\u0131b. Aidiyy\u0259ti d\u00f6vl\u0259t orqanlar\u0131n\u0131n t\u0259klifl\u0259ri \u0259sas\u0131nda haz\u0131rlanm\u0131\u015f layih\u0259nin ilkin variant\u0131 67 t\u0259dbird\u0259n ibar\u0259tdir. S\u0259n\u0259dd\u0259 insan alverin\u0259 qar\u015f\u0131 m\u00fcbariz\u0259d\u0259 s\u0259lahiyy\u0259tli d\u00f6vl\u0259t orqanlar\u0131n\u0131n maddi-texniki t\u0259minat\u0131n\u0131n yax\u015f\u0131la\u015fd\u0131r\u0131lmas\u0131, qurbanlar\u0131n reabilitasiyas\u0131&hellip;<\/p>\n","protected":false},"author":2,"featured_media":53961,"comment_status":"closed","ping_status":"closed","sticky":false,"template":"","format":"standard","meta":{"om_disable_all_campaigns":false,"_monsterinsights_skip_tracking":false,"_monsterinsights_sitenote_active":false,"_monsterinsights_sitenote_note":"","_monsterinsights_sitenote_category":0},"categories":[1],"tags":[],"aioseo_notices":[],"gutentor_comment":0,"rttpg_featured_image_url":{"full":["https:\/\/arantv.az\/wp-content\/uploads\/2019\/04\/sened_0238.jpg",800,600,false],"landscape":["https:\/\/arantv.az\/wp-content\/uploads\/2019\/04\/sened_0238.jpg",800,600,false],"portraits":["https:\/\/arantv.az\/wp-content\/uploads\/2019\/04\/sened_0238.jpg",800,600,false],"thumbnail":["https:\/\/arantv.az\/wp-content\/uploads\/2019\/04\/sened_0238-150x150.jpg",150,150,true],"medium":["https:\/\/arantv.az\/wp-content\/uploads\/2019\/04\/sened_0238-300x225.jpg",300,225,true],"large":["https:\/\/arantv.az\/wp-content\/uploads\/2019\/04\/sened_0238.jpg",640,480,false],"1536x1536":["https:\/\/arantv.az\/wp-content\/uploads\/2019\/04\/sened_0238.jpg",800,600,false],"2048x2048":["https:\/\/arantv.az\/wp-content\/uploads\/2019\/04\/sened_0238.jpg",800,600,false],"post-thumbnail":["https:\/\/arantv.az\/wp-content\/uploads\/2019\/04\/sened_0238-240x172.jpg",240,172,true],"advps-thumb-one":["https:\/\/arantv.az\/wp-content\/uploads\/2019\/04\/sened_0238.jpg",800,600,false]},"rttpg_author":{"display_name":"V\u00fcsal Rafiqo\u011flu","author_link":"https:\/\/arantv.az\/?author=2"},"rttpg_comment":0,"rttpg_category":"<a href=\"https:\/\/arantv.az\/?cat=1\" rel=\"category\">C\u0259miyy\u0259t<\/a>","rttpg_excerpt":"Az\u0259rbaycanda insan alverin\u0259 qar\u015f\u0131 m\u00fcbariz\u0259 \u00fczr\u0259 Milli F\u0259aliyy\u0259t Plan\u0131n\u0131n layih\u0259si h\u00f6kum\u0259t\u0259 t\u0259qdim edilib. ARANTV.AZ\u00a0\u00a0Trend-\u0259 istinad\u0259n x\u0259b\u0259r verir ki, bu, \u0130nsan alverin\u0259 qar\u015f\u0131 m\u00fcbariz\u0259 \u00fczr\u0259 Milli Koordinatorunun &#8220;Az\u0259rbaycanda insan alverin\u0259 qar\u015f\u0131 m\u00fcbariz\u0259y\u0259 dair&#8221; illik m\u0259lumat\u0131nda qeyd edilib. Sayca 3-c\u00fc Milli F\u0259aliyy\u0259t Plan\u0131n\u0131n icra m\u00fcdd\u0259tinin 2018-ci ild\u0259 ba\u015fa \u00e7atmas\u0131 n\u0259z\u0259r\u0259 al\u0131naraq, insan alverin\u0259 qar\u015f\u0131 m\u00fcbariz\u0259nin davaml\u0131l\u0131\u011f\u0131n\u0131n t\u0259min&hellip;","_links":{"self":[{"href":"https:\/\/arantv.az\/index.php?rest_route=\/wp\/v2\/posts\/53960"}],"collection":[{"href":"https:\/\/arantv.az\/index.php?rest_route=\/wp\/v2\/posts"}],"about":[{"href":"https:\/\/arantv.az\/index.php?rest_route=\/wp\/v2\/types\/post"}],"author":[{"embeddable":true,"href":"https:\/\/arantv.az\/index.php?rest_route=\/wp\/v2\/users\/2"}],"replies":[{"embeddable":true,"href":"https:\/\/arantv.az\/index.php?rest_route=%2Fwp%2Fv2%2Fcomments&post=53960"}],"version-history":[{"count":0,"href":"https:\/\/arantv.az\/index.php?rest_route=\/wp\/v2\/posts\/53960\/revisions"}],"wp:featuredmedia":[{"embeddable":true,"href":"https:\/\/arantv.az\/index.php?rest_route=\/wp\/v2\/media\/53961"}],"wp:attachment":[{"href":"https:\/\/arantv.az\/index.php?rest_route=%2Fwp%2Fv2%2Fmedia&parent=53960"}],"wp:term":[{"taxonomy":"category","embeddable":true,"href":"https:\/\/arantv.az\/index.php?rest_route=%2Fwp%2Fv2%2Fcategories&post=53960"},{"taxonomy":"post_tag","embeddable":true,"href":"https:\/\/arantv.az\/index.php?rest_route=%2Fwp%2Fv2%2Ftags&post=53960"}],"curies":[{"name":"wp","href":"https:\/\/api.w.org\/{rel}","templated":true}]}}