{"id":539603,"date":"2022-11-29T19:14:34","date_gmt":"2022-11-29T16:14:34","guid":{"rendered":"https:\/\/arantv.az\/?p=539603"},"modified":"2022-11-29T19:14:34","modified_gmt":"2022-11-29T16:14:34","slug":"v%c9%99t%c9%99n-muharib%c9%99sind%c9%99n-b%c9%99hs-ed%c9%99n-filmin-isci-materialini-yayanlar-m%c9%99hk%c9%99m%c9%99y%c9%99-veril%c9%99-bil%c9%99r","status":"publish","type":"post","link":"https:\/\/arantv.az\/?p=539603","title":{"rendered":"V\u0259t\u0259n m\u00fcharib\u0259sind\u0259n b\u0259hs ed\u0259n filmin i\u015f\u00e7i material\u0131n\u0131 yayanlar m\u0259hk\u0259m\u0259y\u0259 veril\u0259 bil\u0259r"},"content":{"rendered":"<p>Xalq artisti Vaqif Mustafayevin V\u0259t\u0259n m\u00fcharib\u0259sind\u0259n b\u0259hs etdiyi \u201cH\u0259yat, dey\u0259s\u0259n, g\u00f6z\u0259ldir\u201d filminin i\u015f\u00e7i material\u0131 yay\u0131l\u0131b.<\/p>\n<p>\u00d6t\u0259n g\u00fcn bununla ba\u011fl\u0131 M\u0259d\u0259niyy\u0259t Nazirliyind\u0259n bildirilib ki, haz\u0131rda bu istiqam\u0259td\u0259 ara\u015fd\u0131rma gedir.<\/p>\n<p>S\u00f6z\u00fcged\u0259n m\u00f6vzu il\u0259 ba\u011fl\u0131 \u201cAz\u0259rbaycanfilm\u201d kinostudiyas\u0131n\u0131n m\u0259tbuat katibi Ramil \u018fl\u0259kb\u0259rov\u00a0APA-n\u0131n sor\u011fusuna cavab olaraq bildirib ki, filmin sosial \u015f\u0259b\u0259k\u0259d\u0259 yay\u0131m\u0131n\u0131n qar\u015f\u0131s\u0131 al\u0131n\u0131b v\u0259 \u015f\u0259b\u0259k\u0259d\u0259n sildirilib.<\/p>\n<p>\u201cAmma h\u0259min pirat n\u00fcsx\u0259nin ilk olaraq kim v\u0259 ya kiml\u0259r t\u0259r\u0259find\u0259n yay\u0131ld\u0131\u011f\u0131 m\u0259lum deyil, bu istiqam\u0259td\u0259 i\u015fl\u0259r apar\u0131l\u0131r. \u0130st\u0259nil\u0259n halda, bu, \u0259m\u0259y\u0259 h\u00f6rm\u0259tsizlikdir. \u018fg\u0259r bu istiqam\u0259td\u0259 v\u0259ziyy\u0259t g\u0259rginl\u0259\u015f\u0259rs\u0259, \u0259lb\u0259tt\u0259, istehsal\u00e7\u0131n\u0131n, h\u00fcquq sahibinin \u00f6z h\u00fcququndan istifad\u0259 etm\u0259k m\u0259s\u0259l\u0259si yarana bil\u0259r v\u0259 m\u0259hk\u0259m\u0259y\u0259 m\u00fcraci\u0259t edil\u0259 bil\u0259r. \u018flb\u0259tt\u0259, haz\u0131rk\u0131 v\u0259ziyy\u0259t \u00f6z\u00fc bizi m\u0259yus edir. \u00c7\u00fcnki bizim m\u00fchitd\u0259 \u0259m\u0259y\u0259 h\u00f6rm\u0259tin, m\u00fclkiyy\u0259t v\u0259 m\u00fc\u0259lliflik h\u00fcququnun say\u011f\u0131n\u0131n s\u0259viyy\u0259si artmal\u0131d\u0131r. Bu is\u0259 m\u0259d\u0259ni s\u0259viyy\u0259d\u0259n x\u0259b\u0259r verir\u201d, &#8211; o deyib.<\/p>\n","protected":false},"excerpt":{"rendered":"<p>Xalq artisti Vaqif Mustafayevin V\u0259t\u0259n m\u00fcharib\u0259sind\u0259n b\u0259hs etdiyi \u201cH\u0259yat, dey\u0259s\u0259n, g\u00f6z\u0259ldir\u201d filminin i\u015f\u00e7i material\u0131 yay\u0131l\u0131b. \u00d6t\u0259n g\u00fcn bununla ba\u011fl\u0131 M\u0259d\u0259niyy\u0259t Nazirliyind\u0259n bildirilib ki, haz\u0131rda bu istiqam\u0259td\u0259 ara\u015fd\u0131rma gedir. S\u00f6z\u00fcged\u0259n m\u00f6vzu il\u0259 ba\u011fl\u0131 \u201cAz\u0259rbaycanfilm\u201d kinostudiyas\u0131n\u0131n m\u0259tbuat katibi Ramil \u018fl\u0259kb\u0259rov\u00a0APA-n\u0131n sor\u011fusuna cavab olaraq bildirib ki, filmin sosial \u015f\u0259b\u0259k\u0259d\u0259 yay\u0131m\u0131n\u0131n qar\u015f\u0131s\u0131 al\u0131n\u0131b v\u0259 \u015f\u0259b\u0259k\u0259d\u0259n sildirilib. \u201cAmma h\u0259min pirat n\u00fcsx\u0259nin ilk olaraq kim v\u0259 ya kiml\u0259r t\u0259r\u0259find\u0259n yay\u0131ld\u0131\u011f\u0131 m\u0259lum deyil, bu istiqam\u0259td\u0259 i\u015fl\u0259r apar\u0131l\u0131r. \u0130st\u0259nil\u0259n halda, bu, \u0259m\u0259y\u0259 h\u00f6rm\u0259tsizlikdir. \u018fg\u0259r bu istiqam\u0259td\u0259 v\u0259ziyy\u0259t g\u0259rginl\u0259\u015f\u0259rs\u0259, \u0259lb\u0259tt\u0259, istehsal\u00e7\u0131n\u0131n, h\u00fcquq sahibinin \u00f6z h\u00fcququndan istifad\u0259 etm\u0259k m\u0259s\u0259l\u0259si yarana&hellip;<\/p>\n","protected":false},"author":2,"featured_media":539604,"comment_status":"closed","ping_status":"closed","sticky":false,"template":"","format":"standard","meta":{"om_disable_all_campaigns":false,"_monsterinsights_skip_tracking":false,"_monsterinsights_sitenote_active":false,"_monsterinsights_sitenote_note":"","_monsterinsights_sitenote_category":0},"categories":[1],"tags":[],"aioseo_notices":[],"gutentor_comment":0,"rttpg_featured_image_url":{"full":["https:\/\/arantv.az\/wp-content\/uploads\/2022\/11\/FotoJet-2022-11-29T181641.579.jpg",620,413,false],"landscape":["https:\/\/arantv.az\/wp-content\/uploads\/2022\/11\/FotoJet-2022-11-29T181641.579.jpg",620,413,false],"portraits":["https:\/\/arantv.az\/wp-content\/uploads\/2022\/11\/FotoJet-2022-11-29T181641.579.jpg",620,413,false],"thumbnail":["https:\/\/arantv.az\/wp-content\/uploads\/2022\/11\/FotoJet-2022-11-29T181641.579-500x280.jpg",500,280,true],"medium":["https:\/\/arantv.az\/wp-content\/uploads\/2022\/11\/FotoJet-2022-11-29T181641.579-548x365.jpg",548,365,true],"large":["https:\/\/arantv.az\/wp-content\/uploads\/2022\/11\/FotoJet-2022-11-29T181641.579.jpg",620,413,false],"1536x1536":["https:\/\/arantv.az\/wp-content\/uploads\/2022\/11\/FotoJet-2022-11-29T181641.579.jpg",620,413,false],"2048x2048":["https:\/\/arantv.az\/wp-content\/uploads\/2022\/11\/FotoJet-2022-11-29T181641.579.jpg",620,413,false],"post-thumbnail":["https:\/\/arantv.az\/wp-content\/uploads\/2022\/11\/FotoJet-2022-11-29T181641.579-240x172.jpg",240,172,true],"advps-thumb-one":["https:\/\/arantv.az\/wp-content\/uploads\/2022\/11\/FotoJet-2022-11-29T181641.579.jpg",620,413,false]},"rttpg_author":{"display_name":"V\u00fcsal Rafiqo\u011flu","author_link":"https:\/\/arantv.az\/?author=2"},"rttpg_comment":0,"rttpg_category":"<a href=\"https:\/\/arantv.az\/?cat=1\" rel=\"category\">C\u0259miyy\u0259t<\/a>","rttpg_excerpt":"Xalq artisti Vaqif Mustafayevin V\u0259t\u0259n m\u00fcharib\u0259sind\u0259n b\u0259hs etdiyi \u201cH\u0259yat, dey\u0259s\u0259n, g\u00f6z\u0259ldir\u201d filminin i\u015f\u00e7i material\u0131 yay\u0131l\u0131b. \u00d6t\u0259n g\u00fcn bununla ba\u011fl\u0131 M\u0259d\u0259niyy\u0259t Nazirliyind\u0259n bildirilib ki, haz\u0131rda bu istiqam\u0259td\u0259 ara\u015fd\u0131rma gedir. S\u00f6z\u00fcged\u0259n m\u00f6vzu il\u0259 ba\u011fl\u0131 \u201cAz\u0259rbaycanfilm\u201d kinostudiyas\u0131n\u0131n m\u0259tbuat katibi Ramil \u018fl\u0259kb\u0259rov\u00a0APA-n\u0131n sor\u011fusuna cavab olaraq bildirib ki, filmin sosial \u015f\u0259b\u0259k\u0259d\u0259 yay\u0131m\u0131n\u0131n qar\u015f\u0131s\u0131 al\u0131n\u0131b v\u0259 \u015f\u0259b\u0259k\u0259d\u0259n sildirilib. \u201cAmma h\u0259min pirat&hellip;","_links":{"self":[{"href":"https:\/\/arantv.az\/index.php?rest_route=\/wp\/v2\/posts\/539603"}],"collection":[{"href":"https:\/\/arantv.az\/index.php?rest_route=\/wp\/v2\/posts"}],"about":[{"href":"https:\/\/arantv.az\/index.php?rest_route=\/wp\/v2\/types\/post"}],"author":[{"embeddable":true,"href":"https:\/\/arantv.az\/index.php?rest_route=\/wp\/v2\/users\/2"}],"replies":[{"embeddable":true,"href":"https:\/\/arantv.az\/index.php?rest_route=%2Fwp%2Fv2%2Fcomments&post=539603"}],"version-history":[{"count":0,"href":"https:\/\/arantv.az\/index.php?rest_route=\/wp\/v2\/posts\/539603\/revisions"}],"wp:featuredmedia":[{"embeddable":true,"href":"https:\/\/arantv.az\/index.php?rest_route=\/wp\/v2\/media\/539604"}],"wp:attachment":[{"href":"https:\/\/arantv.az\/index.php?rest_route=%2Fwp%2Fv2%2Fmedia&parent=539603"}],"wp:term":[{"taxonomy":"category","embeddable":true,"href":"https:\/\/arantv.az\/index.php?rest_route=%2Fwp%2Fv2%2Fcategories&post=539603"},{"taxonomy":"post_tag","embeddable":true,"href":"https:\/\/arantv.az\/index.php?rest_route=%2Fwp%2Fv2%2Ftags&post=539603"}],"curies":[{"name":"wp","href":"https:\/\/api.w.org\/{rel}","templated":true}]}}