{"id":539606,"date":"2022-11-29T19:15:54","date_gmt":"2022-11-29T16:15:54","guid":{"rendered":"https:\/\/arantv.az\/?p=539606"},"modified":"2022-11-29T19:15:54","modified_gmt":"2022-11-29T16:15:54","slug":"milli-m%c9%99clisin-parlamentl%c9%99rarasi-%c9%99laq%c9%99l%c9%99r-uzr%c9%99-isci-qruplarinin-sayi-artirilir-siyahi","status":"publish","type":"post","link":"https:\/\/arantv.az\/?p=539606","title":{"rendered":"Milli M\u0259clisin parlamentl\u0259raras\u0131 \u0259laq\u0259l\u0259r \u00fczr\u0259 i\u015f\u00e7i qruplar\u0131n\u0131n say\u0131 art\u0131r\u0131l\u0131r &#8211; S\u0130YAHI"},"content":{"rendered":"<p>Milli M\u0259clisin parlamentl\u0259raras\u0131 \u0259laq\u0259l\u0259r \u00fczr\u0259 i\u015f\u00e7i qruplar\u0131n\u0131n say\u0131 art\u0131r\u0131l\u0131r.<\/p>\n<p>Report\u201dun x\u0259b\u0259rin\u0259 g\u00f6r\u0259, bununla ba\u011fl\u0131 \u201cAz\u0259rbaycan Respublikas\u0131 Milli M\u0259clisinin parlamentl\u0259raras\u0131 \u0259laq\u0259l\u0259r \u00fczr\u0259 i\u015f\u00e7i qruplar\u0131n\u0131n r\u0259hb\u0259rl\u0259rinin se\u00e7ilm\u0259si haqq\u0131nda\u201d Milli M\u0259clisin q\u0259rar\u0131nda d\u0259yi\u015fiklikl\u0259r edilm\u0259si bar\u0259d\u0259\u201d q\u0259rar layih\u0259si parlamentin Beyn\u0259lxalq m\u00fcnasib\u0259tl\u0259r v\u0259 parlamentl\u0259raras\u0131 \u0259laq\u0259l\u0259r komit\u0259sinin \u00f6t\u0259n g\u00fcn ke\u00e7iril\u0259n onlayn iclas\u0131nda m\u00fczakir\u0259y\u0259 \u00e7\u0131xar\u0131l\u0131b.<\/p>\n<p>Layih\u0259y\u0259 \u0259sas\u0259n, Az\u0259rbaycan-Banqlade\u015f, Az\u0259rbaycan-Burundi, Az\u0259rbaycan-Efiopiya, Az\u0259rbaycan-Honduras, Az\u0259rbaycan-Kamerun, Az\u0259rbaycan-Qvatemela, Az\u0259rbaycan-Livan, Az\u0259rbaycan-Nepal, Az\u0259rbaycan-Nigeriya, Az\u0259rbaycan-Panama, Az\u0259rbaycan-Sudan v\u0259 Az\u0259rbaycan-Zimbabve parlamentl\u0259raras\u0131 \u0259laq\u0259l\u0259r \u00fczr\u0259 i\u015f\u00e7i qruplar\u0131 yarad\u0131lacaq.<\/p>\n<p>S\u0259n\u0259d layih\u0259si Milli M\u0259clisin plenar iclas\u0131na t\u00f6vsiy\u0259 olunub.<\/p>\n","protected":false},"excerpt":{"rendered":"<p>Milli M\u0259clisin parlamentl\u0259raras\u0131 \u0259laq\u0259l\u0259r \u00fczr\u0259 i\u015f\u00e7i qruplar\u0131n\u0131n say\u0131 art\u0131r\u0131l\u0131r. Report\u201dun x\u0259b\u0259rin\u0259 g\u00f6r\u0259, bununla ba\u011fl\u0131 \u201cAz\u0259rbaycan Respublikas\u0131 Milli M\u0259clisinin parlamentl\u0259raras\u0131 \u0259laq\u0259l\u0259r \u00fczr\u0259 i\u015f\u00e7i qruplar\u0131n\u0131n r\u0259hb\u0259rl\u0259rinin se\u00e7ilm\u0259si haqq\u0131nda\u201d Milli M\u0259clisin q\u0259rar\u0131nda d\u0259yi\u015fiklikl\u0259r edilm\u0259si bar\u0259d\u0259\u201d q\u0259rar layih\u0259si parlamentin Beyn\u0259lxalq m\u00fcnasib\u0259tl\u0259r v\u0259 parlamentl\u0259raras\u0131 \u0259laq\u0259l\u0259r komit\u0259sinin \u00f6t\u0259n g\u00fcn ke\u00e7iril\u0259n onlayn iclas\u0131nda m\u00fczakir\u0259y\u0259 \u00e7\u0131xar\u0131l\u0131b. Layih\u0259y\u0259 \u0259sas\u0259n, Az\u0259rbaycan-Banqlade\u015f, Az\u0259rbaycan-Burundi, Az\u0259rbaycan-Efiopiya, Az\u0259rbaycan-Honduras, Az\u0259rbaycan-Kamerun, Az\u0259rbaycan-Qvatemela, Az\u0259rbaycan-Livan, Az\u0259rbaycan-Nepal, Az\u0259rbaycan-Nigeriya, Az\u0259rbaycan-Panama, Az\u0259rbaycan-Sudan v\u0259 Az\u0259rbaycan-Zimbabve parlamentl\u0259raras\u0131 \u0259laq\u0259l\u0259r \u00fczr\u0259 i\u015f\u00e7i qruplar\u0131 yarad\u0131lacaq. S\u0259n\u0259d layih\u0259si Milli M\u0259clisin plenar iclas\u0131na t\u00f6vsiy\u0259 olunub.<\/p>\n","protected":false},"author":2,"featured_media":479524,"comment_status":"closed","ping_status":"closed","sticky":false,"template":"","format":"standard","meta":{"om_disable_all_campaigns":false,"_monsterinsights_skip_tracking":false,"_monsterinsights_sitenote_active":false,"_monsterinsights_sitenote_note":"","_monsterinsights_sitenote_category":0},"categories":[4],"tags":[],"aioseo_notices":[],"gutentor_comment":0,"rttpg_featured_image_url":{"full":["https:\/\/arantv.az\/wp-content\/uploads\/2022\/05\/milli_meclis_021.jpg",800,600,false],"landscape":["https:\/\/arantv.az\/wp-content\/uploads\/2022\/05\/milli_meclis_021.jpg",800,600,false],"portraits":["https:\/\/arantv.az\/wp-content\/uploads\/2022\/05\/milli_meclis_021.jpg",800,600,false],"thumbnail":["https:\/\/arantv.az\/wp-content\/uploads\/2022\/05\/milli_meclis_021-500x280.jpg",500,280,true],"medium":["https:\/\/arantv.az\/wp-content\/uploads\/2022\/05\/milli_meclis_021-487x365.jpg",487,365,true],"large":["https:\/\/arantv.az\/wp-content\/uploads\/2022\/05\/milli_meclis_021.jpg",640,480,false],"1536x1536":["https:\/\/arantv.az\/wp-content\/uploads\/2022\/05\/milli_meclis_021.jpg",800,600,false],"2048x2048":["https:\/\/arantv.az\/wp-content\/uploads\/2022\/05\/milli_meclis_021.jpg",800,600,false],"post-thumbnail":["https:\/\/arantv.az\/wp-content\/uploads\/2022\/05\/milli_meclis_021-240x172.jpg",240,172,true],"advps-thumb-one":["https:\/\/arantv.az\/wp-content\/uploads\/2022\/05\/milli_meclis_021.jpg",800,600,false]},"rttpg_author":{"display_name":"V\u00fcsal Rafiqo\u011flu","author_link":"https:\/\/arantv.az\/?author=2"},"rttpg_comment":0,"rttpg_category":"<a href=\"https:\/\/arantv.az\/?cat=4\" rel=\"category\">Siyas\u0259t<\/a>","rttpg_excerpt":"Milli M\u0259clisin parlamentl\u0259raras\u0131 \u0259laq\u0259l\u0259r \u00fczr\u0259 i\u015f\u00e7i qruplar\u0131n\u0131n say\u0131 art\u0131r\u0131l\u0131r. Report\u201dun x\u0259b\u0259rin\u0259 g\u00f6r\u0259, bununla ba\u011fl\u0131 \u201cAz\u0259rbaycan Respublikas\u0131 Milli M\u0259clisinin parlamentl\u0259raras\u0131 \u0259laq\u0259l\u0259r \u00fczr\u0259 i\u015f\u00e7i qruplar\u0131n\u0131n r\u0259hb\u0259rl\u0259rinin se\u00e7ilm\u0259si haqq\u0131nda\u201d Milli M\u0259clisin q\u0259rar\u0131nda d\u0259yi\u015fiklikl\u0259r edilm\u0259si bar\u0259d\u0259\u201d q\u0259rar layih\u0259si parlamentin Beyn\u0259lxalq m\u00fcnasib\u0259tl\u0259r v\u0259 parlamentl\u0259raras\u0131 \u0259laq\u0259l\u0259r komit\u0259sinin \u00f6t\u0259n g\u00fcn ke\u00e7iril\u0259n onlayn iclas\u0131nda m\u00fczakir\u0259y\u0259 \u00e7\u0131xar\u0131l\u0131b. Layih\u0259y\u0259 \u0259sas\u0259n, Az\u0259rbaycan-Banqlade\u015f, Az\u0259rbaycan-Burundi, Az\u0259rbaycan-Efiopiya, Az\u0259rbaycan-Honduras, Az\u0259rbaycan-Kamerun,&hellip;","_links":{"self":[{"href":"https:\/\/arantv.az\/index.php?rest_route=\/wp\/v2\/posts\/539606"}],"collection":[{"href":"https:\/\/arantv.az\/index.php?rest_route=\/wp\/v2\/posts"}],"about":[{"href":"https:\/\/arantv.az\/index.php?rest_route=\/wp\/v2\/types\/post"}],"author":[{"embeddable":true,"href":"https:\/\/arantv.az\/index.php?rest_route=\/wp\/v2\/users\/2"}],"replies":[{"embeddable":true,"href":"https:\/\/arantv.az\/index.php?rest_route=%2Fwp%2Fv2%2Fcomments&post=539606"}],"version-history":[{"count":0,"href":"https:\/\/arantv.az\/index.php?rest_route=\/wp\/v2\/posts\/539606\/revisions"}],"wp:featuredmedia":[{"embeddable":true,"href":"https:\/\/arantv.az\/index.php?rest_route=\/wp\/v2\/media\/479524"}],"wp:attachment":[{"href":"https:\/\/arantv.az\/index.php?rest_route=%2Fwp%2Fv2%2Fmedia&parent=539606"}],"wp:term":[{"taxonomy":"category","embeddable":true,"href":"https:\/\/arantv.az\/index.php?rest_route=%2Fwp%2Fv2%2Fcategories&post=539606"},{"taxonomy":"post_tag","embeddable":true,"href":"https:\/\/arantv.az\/index.php?rest_route=%2Fwp%2Fv2%2Ftags&post=539606"}],"curies":[{"name":"wp","href":"https:\/\/api.w.org\/{rel}","templated":true}]}}