{"id":539608,"date":"2022-11-29T19:16:45","date_gmt":"2022-11-29T16:16:45","guid":{"rendered":"https:\/\/arantv.az\/?p=539608"},"modified":"2022-11-29T19:16:45","modified_gmt":"2022-11-29T16:16:45","slug":"%c9%99li-%c9%99s%c9%99dov-tataristan-prezidenti-il%c9%99-gorusdu","status":"publish","type":"post","link":"https:\/\/arantv.az\/?p=539608","title":{"rendered":"\u018fli \u018fs\u0259dov Tatar\u0131stan Prezidenti il\u0259 g\u00f6r\u00fc\u015fd\u00fc"},"content":{"rendered":"<p>Az\u0259rbaycan\u0131n Ba\u015f naziri \u018fli \u018fs\u0259dov \u00f6lk\u0259d\u0259 s\u0259f\u0259rd\u0259 olan Tatar\u0131stan Prezidenti R\u00fcst\u0259m Minnixanov il\u0259 g\u00f6r\u00fc\u015f\u00fcb.<\/p>\n<div class=\"AdviadNativeVideo\"><\/div>\n<p>Bu bar\u0259d\u0259\u00a0Nazirl\u0259r Kabineti m\u0259lumat yay\u0131b.<\/p>\n<p>G\u00f6r\u00fc\u015fd\u0259 Az\u0259rbaycan il\u0259 Tatar\u0131stan aras\u0131nda m\u00fcxt\u0259lif sah\u0259l\u0259rd\u0259 \u0259laq\u0259l\u0259rin inki\u015faf\u0131ndan m\u0259mnunluq bildirilib, qar\u015f\u0131l\u0131ql\u0131 maraq do\u011furan istiqam\u0259tl\u0259r \u00fczr\u0259 ikit\u0259r\u0259fli \u0259laq\u0259l\u0259rin perspektivl\u0259ri m\u00fczakir\u0259 edilib.<\/p>\n<p>R\u00fcst\u0259m Minnixanovun s\u0259f\u0259ri \u00e7\u0259r\u00e7iv\u0259sind\u0259 Bak\u0131da ke\u00e7irilmi\u015f Az\u0259rbaycan-Tatar\u0131stan i\u015fg\u00fczar forumunun \u0259h\u0259miyy\u0259ti vur\u011fulan\u0131b. T\u0259r\u0259fl\u0259r \u0259min olduqlar\u0131n\u0131 bildiribl\u0259r ki, Az\u0259rbaycan il\u0259 Tatar\u0131stan aras\u0131nda \u0259m\u0259kda\u015fl\u0131q bundan sonra da qar\u015f\u0131l\u0131ql\u0131 faydal\u0131 Az\u0259rbaycan-Rusiya t\u0259r\u0259fda\u015fl\u0131\u011f\u0131n\u0131n daha da m\u00f6hk\u0259ml\u0259nm\u0259sin\u0259 \u015f\u0259rait yaradacaq.<\/p>\n","protected":false},"excerpt":{"rendered":"<p>Az\u0259rbaycan\u0131n Ba\u015f naziri \u018fli \u018fs\u0259dov \u00f6lk\u0259d\u0259 s\u0259f\u0259rd\u0259 olan Tatar\u0131stan Prezidenti R\u00fcst\u0259m Minnixanov il\u0259 g\u00f6r\u00fc\u015f\u00fcb. Bu bar\u0259d\u0259\u00a0Nazirl\u0259r Kabineti m\u0259lumat yay\u0131b. G\u00f6r\u00fc\u015fd\u0259 Az\u0259rbaycan il\u0259 Tatar\u0131stan aras\u0131nda m\u00fcxt\u0259lif sah\u0259l\u0259rd\u0259 \u0259laq\u0259l\u0259rin inki\u015faf\u0131ndan m\u0259mnunluq bildirilib, qar\u015f\u0131l\u0131ql\u0131 maraq do\u011furan istiqam\u0259tl\u0259r \u00fczr\u0259 ikit\u0259r\u0259fli \u0259laq\u0259l\u0259rin perspektivl\u0259ri m\u00fczakir\u0259 edilib. R\u00fcst\u0259m Minnixanovun s\u0259f\u0259ri \u00e7\u0259r\u00e7iv\u0259sind\u0259 Bak\u0131da ke\u00e7irilmi\u015f Az\u0259rbaycan-Tatar\u0131stan i\u015fg\u00fczar forumunun \u0259h\u0259miyy\u0259ti vur\u011fulan\u0131b. T\u0259r\u0259fl\u0259r \u0259min olduqlar\u0131n\u0131 bildiribl\u0259r ki, Az\u0259rbaycan il\u0259 Tatar\u0131stan aras\u0131nda \u0259m\u0259kda\u015fl\u0131q bundan sonra da qar\u015f\u0131l\u0131ql\u0131 faydal\u0131 Az\u0259rbaycan-Rusiya t\u0259r\u0259fda\u015fl\u0131\u011f\u0131n\u0131n daha da m\u00f6hk\u0259ml\u0259nm\u0259sin\u0259 \u015f\u0259rait yaradacaq.<\/p>\n","protected":false},"author":2,"featured_media":539609,"comment_status":"closed","ping_status":"closed","sticky":false,"template":"","format":"standard","meta":{"om_disable_all_campaigns":false,"_monsterinsights_skip_tracking":false,"_monsterinsights_sitenote_active":false,"_monsterinsights_sitenote_note":"","_monsterinsights_sitenote_category":0},"categories":[4],"tags":[],"aioseo_notices":[],"gutentor_comment":0,"rttpg_featured_image_url":{"full":["https:\/\/arantv.az\/wp-content\/uploads\/2022\/11\/FotoJet-2022-11-29T184556.185.jpg",620,413,false],"landscape":["https:\/\/arantv.az\/wp-content\/uploads\/2022\/11\/FotoJet-2022-11-29T184556.185.jpg",620,413,false],"portraits":["https:\/\/arantv.az\/wp-content\/uploads\/2022\/11\/FotoJet-2022-11-29T184556.185.jpg",620,413,false],"thumbnail":["https:\/\/arantv.az\/wp-content\/uploads\/2022\/11\/FotoJet-2022-11-29T184556.185-500x280.jpg",500,280,true],"medium":["https:\/\/arantv.az\/wp-content\/uploads\/2022\/11\/FotoJet-2022-11-29T184556.185-548x365.jpg",548,365,true],"large":["https:\/\/arantv.az\/wp-content\/uploads\/2022\/11\/FotoJet-2022-11-29T184556.185.jpg",620,413,false],"1536x1536":["https:\/\/arantv.az\/wp-content\/uploads\/2022\/11\/FotoJet-2022-11-29T184556.185.jpg",620,413,false],"2048x2048":["https:\/\/arantv.az\/wp-content\/uploads\/2022\/11\/FotoJet-2022-11-29T184556.185.jpg",620,413,false],"post-thumbnail":["https:\/\/arantv.az\/wp-content\/uploads\/2022\/11\/FotoJet-2022-11-29T184556.185-240x172.jpg",240,172,true],"advps-thumb-one":["https:\/\/arantv.az\/wp-content\/uploads\/2022\/11\/FotoJet-2022-11-29T184556.185.jpg",620,413,false]},"rttpg_author":{"display_name":"V\u00fcsal Rafiqo\u011flu","author_link":"https:\/\/arantv.az\/?author=2"},"rttpg_comment":0,"rttpg_category":"<a href=\"https:\/\/arantv.az\/?cat=4\" rel=\"category\">Siyas\u0259t<\/a>","rttpg_excerpt":"Az\u0259rbaycan\u0131n Ba\u015f naziri \u018fli \u018fs\u0259dov \u00f6lk\u0259d\u0259 s\u0259f\u0259rd\u0259 olan Tatar\u0131stan Prezidenti R\u00fcst\u0259m Minnixanov il\u0259 g\u00f6r\u00fc\u015f\u00fcb. Bu bar\u0259d\u0259\u00a0Nazirl\u0259r Kabineti m\u0259lumat yay\u0131b. G\u00f6r\u00fc\u015fd\u0259 Az\u0259rbaycan il\u0259 Tatar\u0131stan aras\u0131nda m\u00fcxt\u0259lif sah\u0259l\u0259rd\u0259 \u0259laq\u0259l\u0259rin inki\u015faf\u0131ndan m\u0259mnunluq bildirilib, qar\u015f\u0131l\u0131ql\u0131 maraq do\u011furan istiqam\u0259tl\u0259r \u00fczr\u0259 ikit\u0259r\u0259fli \u0259laq\u0259l\u0259rin perspektivl\u0259ri m\u00fczakir\u0259 edilib. R\u00fcst\u0259m Minnixanovun s\u0259f\u0259ri \u00e7\u0259r\u00e7iv\u0259sind\u0259 Bak\u0131da ke\u00e7irilmi\u015f Az\u0259rbaycan-Tatar\u0131stan i\u015fg\u00fczar forumunun \u0259h\u0259miyy\u0259ti vur\u011fulan\u0131b. T\u0259r\u0259fl\u0259r \u0259min olduqlar\u0131n\u0131 bildiribl\u0259r&hellip;","_links":{"self":[{"href":"https:\/\/arantv.az\/index.php?rest_route=\/wp\/v2\/posts\/539608"}],"collection":[{"href":"https:\/\/arantv.az\/index.php?rest_route=\/wp\/v2\/posts"}],"about":[{"href":"https:\/\/arantv.az\/index.php?rest_route=\/wp\/v2\/types\/post"}],"author":[{"embeddable":true,"href":"https:\/\/arantv.az\/index.php?rest_route=\/wp\/v2\/users\/2"}],"replies":[{"embeddable":true,"href":"https:\/\/arantv.az\/index.php?rest_route=%2Fwp%2Fv2%2Fcomments&post=539608"}],"version-history":[{"count":0,"href":"https:\/\/arantv.az\/index.php?rest_route=\/wp\/v2\/posts\/539608\/revisions"}],"wp:featuredmedia":[{"embeddable":true,"href":"https:\/\/arantv.az\/index.php?rest_route=\/wp\/v2\/media\/539609"}],"wp:attachment":[{"href":"https:\/\/arantv.az\/index.php?rest_route=%2Fwp%2Fv2%2Fmedia&parent=539608"}],"wp:term":[{"taxonomy":"category","embeddable":true,"href":"https:\/\/arantv.az\/index.php?rest_route=%2Fwp%2Fv2%2Fcategories&post=539608"},{"taxonomy":"post_tag","embeddable":true,"href":"https:\/\/arantv.az\/index.php?rest_route=%2Fwp%2Fv2%2Ftags&post=539608"}],"curies":[{"name":"wp","href":"https:\/\/api.w.org\/{rel}","templated":true}]}}