{"id":539615,"date":"2022-11-29T19:19:12","date_gmt":"2022-11-29T16:19:12","guid":{"rendered":"https:\/\/arantv.az\/?p=539615"},"modified":"2022-11-29T19:19:12","modified_gmt":"2022-11-29T16:19:12","slug":"xin-mirzoyanin-s%c9%99sl%c9%99ndirdiyi-iddialara-munasib%c9%99t-bildirdi","status":"publish","type":"post","link":"https:\/\/arantv.az\/?p=539615","title":{"rendered":"X\u0130N Mirzoyan\u0131n s\u0259sl\u0259ndirdiyi iddialara m\u00fcnasib\u0259t bildirdi"},"content":{"rendered":"<p>Erm\u0259nistan\u0131n xarici i\u015fl\u0259r naziri Ararat Mirzoyan\u0131n 28 noyabr 2022-ci il tarixind\u0259 \u201cArmenpress\u201d x\u0259b\u0259r agentliyin\u0259 m\u00fcsahib\u0259si zaman\u0131 Az\u0259rbaycanla Erm\u0259nistan aras\u0131nda dan\u0131\u015f\u0131qlar\u0131n mahiyy\u0259tini, s\u00fclh m\u00fcqavil\u0259sinin haz\u0131rlanmas\u0131, delimitasiya prosesi, mina t\u0259hdidi, habel\u0259 \u0259razi b\u00fct\u00f6vl\u00fcy\u00fcn\u00fcn tan\u0131nmas\u0131 kimi m\u0259s\u0259l\u0259l\u0259r \u00fczr\u0259 fikirl\u0259ri yanl\u0131\u015f m\u0259craya y\u00f6n\u0259ltm\u0259k v\u0259 t\u0259hrif etm\u0259k c\u0259hdi tamamil\u0259 \u0259sass\u0131zd\u0131r v\u0259 q\u0259buledilm\u0259zdir.<\/p>\n<p><b>ARANTV.AZ <\/b>x\u0259b\u0259r verir ki, bu bar\u0259d\u0259 X\u0130N-in M\u0259tbuat xidm\u0259ti idar\u0259sinin r\u0259isi Ayxan Hac\u0131zad\u0259 bildirib.<\/p>\n<div class=\"AdviadNativeVideo\"><\/div>\n<p>&#8211; Az\u0259rbaycan v\u0259 Erm\u0259nistan liderl\u0259ri aras\u0131nda n\u00f6vb\u0259ti g\u00f6r\u00fc\u015fd\u0259 i\u015ftirak \u00fc\u00e7\u00fcn Erm\u0259nistan t\u0259r\u0259find\u0259n \u015f\u0259rt ir\u0259li s\u00fcr\u00fclm\u0259si, qeyd edil\u0259n m\u00fcsahib\u0259d\u0259 bel\u0259 bir g\u00f6r\u00fc\u015f\u00fcn yaln\u0131z Fransa Prezidentinin i\u015ftirak\u0131 il\u0259 ke\u00e7iril\u0259 bil\u0259c\u0259yinin bir daha t\u0259sdiql\u0259nm\u0259si g\u00f6st\u0259rir ki, Erm\u0259nistan t\u0259r\u0259fi \u00fcz\u0259rin\u0259 g\u00f6t\u00fcrd\u00fcy\u00fc \u00f6hd\u0259likl\u0259r\u0259 sadiq deyil v\u0259 liderl\u0259r aras\u0131nda n\u00f6vb\u0259ti g\u00f6r\u00fc\u015f\u00fcn Praqada deyil, m\u0259hz 31 avqust tarixind\u0259 eyni formatl\u0131 \u00fc\u00e7t\u0259r\u0259fli g\u00f6r\u00fc\u015f\u00fcn Br\u00fcsseld\u0259 liderl\u0259r aras\u0131nda raz\u0131la\u015fd\u0131r\u0131ld\u0131\u011f\u0131n\u0131 unudub. Br\u00fcsseld\u0259 n\u00f6vb\u0259ti g\u00f6r\u00fc\u015f bar\u0259d\u0259 \u0259ld\u0259 edilmi\u015f raz\u0131l\u0131\u011fa baxmayaraq, Az\u0259rbaycan t\u0259r\u0259finin xo\u015f niyy\u0259tl\u0259 Praqada g\u00f6r\u00fc\u015f\u0259, habel\u0259 Avropa \u0130ttifaq\u0131 \u015euras\u0131n\u0131n prezidenti \u015earl Mi\u015fel il\u0259 yana\u015f\u0131 Fransa prezidentinin i\u015ftirak\u0131na raz\u0131l\u0131q verm\u0259sind\u0259n t\u0259\u0259ss\u00fcf ki, n\u00f6vb\u0259ti m\u0259rh\u0259l\u0259d\u0259 sui-istifad\u0259 edilib, Fransa t\u0259r\u0259finin obyektiv v\u0259 \u0259dal\u0259tli vasit\u0259\u00e7i olmad\u0131\u011f\u0131n\u0131 g\u00f6st\u0259rib. Erm\u0259nistan t\u0259r\u0259find\u0259n f\u0259rqli olaraq, Az\u0259rbaycan t\u0259r\u0259fi Br\u00fcsseld\u0259 \u0259ld\u0259 edilmi\u015f raz\u0131l\u0131\u011fa uy\u011fun olaraq, liderl\u0259r aras\u0131nda dan\u0131\u015f\u0131qlardan imtina etm\u0259yib v\u0259 dan\u0131\u015f\u0131qlar\u0131n davam etdirilm\u0259si \u00f6hd\u0259liyin\u0259 sadiqdir.<\/p>\n<p>&#8211; Delimitasiya prosesinin hans\u0131 \u0259sasda apar\u0131lmas\u0131 bar\u0259d\u0259 raz\u0131l\u0131\u011fa g\u0259ldikd\u0259 qeyd ed\u0259k ki, Erm\u0259nistan xarici i\u015fl\u0259r nazirinin iddias\u0131n\u0131n \u0259ksin\u0259, h\u0259m Praqa, h\u0259m d\u0259 So\u00e7i g\u00f6r\u00fc\u015f\u00fc \u00fczr\u0259 b\u0259yanatlarda delimitasiyan\u0131n BMT nizamnam\u0259sind\u0259 v\u0259 Alma-Ata b\u0259yannam\u0259sind\u0259 qeyd edildiyi kimi \u0259razi b\u00fct\u00f6vl\u00fcy\u00fcn\u00fcn v\u0259 suverenliyin qar\u015f\u0131l\u0131ql\u0131 tan\u0131nmas\u0131 \u0259sas\u0131nda h\u0259yata ke\u00e7irilm\u0259si n\u0259z\u0259rd\u0259 tutulub. \u00dcmumiyy\u0259tl\u0259, BMT nizamnam\u0259sin\u0259 v\u0259 Alma-Ata b\u0259yannam\u0259sin\u0259 istinad qeyd edil\u0259n prinsipl\u0259r kontekstind\u0259 verilib v\u0259 bu g\u00f6r\u00fc\u015fl\u0259rd\u0259 delimitasiyan\u0131n hans\u0131 x\u0259rit\u0259 \u0259sas\u0131nda h\u0259yata ke\u00e7irilm\u0259si bar\u0259d\u0259 h\u0259r hans\u0131 bir m\u00fcdd\u0259a olmad\u0131\u011f\u0131 Erm\u0259nistan t\u0259r\u0259fin\u0259 yax\u015f\u0131 m\u0259lumdur. Delimitasiya prosesi is\u0259 b\u00fct\u00fcn h\u00fcquqi \u0259h\u0259miyy\u0259ti olan s\u0259n\u0259dl\u0259rin t\u0259hlili \u0259sas\u0131nda h\u0259yata ke\u00e7irilm\u0259lidir.<\/p>\n<p>&#8211; Cari ilin sentyabr ay\u0131nda delimitasiya olunmam\u0131\u015f s\u0259rh\u0259dd\u0259 Erm\u0259nistan t\u0259r\u0259finin mina basd\u0131rmas\u0131 v\u0259 h\u0259rbi m\u00f6vqel\u0259rimiz\u0259 qar\u015f\u0131 t\u0259xribat t\u00f6r\u0259tm\u0259si n\u0259tic\u0259sind\u0259 ba\u015f vermi\u015f toqqu\u015fma n\u0259tic\u0259sind\u0259 Az\u0259rbaycan\u0131n guya Erm\u0259nistan \u0259razil\u0259rini i\u015f\u011fal etm\u0259si iddias\u0131n\u0131n he\u00e7 bir \u0259sas\u0131 yoxdur. 30 il\u0259 yax\u0131n bir d\u00f6vrd\u0259 Az\u0259rbaycan \u0259razil\u0259rini i\u015f\u011fal alt\u0131nda saxlayan, Az\u0259rbaycan\u0131n 8 k\u0259ndini h\u0259l\u0259 d\u0259 i\u015f\u011fal ed\u0259n, q\u00fcvv\u0259l\u0259rini Az\u0259rbaycan \u0259razisind\u0259n tam \u00e7\u0131xarmayan, h\u0259rbi t\u0259xribatlar\u0131n\u0131 v\u0259 mina t\u0259hdidl\u0259rini davam etdir\u0259n Erm\u0259nistan\u0131n Az\u0259rbaycan\u0131 delimitasiya edilm\u0259mi\u015f s\u0259rh\u0259dd\u0259 h\u0259r hans\u0131 m\u00f6vqe tutmaqda v\u0259 bununla komissiyan\u0131n i\u015fin\u0259 mane\u00e7ilik t\u00f6r\u0259tm\u0259kd\u0259 t\u0259qsirl\u0259ndirm\u0259si he\u00e7 bir m\u0259ntiq\u0259 s\u0131\u011fm\u0131r. 2020-ci il V\u0259t\u0259n m\u00fcharib\u0259sind\u0259n sonra \u00f6lk\u0259mizin Erm\u0259nistanla s\u0259rh\u0259dl\u0259rin delimitasiya olunmas\u0131 t\u0259klifin\u0259 uzun m\u00fcdd\u0259t he\u00e7 bir cavab verm\u0259y\u0259n t\u0259r\u0259fin m\u0259hz Erm\u0259nistan oldu\u011fu da unudulmamal\u0131d\u0131r.<\/p>\n<p>&#8211; Erm\u0259nistan xarici i\u015fl\u0259r naziri m\u00fcsahib\u0259d\u0259 Erm\u0259nistan\u0131n Az\u0259rbaycan\u0131n \u0259razi b\u00fct\u00f6vl\u00fcy\u00fcn\u00fc tan\u0131d\u0131\u011f\u0131 bar\u0259d\u0259 suala m\u00fcsb\u0259t cavab verm\u0259kd\u0259n bel\u0259 \u00e7\u0259kinib. Az\u0259rbaycan t\u0259r\u0259finin m\u00fcharib\u0259d\u0259n sonra Erm\u0259nistana t\u0259klif etdiyi v\u0259 uzun m\u00fcdd\u0259t Erm\u0259nistan\u0131n cavabs\u0131z qoydu\u011fu d\u00f6vl\u0259tl\u0259raras\u0131 m\u00fcnasib\u0259tl\u0259rin b\u0259rq\u0259rar olmas\u0131 v\u0259 s\u00fclh m\u00fcqavil\u0259si imzalanmas\u0131 \u00fc\u00e7\u00fcn be\u015f baza prinsipl\u0259rin \u0259sas\u0131nda qar\u015f\u0131l\u0131ql\u0131 \u015f\u0259kild\u0259 suverenlik v\u0259 \u0259razi b\u00fct\u00f6vl\u00fcy\u00fcn\u00fcn t\u0259sdiq olundu\u011fu Erm\u0259nistan t\u0259r\u0259fin\u0259 m\u0259lumdur. Az\u0259rbaycan \u0259razil\u0259rinin 30 il \u0259rzind\u0259 i\u015f\u011fal olunmas\u0131na v\u0259 h\u0259rbi \u0259m\u0259liyyatlar zaman\u0131 b\u00fct\u00fcn imkanlara baxmayaraq, Az\u0259rbaycan\u0131n Erm\u0259nistan \u0259razisin\u0259 h\u00fccum etm\u0259diyi d\u0259 sirr deyil. B\u00fct\u00fcn bunlar\u0131n m\u00fcqabilind\u0259, ba\u015f ver\u0259n t\u0259xribatlarda Az\u0259rbaycan\u0131n t\u0259qsirl\u0259ndirilm\u0259si tamamil\u0259 \u0259sass\u0131zd\u0131r.<\/p>\n<p>&#8211; S\u00fclh m\u00fcqavil\u0259sinin haz\u0131rlanmas\u0131 il\u0259 ba\u011fl\u0131 suala cavab\u0131nda Erm\u0259nistan naziri b\u00fct\u00fcn dig\u0259r m\u0259s\u0259l\u0259l\u0259r kimi manipulyasiyaya yol verir. Yax\u015f\u0131 olard\u0131 ki, beyn\u0259lxalq ictimaiyy\u0259t aras\u0131nda \u00e7a\u015fq\u0131nl\u0131q yaratmaq \u0259v\u0259zin\u0259, Erm\u0259nistan naziri s\u00fclh m\u00fcqavil\u0259sinin haz\u0131rlanmas\u0131 bar\u0259d\u0259 ilk t\u0259klifin kimd\u0259n g\u0259ldiyi, baza prinsipl\u0259rinin ilk olaraq kim t\u0259r\u0259find\u0259n verildiyi, s\u00fclh m\u00fcqavil\u0259sinin elementl\u0259ri \u00fczr\u0259 ilk layih\u0259nin Cenevr\u0259 g\u00f6r\u00fc\u015f\u00fcnd\u0259 kim t\u0259r\u0259find\u0259n t\u0259qdim olundu\u011fu, el\u0259c\u0259 d\u0259 h\u0259r bir layih\u0259y\u0259 Az\u0259rbaycan v\u0259 Erm\u0259nistan\u0131n hans\u0131 m\u00fcdd\u0259t \u0259rzind\u0259 r\u0259y bildirdiyi m\u0259s\u0259l\u0259sin\u0259 ayd\u0131nl\u0131q g\u0259tir\u0259rdi v\u0259 bununla daha dol\u011fun m\u0259nz\u0259r\u0259 yaranard\u0131.<\/p>\n<p>&#8211; Erm\u0259nistan t\u0259r\u0259finin birt\u0259r\u0259fli qaydada guya Az\u0259rbaycana b\u00fct\u00fcn mina x\u0259rit\u0259l\u0259rini verdiyi v\u0259 \u0259n \u00e7ox minalanman\u0131n Az\u0259rbaycan t\u0259r\u0259find\u0259n h\u0259yata ke\u00e7irildiyi bar\u0259d\u0259 tamamil\u0259 \u0259sass\u0131z iddialara g\u0259ldikd\u0259 qeyd ed\u0259k ki, 10 noyabr 2020-ci il tarixli \u00dc\u00e7t\u0259r\u0259fli b\u0259yanat\u0131n imzalanmas\u0131ndan sonra, ilk 8 ay \u0259rzind\u0259 \u00fcmumiyy\u0259tl\u0259 mina x\u0259rit\u0259l\u0259rinin olmas\u0131n\u0131 inkar ed\u0259n Erm\u0259nistan\u0131n daha sonradan beyn\u0259lxalq t\u0259zyiq n\u0259tic\u0259sind\u0259 t\u0259qdim etdiyi ki\u00e7ik qisim mina x\u0259rit\u0259l\u0259rinin etibarl\u0131l\u0131\u011f\u0131n\u0131n yaln\u0131z 25% t\u0259\u015fkil etdiyi m\u0259lumdur. Bununla yana\u015f\u0131, son mina partlay\u0131\u015flar\u0131n\u0131n t\u0259qrib\u0259n 55%-d\u0259n art\u0131q hiss\u0259sinin Erm\u0259nistan t\u0259r\u0259find\u0259n t\u0259hvil veril\u0259n x\u0259rit\u0259l\u0259rd\u0259n k\u0259nar \u0259razil\u0259rd\u0259 ba\u015f verm\u0259si v\u0259 m\u00fcharib\u0259d\u0259n sonra 268 n\u0259f\u0259rin mina qurban\u0131 olmas\u0131 b\u0259llidir. Az\u0259rbaycan \u0259razil\u0259rini 30 il i\u015f\u011fal alt\u0131nda saxlayan v\u0259 ke\u00e7mi\u015f t\u0259mas boyu \u0259razil\u0259ri tam olaraq minalayan Erm\u0259nistan\u0131n faktlar\u0131 t\u0259hrif ed\u0259r\u0259k, guya Az\u0259rbaycan\u0131n mina t\u0259hdidinin s\u0259b\u0259bkar\u0131 oldu\u011funu iddia etm\u0259si riyakarl\u0131\u011f\u0131n son h\u0259ddidir. Erm\u0259nistanda 2021-ci ild\u0259 istehsal olunmu\u015f minalar\u0131n Az\u0259rbaycan t\u0259r\u0259find\u0259n Erm\u0259nistanla s\u0259rh\u0259d \u0259razil\u0259rd\u0259n \u00e7\u0131xar\u0131laraq n\u00fcmayi\u015f etdirilm\u0259si iddias\u0131 is\u0259, \u0259n az\u0131 minalar\u0131n t\u0259mizl\u0259nm\u0259si i\u015finin delimitasiya olunmam\u0131\u015f s\u0259rh\u0259dd\u0259 Erm\u0259nistan\u0131n h\u0259rbi m\u00f6vqel\u0259rinin m\u00fc\u015fahid\u0259si alt\u0131nda h\u0259yata ke\u00e7irilm\u0259sinin qeyri-m\u00fcmk\u00fcnl\u00fcy\u00fc n\u0259z\u0259r\u0259 al\u0131naraq, elementar m\u0259ntiq\u0259 v\u0259 h\u0259rbi bilikl\u0259r\u0259 ziddir.<\/p>\n<p>&#8211; Erm\u0259nistan xarici i\u015fl\u0259r naziri erm\u0259ni silahl\u0131 q\u00fcvv\u0259l\u0259rinin Az\u0259rbaycan \u0259razisind\u0259n \u00e7\u0131xar\u0131lmas\u0131 m\u0259s\u0259l\u0259sind\u0259 d\u0259 n\u00f6vb\u0259ti d\u0259f\u0259 manipulyasiyalara yol verir. Bu m\u0259s\u0259l\u0259d\u0259, Erm\u0259nistan T\u0259hl\u00fck\u0259sizlik \u015euras\u0131n\u0131n katibi Armen Qriqoryan v\u0259 dig\u0259r r\u0259smi \u015f\u0259xsl\u0259rl\u0259 m\u00f6vqel\u0259rinin uy\u011funla\u015fd\u0131r\u0131lmas\u0131n\u0131 xarici i\u015fl\u0259r nazirin\u0259 t\u00f6vsiy\u0259 ed\u0259rdik. Armen Qriqoryan t\u0259r\u0259find\u0259n bildirildiyi kimi, erm\u0259ni q\u00fcvv\u0259l\u0259rinin Az\u0259rbaycan \u0259razisind\u0259n cari ilin sentyabr ay\u0131nda \u00e7\u0131xar\u0131lmas\u0131 n\u0259z\u0259rd\u0259 tutulsa da bu h\u0259l\u0259 ba\u015f verm\u0259yib. Az\u0259rbaycan \u0259razisind\u0259n hans\u0131 q\u00fcvv\u0259l\u0259rin \u00e7\u0131xar\u0131lmas\u0131 bar\u0259d\u0259 \u00f6hd\u0259liy\u0259 g\u0259ldikd\u0259 is\u0259 bir daha xat\u0131rlad\u0131r\u0131q ki, 10 noyabr 2020-ci il b\u0259yanat\u0131n\u0131n 4-c\u00fc b\u0259ndin\u0259 \u0259sas\u0259n, m\u0259hz b\u00fct\u00fcn erm\u0259ni silahl\u0131 q\u00fcvv\u0259l\u0259rinin Az\u0259rbaycan \u0259razisind\u0259n \u00e7\u0131xar\u0131lmas\u0131 n\u0259z\u0259rd\u0259 tutulur v\u0259 bu m\u0259s\u0259l\u0259d\u0259 manipulyasiyalar yolverilm\u0259zdir.<\/p>\n<p>\u00dc\u00e7t\u0259r\u0259fli b\u0259yanat\u0131n m\u00fcdd\u0259alar\u0131n\u0131 yanl\u0131\u015f \u015f\u0259rh ed\u0259r\u0259k, \u00f6z \u00f6hd\u0259likl\u0259rind\u0259n boyun qa\u00e7\u0131rmaq ist\u0259y\u0259n Erm\u0259nistan xarici i\u015fl\u0259r nazirin\u0259 xat\u0131rlad\u0131r\u0131q ki, bu destruktiv f\u0259aliyy\u0259t b\u00f6lg\u0259d\u0259 s\u00fclh\u00fcn b\u0259rpas\u0131na xidm\u0259t etm\u0259m\u0259kl\u0259 yana\u015f\u0131, ilk n\u00f6vb\u0259d\u0259 Erm\u0259nistan\u0131n \u0259leyhin\u0259dir\u201d, &#8211; o qeyd edib.<\/p>\n","protected":false},"excerpt":{"rendered":"<p>Erm\u0259nistan\u0131n xarici i\u015fl\u0259r naziri Ararat Mirzoyan\u0131n 28 noyabr 2022-ci il tarixind\u0259 \u201cArmenpress\u201d x\u0259b\u0259r agentliyin\u0259 m\u00fcsahib\u0259si zaman\u0131 Az\u0259rbaycanla Erm\u0259nistan aras\u0131nda dan\u0131\u015f\u0131qlar\u0131n mahiyy\u0259tini, s\u00fclh m\u00fcqavil\u0259sinin haz\u0131rlanmas\u0131, delimitasiya prosesi, mina t\u0259hdidi, habel\u0259 \u0259razi b\u00fct\u00f6vl\u00fcy\u00fcn\u00fcn tan\u0131nmas\u0131 kimi m\u0259s\u0259l\u0259l\u0259r \u00fczr\u0259 fikirl\u0259ri yanl\u0131\u015f m\u0259craya y\u00f6n\u0259ltm\u0259k v\u0259 t\u0259hrif etm\u0259k c\u0259hdi tamamil\u0259 \u0259sass\u0131zd\u0131r v\u0259 q\u0259buledilm\u0259zdir. ARANTV.AZ x\u0259b\u0259r verir ki, bu bar\u0259d\u0259 X\u0130N-in M\u0259tbuat xidm\u0259ti idar\u0259sinin r\u0259isi Ayxan Hac\u0131zad\u0259 bildirib. &#8211; Az\u0259rbaycan v\u0259 Erm\u0259nistan liderl\u0259ri aras\u0131nda n\u00f6vb\u0259ti g\u00f6r\u00fc\u015fd\u0259 i\u015ftirak \u00fc\u00e7\u00fcn Erm\u0259nistan t\u0259r\u0259find\u0259n \u015f\u0259rt ir\u0259li s\u00fcr\u00fclm\u0259si, qeyd edil\u0259n m\u00fcsahib\u0259d\u0259 bel\u0259 bir g\u00f6r\u00fc\u015f\u00fcn yaln\u0131z Fransa Prezidentinin i\u015ftirak\u0131 il\u0259 ke\u00e7iril\u0259 bil\u0259c\u0259yinin bir&hellip;<\/p>\n","protected":false},"author":2,"featured_media":482208,"comment_status":"closed","ping_status":"closed","sticky":false,"template":"","format":"standard","meta":{"om_disable_all_campaigns":false,"_monsterinsights_skip_tracking":false,"_monsterinsights_sitenote_active":false,"_monsterinsights_sitenote_note":"","_monsterinsights_sitenote_category":0},"categories":[4],"tags":[],"aioseo_notices":[],"gutentor_comment":0,"rttpg_featured_image_url":{"full":["https:\/\/arantv.az\/wp-content\/uploads\/2022\/06\/xin_838586.jpg",800,600,false],"landscape":["https:\/\/arantv.az\/wp-content\/uploads\/2022\/06\/xin_838586.jpg",800,600,false],"portraits":["https:\/\/arantv.az\/wp-content\/uploads\/2022\/06\/xin_838586.jpg",800,600,false],"thumbnail":["https:\/\/arantv.az\/wp-content\/uploads\/2022\/06\/xin_838586-500x280.jpg",500,280,true],"medium":["https:\/\/arantv.az\/wp-content\/uploads\/2022\/06\/xin_838586-487x365.jpg",487,365,true],"large":["https:\/\/arantv.az\/wp-content\/uploads\/2022\/06\/xin_838586.jpg",640,480,false],"1536x1536":["https:\/\/arantv.az\/wp-content\/uploads\/2022\/06\/xin_838586.jpg",800,600,false],"2048x2048":["https:\/\/arantv.az\/wp-content\/uploads\/2022\/06\/xin_838586.jpg",800,600,false],"post-thumbnail":["https:\/\/arantv.az\/wp-content\/uploads\/2022\/06\/xin_838586-240x172.jpg",240,172,true],"advps-thumb-one":["https:\/\/arantv.az\/wp-content\/uploads\/2022\/06\/xin_838586.jpg",800,600,false]},"rttpg_author":{"display_name":"V\u00fcsal Rafiqo\u011flu","author_link":"https:\/\/arantv.az\/?author=2"},"rttpg_comment":0,"rttpg_category":"<a href=\"https:\/\/arantv.az\/?cat=4\" rel=\"category\">Siyas\u0259t<\/a>","rttpg_excerpt":"Erm\u0259nistan\u0131n xarici i\u015fl\u0259r naziri Ararat Mirzoyan\u0131n 28 noyabr 2022-ci il tarixind\u0259 \u201cArmenpress\u201d x\u0259b\u0259r agentliyin\u0259 m\u00fcsahib\u0259si zaman\u0131 Az\u0259rbaycanla Erm\u0259nistan aras\u0131nda dan\u0131\u015f\u0131qlar\u0131n mahiyy\u0259tini, s\u00fclh m\u00fcqavil\u0259sinin haz\u0131rlanmas\u0131, delimitasiya prosesi, mina t\u0259hdidi, habel\u0259 \u0259razi b\u00fct\u00f6vl\u00fcy\u00fcn\u00fcn tan\u0131nmas\u0131 kimi m\u0259s\u0259l\u0259l\u0259r \u00fczr\u0259 fikirl\u0259ri yanl\u0131\u015f m\u0259craya y\u00f6n\u0259ltm\u0259k v\u0259 t\u0259hrif etm\u0259k c\u0259hdi tamamil\u0259 \u0259sass\u0131zd\u0131r v\u0259 q\u0259buledilm\u0259zdir. ARANTV.AZ x\u0259b\u0259r verir ki, bu bar\u0259d\u0259 X\u0130N-in M\u0259tbuat&hellip;","_links":{"self":[{"href":"https:\/\/arantv.az\/index.php?rest_route=\/wp\/v2\/posts\/539615"}],"collection":[{"href":"https:\/\/arantv.az\/index.php?rest_route=\/wp\/v2\/posts"}],"about":[{"href":"https:\/\/arantv.az\/index.php?rest_route=\/wp\/v2\/types\/post"}],"author":[{"embeddable":true,"href":"https:\/\/arantv.az\/index.php?rest_route=\/wp\/v2\/users\/2"}],"replies":[{"embeddable":true,"href":"https:\/\/arantv.az\/index.php?rest_route=%2Fwp%2Fv2%2Fcomments&post=539615"}],"version-history":[{"count":0,"href":"https:\/\/arantv.az\/index.php?rest_route=\/wp\/v2\/posts\/539615\/revisions"}],"wp:featuredmedia":[{"embeddable":true,"href":"https:\/\/arantv.az\/index.php?rest_route=\/wp\/v2\/media\/482208"}],"wp:attachment":[{"href":"https:\/\/arantv.az\/index.php?rest_route=%2Fwp%2Fv2%2Fmedia&parent=539615"}],"wp:term":[{"taxonomy":"category","embeddable":true,"href":"https:\/\/arantv.az\/index.php?rest_route=%2Fwp%2Fv2%2Fcategories&post=539615"},{"taxonomy":"post_tag","embeddable":true,"href":"https:\/\/arantv.az\/index.php?rest_route=%2Fwp%2Fv2%2Ftags&post=539615"}],"curies":[{"name":"wp","href":"https:\/\/api.w.org\/{rel}","templated":true}]}}