{"id":539654,"date":"2022-11-30T07:06:28","date_gmt":"2022-11-30T04:06:28","guid":{"rendered":"https:\/\/arantv.az\/?p=539654"},"modified":"2022-11-30T07:06:28","modified_gmt":"2022-11-30T04:06:28","slug":"turkm%c9%99nbasida-az%c9%99rbaycan-turkm%c9%99nistan-v%c9%99-turkiy%c9%99-uct%c9%99t%c9%99r%c9%99fli-sammiti-keciril%c9%99c%c9%99k","status":"publish","type":"post","link":"https:\/\/arantv.az\/?p=539654","title":{"rendered":"T\u00fcrkm\u0259nba\u015f\u0131da Az\u0259rbaycan, T\u00fcrkm\u0259nistan v\u0259 T\u00fcrkiy\u0259 \u00fc\u00e7t\u0259t\u0259r\u0259fli sammiti ke\u00e7iril\u0259c\u0259k"},"content":{"rendered":"<p>Bu il dekabr\u0131n \u0259vv\u0259lin\u0259 n\u0259z\u0259rd\u0259 tutulan Az\u0259rbaycan, T\u00fcrkm\u0259nistan v\u0259 T\u00fcrkiy\u0259 \u00fc\u00e7t\u0259r\u0259fli sammitinin T\u00fcrkm\u0259nba\u015f\u0131 \u015f\u0259h\u0259rind\u0259 yerl\u0259\u015f\u0259n \u201cAvaza\u201d milli turizm zonas\u0131nda ke\u00e7irilm\u0259si planla\u015fd\u0131r\u0131l\u0131r.<\/p>\n<div class=\"AdviadNativeVideo\"><\/div>\n<p>Bu bar\u0259d\u0259 T\u00fcrkm\u0259nistan Xarici \u0130\u015fl\u0259r Nazirliyi m\u0259lumat yay\u0131b.<\/p>\n<p>M\u0259lumata g\u00f6r\u0259, g\u00f6r\u00fc\u015f zaman\u0131 bir s\u0131ra sazi\u015fl\u0259rin imzalanmas\u0131 n\u0259z\u0259rd\u0259 tutulur. H\u0259m\u00e7inin \u00fc\u00e7t\u0259r\u0259fli g\u00f6r\u00fc\u015f \u0259r\u0259f\u0259sind\u0259 T\u00fcrkm\u0259nistanda energetika, n\u0259qliyyat v\u0259 xarici i\u015fl\u0259r nazirl\u0259rinin toplant\u0131s\u0131 ba\u015f tutacaq.<\/p>\n<p>Qeyd ed\u0259k ki, \u00f6t\u0259n g\u00fcn Ankarada T\u00fcrkiy\u0259 v\u0259 T\u00fcrkm\u0259nistan\u0131n xarici i\u015fl\u0259r nazirlikl\u0259rinin y\u00fcks\u0259k s\u0259viyy\u0259li n\u00fcmay\u0259nd\u0259l\u0259ri aras\u0131nda siyasi m\u0259sl\u0259h\u0259tl\u0259\u015fm\u0259l\u0259r ke\u00e7irilib.<\/p>\n","protected":false},"excerpt":{"rendered":"<p>Bu il dekabr\u0131n \u0259vv\u0259lin\u0259 n\u0259z\u0259rd\u0259 tutulan Az\u0259rbaycan, T\u00fcrkm\u0259nistan v\u0259 T\u00fcrkiy\u0259 \u00fc\u00e7t\u0259r\u0259fli sammitinin T\u00fcrkm\u0259nba\u015f\u0131 \u015f\u0259h\u0259rind\u0259 yerl\u0259\u015f\u0259n \u201cAvaza\u201d milli turizm zonas\u0131nda ke\u00e7irilm\u0259si planla\u015fd\u0131r\u0131l\u0131r. Bu bar\u0259d\u0259 T\u00fcrkm\u0259nistan Xarici \u0130\u015fl\u0259r Nazirliyi m\u0259lumat yay\u0131b. M\u0259lumata g\u00f6r\u0259, g\u00f6r\u00fc\u015f zaman\u0131 bir s\u0131ra sazi\u015fl\u0259rin imzalanmas\u0131 n\u0259z\u0259rd\u0259 tutulur. H\u0259m\u00e7inin \u00fc\u00e7t\u0259r\u0259fli g\u00f6r\u00fc\u015f \u0259r\u0259f\u0259sind\u0259 T\u00fcrkm\u0259nistanda energetika, n\u0259qliyyat v\u0259 xarici i\u015fl\u0259r nazirl\u0259rinin toplant\u0131s\u0131 ba\u015f tutacaq. Qeyd ed\u0259k ki, \u00f6t\u0259n g\u00fcn Ankarada T\u00fcrkiy\u0259 v\u0259 T\u00fcrkm\u0259nistan\u0131n xarici i\u015fl\u0259r nazirlikl\u0259rinin y\u00fcks\u0259k s\u0259viyy\u0259li n\u00fcmay\u0259nd\u0259l\u0259ri aras\u0131nda siyasi m\u0259sl\u0259h\u0259tl\u0259\u015fm\u0259l\u0259r ke\u00e7irilib.<\/p>\n","protected":false},"author":2,"featured_media":539655,"comment_status":"closed","ping_status":"closed","sticky":false,"template":"","format":"standard","meta":{"om_disable_all_campaigns":false,"_monsterinsights_skip_tracking":false,"_monsterinsights_sitenote_active":false,"_monsterinsights_sitenote_note":"","_monsterinsights_sitenote_category":0},"categories":[4],"tags":[],"aioseo_notices":[],"gutentor_comment":0,"rttpg_featured_image_url":{"full":["https:\/\/arantv.az\/wp-content\/uploads\/2022\/11\/Capture-2.jpg",620,413,false],"landscape":["https:\/\/arantv.az\/wp-content\/uploads\/2022\/11\/Capture-2.jpg",620,413,false],"portraits":["https:\/\/arantv.az\/wp-content\/uploads\/2022\/11\/Capture-2.jpg",620,413,false],"thumbnail":["https:\/\/arantv.az\/wp-content\/uploads\/2022\/11\/Capture-2-500x280.jpg",500,280,true],"medium":["https:\/\/arantv.az\/wp-content\/uploads\/2022\/11\/Capture-2-548x365.jpg",548,365,true],"large":["https:\/\/arantv.az\/wp-content\/uploads\/2022\/11\/Capture-2.jpg",620,413,false],"1536x1536":["https:\/\/arantv.az\/wp-content\/uploads\/2022\/11\/Capture-2.jpg",620,413,false],"2048x2048":["https:\/\/arantv.az\/wp-content\/uploads\/2022\/11\/Capture-2.jpg",620,413,false],"post-thumbnail":["https:\/\/arantv.az\/wp-content\/uploads\/2022\/11\/Capture-2-240x172.jpg",240,172,true],"advps-thumb-one":["https:\/\/arantv.az\/wp-content\/uploads\/2022\/11\/Capture-2.jpg",620,413,false]},"rttpg_author":{"display_name":"V\u00fcsal Rafiqo\u011flu","author_link":"https:\/\/arantv.az\/?author=2"},"rttpg_comment":0,"rttpg_category":"<a href=\"https:\/\/arantv.az\/?cat=4\" rel=\"category\">Siyas\u0259t<\/a>","rttpg_excerpt":"Bu il dekabr\u0131n \u0259vv\u0259lin\u0259 n\u0259z\u0259rd\u0259 tutulan Az\u0259rbaycan, T\u00fcrkm\u0259nistan v\u0259 T\u00fcrkiy\u0259 \u00fc\u00e7t\u0259r\u0259fli sammitinin T\u00fcrkm\u0259nba\u015f\u0131 \u015f\u0259h\u0259rind\u0259 yerl\u0259\u015f\u0259n \u201cAvaza\u201d milli turizm zonas\u0131nda ke\u00e7irilm\u0259si planla\u015fd\u0131r\u0131l\u0131r. Bu bar\u0259d\u0259 T\u00fcrkm\u0259nistan Xarici \u0130\u015fl\u0259r Nazirliyi m\u0259lumat yay\u0131b. M\u0259lumata g\u00f6r\u0259, g\u00f6r\u00fc\u015f zaman\u0131 bir s\u0131ra sazi\u015fl\u0259rin imzalanmas\u0131 n\u0259z\u0259rd\u0259 tutulur. H\u0259m\u00e7inin \u00fc\u00e7t\u0259r\u0259fli g\u00f6r\u00fc\u015f \u0259r\u0259f\u0259sind\u0259 T\u00fcrkm\u0259nistanda energetika, n\u0259qliyyat v\u0259 xarici i\u015fl\u0259r nazirl\u0259rinin toplant\u0131s\u0131 ba\u015f tutacaq. Qeyd ed\u0259k&hellip;","_links":{"self":[{"href":"https:\/\/arantv.az\/index.php?rest_route=\/wp\/v2\/posts\/539654"}],"collection":[{"href":"https:\/\/arantv.az\/index.php?rest_route=\/wp\/v2\/posts"}],"about":[{"href":"https:\/\/arantv.az\/index.php?rest_route=\/wp\/v2\/types\/post"}],"author":[{"embeddable":true,"href":"https:\/\/arantv.az\/index.php?rest_route=\/wp\/v2\/users\/2"}],"replies":[{"embeddable":true,"href":"https:\/\/arantv.az\/index.php?rest_route=%2Fwp%2Fv2%2Fcomments&post=539654"}],"version-history":[{"count":0,"href":"https:\/\/arantv.az\/index.php?rest_route=\/wp\/v2\/posts\/539654\/revisions"}],"wp:featuredmedia":[{"embeddable":true,"href":"https:\/\/arantv.az\/index.php?rest_route=\/wp\/v2\/media\/539655"}],"wp:attachment":[{"href":"https:\/\/arantv.az\/index.php?rest_route=%2Fwp%2Fv2%2Fmedia&parent=539654"}],"wp:term":[{"taxonomy":"category","embeddable":true,"href":"https:\/\/arantv.az\/index.php?rest_route=%2Fwp%2Fv2%2Fcategories&post=539654"},{"taxonomy":"post_tag","embeddable":true,"href":"https:\/\/arantv.az\/index.php?rest_route=%2Fwp%2Fv2%2Ftags&post=539654"}],"curies":[{"name":"wp","href":"https:\/\/api.w.org\/{rel}","templated":true}]}}