{"id":53966,"date":"2019-04-30T10:12:33","date_gmt":"2019-04-30T07:12:33","guid":{"rendered":"http:\/\/arantv.az\/?p=53966"},"modified":"2019-04-30T10:12:33","modified_gmt":"2019-04-30T07:12:33","slug":"tovuzda-gob%c9%99l%c9%99k-yey%c9%99n-coban-z%c9%99h%c9%99rl%c9%99nib-oldu","status":"publish","type":"post","link":"https:\/\/arantv.az\/?p=53966","title":{"rendered":"Tovuzda g\u00f6b\u0259l\u0259k yey\u0259n \u00e7oban z\u0259h\u0259rl\u0259nib \u00f6ld\u00fc"},"content":{"rendered":"<p><strong>Tovuzda 54 ya\u015fl\u0131 ki\u015fi qidadan z\u0259h\u0259rl\u0259n\u0259r\u0259k \u00f6l\u00fcb.<\/strong><\/p>\n<p><b>ARANTV.AZ\u00a0<\/b>x\u0259b\u0259r verir ki, hadis\u0259 rayonun \u018flim\u0259rdanl\u0131 k\u0259ndind\u0259ki fermalardan birind\u0259 qeyd\u0259 al\u0131n\u0131b.<\/p>\n<p>Bel\u0259 ki, rayonun Q\u0259dirli k\u0259nd sakini, 1965-ci il t\u0259v\u0259ll\u00fcdl\u00fc Y\u00fcsif H\u00fcseynov \u00e7oban \u00e7al\u0131\u015fd\u0131\u011f\u0131 fermada qidadan z\u0259h\u0259rl\u0259n\u0259r\u0259k \u00f6l\u00fcb.<\/p>\n<p>Onun g\u00f6b\u0259l\u0259kd\u0259n z\u0259h\u0259rl\u0259ndiyi ehtimal edilir.<\/p>\n<p>Faktla ba\u011fl\u0131 Tovuz Rayon Prokurorlu\u011funda ara\u015fd\u0131rma apar\u0131l\u0131r.Unikal.org<\/p>\n","protected":false},"excerpt":{"rendered":"<p>Tovuzda 54 ya\u015fl\u0131 ki\u015fi qidadan z\u0259h\u0259rl\u0259n\u0259r\u0259k \u00f6l\u00fcb. ARANTV.AZ\u00a0x\u0259b\u0259r verir ki, hadis\u0259 rayonun \u018flim\u0259rdanl\u0131 k\u0259ndind\u0259ki fermalardan birind\u0259 qeyd\u0259 al\u0131n\u0131b. Bel\u0259 ki, rayonun Q\u0259dirli k\u0259nd sakini, 1965-ci il t\u0259v\u0259ll\u00fcdl\u00fc Y\u00fcsif H\u00fcseynov \u00e7oban \u00e7al\u0131\u015fd\u0131\u011f\u0131 fermada qidadan z\u0259h\u0259rl\u0259n\u0259r\u0259k \u00f6l\u00fcb. Onun g\u00f6b\u0259l\u0259kd\u0259n z\u0259h\u0259rl\u0259ndiyi ehtimal edilir. Faktla ba\u011fl\u0131 Tovuz Rayon Prokurorlu\u011funda ara\u015fd\u0131rma apar\u0131l\u0131r.Unikal.org<\/p>\n","protected":false},"author":2,"featured_media":53967,"comment_status":"closed","ping_status":"closed","sticky":false,"template":"","format":"standard","meta":{"om_disable_all_campaigns":false,"_monsterinsights_skip_tracking":false,"_monsterinsights_sitenote_active":false,"_monsterinsights_sitenote_note":"","_monsterinsights_sitenote_category":0},"categories":[5],"tags":[],"aioseo_notices":[],"gutentor_comment":0,"rttpg_featured_image_url":{"full":["https:\/\/arantv.az\/wp-content\/uploads\/2019\/04\/1556603628.coban_.jpg",600,400,false],"landscape":["https:\/\/arantv.az\/wp-content\/uploads\/2019\/04\/1556603628.coban_.jpg",600,400,false],"portraits":["https:\/\/arantv.az\/wp-content\/uploads\/2019\/04\/1556603628.coban_.jpg",600,400,false],"thumbnail":["https:\/\/arantv.az\/wp-content\/uploads\/2019\/04\/1556603628.coban_-150x150.jpg",150,150,true],"medium":["https:\/\/arantv.az\/wp-content\/uploads\/2019\/04\/1556603628.coban_-300x200.jpg",300,200,true],"large":["https:\/\/arantv.az\/wp-content\/uploads\/2019\/04\/1556603628.coban_.jpg",600,400,false],"1536x1536":["https:\/\/arantv.az\/wp-content\/uploads\/2019\/04\/1556603628.coban_.jpg",600,400,false],"2048x2048":["https:\/\/arantv.az\/wp-content\/uploads\/2019\/04\/1556603628.coban_.jpg",600,400,false],"post-thumbnail":["https:\/\/arantv.az\/wp-content\/uploads\/2019\/04\/1556603628.coban_-240x172.jpg",240,172,true],"advps-thumb-one":["https:\/\/arantv.az\/wp-content\/uploads\/2019\/04\/1556603628.coban_.jpg",600,400,false]},"rttpg_author":{"display_name":"V\u00fcsal Rafiqo\u011flu","author_link":"https:\/\/arantv.az\/?author=2"},"rttpg_comment":0,"rttpg_category":"<a href=\"https:\/\/arantv.az\/?cat=5\" rel=\"category\">Hadis\u0259<\/a>","rttpg_excerpt":"Tovuzda 54 ya\u015fl\u0131 ki\u015fi qidadan z\u0259h\u0259rl\u0259n\u0259r\u0259k \u00f6l\u00fcb. ARANTV.AZ\u00a0x\u0259b\u0259r verir ki, hadis\u0259 rayonun \u018flim\u0259rdanl\u0131 k\u0259ndind\u0259ki fermalardan birind\u0259 qeyd\u0259 al\u0131n\u0131b. Bel\u0259 ki, rayonun Q\u0259dirli k\u0259nd sakini, 1965-ci il t\u0259v\u0259ll\u00fcdl\u00fc Y\u00fcsif H\u00fcseynov \u00e7oban \u00e7al\u0131\u015fd\u0131\u011f\u0131 fermada qidadan z\u0259h\u0259rl\u0259n\u0259r\u0259k \u00f6l\u00fcb. Onun g\u00f6b\u0259l\u0259kd\u0259n z\u0259h\u0259rl\u0259ndiyi ehtimal edilir. Faktla ba\u011fl\u0131 Tovuz Rayon Prokurorlu\u011funda ara\u015fd\u0131rma apar\u0131l\u0131r.Unikal.org","_links":{"self":[{"href":"https:\/\/arantv.az\/index.php?rest_route=\/wp\/v2\/posts\/53966"}],"collection":[{"href":"https:\/\/arantv.az\/index.php?rest_route=\/wp\/v2\/posts"}],"about":[{"href":"https:\/\/arantv.az\/index.php?rest_route=\/wp\/v2\/types\/post"}],"author":[{"embeddable":true,"href":"https:\/\/arantv.az\/index.php?rest_route=\/wp\/v2\/users\/2"}],"replies":[{"embeddable":true,"href":"https:\/\/arantv.az\/index.php?rest_route=%2Fwp%2Fv2%2Fcomments&post=53966"}],"version-history":[{"count":0,"href":"https:\/\/arantv.az\/index.php?rest_route=\/wp\/v2\/posts\/53966\/revisions"}],"wp:featuredmedia":[{"embeddable":true,"href":"https:\/\/arantv.az\/index.php?rest_route=\/wp\/v2\/media\/53967"}],"wp:attachment":[{"href":"https:\/\/arantv.az\/index.php?rest_route=%2Fwp%2Fv2%2Fmedia&parent=53966"}],"wp:term":[{"taxonomy":"category","embeddable":true,"href":"https:\/\/arantv.az\/index.php?rest_route=%2Fwp%2Fv2%2Fcategories&post=53966"},{"taxonomy":"post_tag","embeddable":true,"href":"https:\/\/arantv.az\/index.php?rest_route=%2Fwp%2Fv2%2Ftags&post=53966"}],"curies":[{"name":"wp","href":"https:\/\/api.w.org\/{rel}","templated":true}]}}