{"id":539661,"date":"2022-11-30T07:09:32","date_gmt":"2022-11-30T04:09:32","guid":{"rendered":"https:\/\/arantv.az\/?p=539661"},"modified":"2022-11-30T07:09:32","modified_gmt":"2022-11-30T04:09:32","slug":"enerji-diplomatiyasi-milli-maraqlara-xidm%c9%99t-edir","status":"publish","type":"post","link":"https:\/\/arantv.az\/?p=539661","title":{"rendered":"Enerji diplomatiyas\u0131 milli maraqlara xidm\u0259t edir"},"content":{"rendered":"<p><em><strong>ADA Universitetind\u0259 ke\u00e7iril\u0259n \u00abOrta D\u0259hliz: geosiyas\u0259t, t\u0259hl\u00fck\u0259sizlik v\u0259 iqtisadiyyat\u00bb m\u00f6vzusunda beyn\u0259lxalq konfransda qeyd olunub ki, Az\u0259rbaycan qit\u0259 d\u00f6vl\u0259tl\u0259ri \u00fc\u00e7\u00fcn \u0259sas enerji m\u0259nb\u0259yidir<\/strong><\/em><\/p>\n<p>Avropa d\u00f6vl\u0259tl\u0259ri \u00fc\u00e7\u00fcn alternativsiz m\u0259nb\u0259 olan Az\u0259rbaycan\u0131n enerji diplomatiyas\u0131n\u0131n co\u011frafiyas\u0131 da geni\u015fl\u0259nir. Neft-qaz layih\u0259l\u0259rinin t\u0259\u015f\u0259bb\u00fcskar\u0131 kimi d\u00fcnyan\u0131n tan\u0131nm\u0131\u015f \u015firk\u0259tl\u0259ri il\u0259 \u0259laq\u0259 yaratmaqla t\u0259r\u0259fda\u015fl\u0131\u011fa b\u00f6y\u00fck t\u00f6hf\u0259 ver\u0259n \u00f6lk\u0259mizd\u0259 Bak\u0131 Enerji H\u0259ft\u0259si \u00e7\u0259r\u00e7iv\u0259sind\u0259 27-ci Beyn\u0259lxalq X\u0259z\u0259r Neft v\u0259 Qaz, 10-cu Yubiley X\u0259z\u0259r Beyn\u0259lxalq Energetika v\u0259 B\u0259rpa Olunan Enerji s\u0259rgil\u0259rinin t\u0259\u015fkili, Bak\u0131 Enerji Forumunun ke\u00e7irilm\u0259si, Az\u0259rbaycan\u0131n dialoq m\u0259rk\u0259zi kimi se\u00e7ilm\u0259si d\u00fcnyan\u0131n enerji x\u0259rit\u0259sind\u0259 \u00f6n\u0259mli yeri olan \u00f6lk\u0259miz\u0259 etimadd\u0131r. Az\u0259rbaycan\u0131n enerji t\u0259hl\u00fck\u0259sizliyi il\u0259 ba\u011fl\u0131 t\u0259\u015f\u0259bb\u00fcsl\u0259rini d\u0259st\u0259kl\u0259y\u0259nl\u0259rin say\u0131n\u0131n artmas\u0131 ulu \u00f6nd\u0259r Heyd\u0259r \u018fliyevin haz\u0131rlad\u0131\u011f\u0131 neft strategiyas\u0131n\u0131n u\u011fur salnam\u0259sidir. \u00abM\u0259n dey\u0259rdim, XXI \u0259srin boru k\u0259m\u0259ri \u2013 C\u0259nub Qaz D\u0259hlizin\u0259 ehtiyac duyulurdu. C\u0259nub Qaz D\u0259hlizinin 2020-ci ilin sonuncu g\u00fcn\u00fcnd\u0259 u\u011furla tamamlanmas\u0131 \u00fcmumi irad\u0259mizi, komanda daxilind\u0259 i\u015fl\u0259m\u0259k v\u0259 b\u00f6y\u00fck u\u011furlar\u0131 qazanmaq bacar\u0131\u011f\u0131m\u0131z\u0131 n\u00fcmayi\u015f etdirir. Bir \u00e7ox \u00f6lk\u0259l\u0259ri ke\u00e7\u0259n, d\u0259nizin dibind\u0259n tutmu\u015f uca da\u011f zirv\u0259l\u0259rin\u0259 q\u0259d\u0259r ged\u0259n 3500 kilometrlik vahid boru k\u0259m\u0259rl\u0259ri sistemi q\u00fcdr\u0259timizin v\u0259 dostlu\u011fumuzun t\u0259zah\u00fcr\u00fcd\u00fcr\u00bb s\u00f6zl\u0259ri il\u0259 enerji layih\u0259l\u0259rinin realla\u015fmas\u0131nda \u0259sas t\u0259r\u0259fda\u015flardan olan T\u00fcrkiy\u0259 v\u0259 G\u00fcrc\u00fcstanla \u0259m\u0259kda\u015fl\u0131\u011f\u0131 regionda sabitliyin ba\u015fl\u0131ca amili adland\u0131ran Prezident \u0130lham \u018fliyev \u0259lav\u0259 olaraq vur\u011fulay\u0131r ki, Avropa qit\u0259sind\u0259 t\u0259bii s\u0259rv\u0259tl\u0259rimizl\u0259 ba\u011fl\u0131 ixrac imkanlar\u0131m\u0131z\u0131n geni\u015fl\u0259ndirilm\u0259si qlobal \u0259h\u0259miyy\u0259tli m\u0259s\u0259l\u0259dir. Rusiya il\u0259 Ukrayna aras\u0131nda davam ed\u0259n m\u00fcharib\u0259 n\u0259tic\u0259sind\u0259 Avropa \u00f6lk\u0259l\u0259rind\u0259 yaranan enerji b\u00f6hran\u0131 Az\u0259rbaycan\u0131n karbohidrogen ehtiyatlar\u0131na t\u0259l\u0259bat\u0131 daha da art\u0131r\u0131b.<br \/>\nXXI \u0259srin m\u00f6c\u00fcz\u0259si adland\u0131r\u0131lan C\u0259nub Qaz D\u0259hlizi layih\u0259sind\u0259 i\u015ftirak ed\u0259n \u00f6lk\u0259l\u0259rin &#8211; T\u00fcrkiy\u0259nin, G\u00fcrc\u00fcstan\u0131n, Bolqar\u0131stan\u0131n, Yunan\u0131stan\u0131n, Albaniyan\u0131n, \u0130taliyan\u0131n \u0259m\u0259kda\u015fl\u0131\u011f\u0131n\u0131n qar\u015f\u0131l\u0131ql\u0131 etimad \u0259sas\u0131nda u\u011furla davam etm\u0259si \u00f6lk\u0259mizin enerji diplomatiyas\u0131n\u0131n, \u015fax\u0259l\u0259ndirm\u0259 siyas\u0259tinin t\u0259nt\u0259n\u0259sidir.<\/p>\n<p>Bu ilin \u00f6t\u0259n aylar\u0131nda Avropa Komissiyas\u0131n\u0131n r\u0259smil\u0259ril\u0259 ke\u00e7iril\u0259n g\u00f6r\u00fc\u015fl\u0259r, Avropa \u0130ttifaq\u0131 il\u0259 Az\u0259rbaycan aras\u0131nda dialoq, elektrik enerjisi, b\u0259rpa olunan enerjinin s\u0259m\u0259r\u0259liliyi il\u0259 ba\u011fl\u0131 m\u0259s\u0259l\u0259l\u0259rin aktualla\u015fmas\u0131 \u0259m\u0259kda\u015fl\u0131q format\u0131n\u0131n geni\u015fl\u0259nm\u0259sin\u0259 \u0259lav\u0259 stimul verir. M\u0259qs\u0259d qar\u015f\u0131dak\u0131 ill\u0259r \u00fc\u00e7\u00fcn n\u0259z\u0259rd\u0259 tutulan layih\u0259l\u0259ri realla\u015fd\u0131rmaqla t\u0259r\u0259fda\u015flar\u0131n say\u0131n\u0131 art\u0131rmaqd\u0131r. B\u0259llidir ki, Az\u0259rbaycan t\u0259kc\u0259 neft &#8211; qaz hasil etmir. Eyni zamanda, elektrik enerjisi ixrac ed\u0259n \u00f6lk\u0259 kimi maraq do\u011furan respublikam\u0131z yenil\u0259n\u0259n enerjiy\u0259 investisiya yat\u0131rmaqda da maraql\u0131d\u0131r. Z\u0259ngin alternativ enerji m\u0259nb\u0259yin\u0259 malik Az\u0259rbaycanla d\u00fcnyan\u0131n \u0259n b\u00f6y\u00fck qurumlar\u0131ndan olan \u00abACWA Power\u00bb v\u0259 \u00abMasdar \u015firk\u0259tl\u0259ri il\u0259 t\u0259m\u0259lqoyma m\u0259rasiml\u0259rinin ke\u00e7irilm\u0259si, g\u00fcn\u0259\u015f, k\u00fcl\u0259k elektrik stansiyalar\u0131n\u0131n in\u015fas\u0131 il\u0259 ba\u011fl\u0131 dan\u0131\u015f\u0131qlar\u0131n apar\u0131lmas\u0131 \u00f6lk\u0259mizin enerji diplomatiyas\u0131na \u0259lav\u0259 dividendl\u0259r qazand\u0131racaq. \u00abBiz Z\u0259ng\u0259zur d\u0259hlizinin f\u0259aliyy\u0259tin\u0259 start verm\u0259k ist\u0259yirik. Bu da yaln\u0131z y\u00fckl\u0259r \u00fc\u00e7\u00fcn deyil, elektrik enerjisi \u00fc\u00e7\u00fcn m\u00fch\u00fcm ixrac mar\u015frutu ola bil\u0259r. Biz i\u015fl\u0259r\u0259 ba\u015flam\u0131\u015f\u0131q v\u0259 bu istiqam\u0259td\u0259 investisiya il\u0259 ba\u011fl\u0131 art\u0131q praktiki add\u0131mlar at\u0131r\u0131q. Bel\u0259likl\u0259, h\u0259r bir m\u0259s\u0259l\u0259d\u0259 \u015fax\u0259l\u0259ndirm\u0259 vacibdir\u00bb s\u00f6yl\u0259y\u0259n Prezident \u0130lham \u018fliyevin vur\u011fulad\u0131\u011f\u0131 kimi, tranzit \u00f6lk\u0259 olan Az\u0259rbaycan bu d\u0259hlizd\u0259n istifad\u0259 etm\u0259kl\u0259 yeni bazarlara ixrac\u0131 art\u0131racaq.<\/p>\n<p>D\u00fcnyada geosiyasi v\u0259ziyy\u0259tin k\u0259skinl\u0259\u015fdiyi, f\u0259rqli oldu\u011fu bir vaxtda ist\u0259nil\u0259n \u00f6lk\u0259d\u0259n \u00fcnvanlanan m\u00fcraci\u0259tl\u0259r Az\u0259rbaycana yeni t\u0259r\u0259fda\u015flar qazand\u0131r\u0131r. Siyasi m\u0259qs\u0259dl\u0259r namin\u0259 deyil, d\u00fcnyada v\u0259 regionda qar\u015f\u0131l\u0131ql\u0131 etimada \u0259saslanan \u0259m\u0259kda\u015fl\u0131\u011f\u0131n geni\u015fl\u0259nm\u0259sin\u0259 xidm\u0259t ed\u0259n Az\u0259rbaycan\u0131n enerji diplomatiyas\u0131 \u00f6lk\u0259mizin iqtisadi potensial\u0131n\u0131 da g\u00fccl\u0259ndirir.<\/p>\n<p>Bu g\u00fcnl\u0259rd\u0259 Bak\u0131da, ADA Universitetind\u0259 ke\u00e7iril\u0259n \u00abOrta D\u0259hliz: geosiyas\u0259t, t\u0259hl\u00fck\u0259sizlik v\u0259 iqtisadiyyat\u00bb m\u00f6vzusunda beyn\u0259lxalq konfransda \u00e7\u0131x\u0131\u015f\u0131 zaman\u0131 Az\u0259rbaycan\u0131n t\u0259\u015f\u0259bb\u00fcs\u00fc v\u0259 m\u00fc\u0259llifliyi il\u0259 h\u0259yata ke\u00e7iril\u0259n enerji layih\u0259l\u0259rinin Avropa \u00f6lk\u0259l\u0259rin\u0259 verdiyi t\u00f6hf\u0259l\u0259rd\u0259n dan\u0131\u015fan Prezident \u0130lham \u018fliyev perspektivl\u0259rd\u0259n d\u0259 b\u0259hs edib. Qeyd olunub ki, Az\u0259rbaycan C\u0259nub Qaz D\u0259hlizinin sonuncu seqmenti olan Trans-Adriatik boru k\u0259m\u0259rind\u0259 yaln\u0131z 20 faiz paya sahibdir. \u00abBuna g\u00f6r\u0259 biz \u00fcmid edirik ki, t\u0259r\u0259fda\u015flarla h\u0259min m\u0259qama \u00e7ataca\u011f\u0131q. H\u0259m\u00e7inin TANAP-\u0131n 16 milyard kubmetrd\u0259n 32 milyard kubmetr\u0259 geni\u015fl\u0259nm\u0259si. \u00c7\u00fcnki dem\u0259k olar ki, TANAP-\u0131n b\u00fct\u00fcn tutumu c\u0259lb olunub. \u018flb\u0259tt\u0259 ki, b\u00fct\u00fcn bunlara \u0259lav\u0259 s\u0259rmay\u0259 laz\u0131m olacaq. Bunun \u00fc\u00e7\u00fcn biz\u0259 \u0259lb\u0259tt\u0259 ki, t\u00fcrkiy\u0259li h\u0259mkarlar\u0131m\u0131zla tranzitl\u0259 ba\u011fl\u0131 raz\u0131la\u015fmalar\u0131m\u0131z olmal\u0131d\u0131r. Bu olmadan Avropa istehlak\u00e7\u0131lar\u0131n\u0131n v\u0259 h\u0259m\u00e7inin t\u00fcrkiy\u0259li istehlak\u00e7\u0131lar\u0131n artmaqda olan ehtiyaclar\u0131n\u0131 \u00f6d\u0259m\u0259k m\u00fcmk\u00fcn olmayacaq\u00bb s\u00f6yl\u0259y\u0259n d\u00f6vl\u0259t ba\u015f\u00e7\u0131m\u0131z onu da diqq\u0259t\u0259 \u00e7atd\u0131r\u0131b ki, Trans-Balkan boru k\u0259m\u0259rinin bu layih\u0259y\u0259 c\u0259lbinin vaxt\u0131d\u0131r. Ke\u00e7\u0259n ay Yunan\u0131stan v\u0259 Bolqar\u0131stan aras\u0131nda interkonnektorun istifad\u0259y\u0259 verilm\u0259si t\u0259bii ki, sonuncu deyildir. \u00abBiz haz\u0131r\u0131q. Bu boru k\u0259m\u0259rinin tutumu 3 milyard kubmetrdir. Bel\u0259likl\u0259, biz ola bilsin bir ay m\u00fcdd\u0259tind\u0259 z\u0259ruri h\u0259cml\u0259ri t\u0259chiz etm\u0259y\u0259 haz\u0131r\u0131q. Lakin bunun \u00fc\u00e7\u00fcn bizim T\u00fcrkiy\u0259 il\u0259 tranzit raz\u0131la\u015fmam\u0131z olmal\u0131d\u0131r. \u018ffsuslar olsun ki, biz h\u0259l\u0259 o m\u0259rh\u0259l\u0259y\u0259 \u00e7atmam\u0131\u015f\u0131q. Dan\u0131\u015f\u0131qlar davam edir\u00bb s\u00f6yl\u0259y\u0259n Prezident \u0130lham \u018fliyev Avropa Komissiyas\u0131 il\u0259 t\u0259chizat\u0131 iki d\u0259f\u0259 art\u0131rmaqla ba\u011fl\u0131 imzalanan Anla\u015fma Memorandumunu xat\u0131rlad\u0131b . Diqq\u0259t\u0259 \u00e7atd\u0131r\u0131l\u0131b ki, b\u0259rpaolunan enerji m\u0259nb\u0259l\u0259ri il\u0259 ba\u011fl\u0131 beyn\u0259lxalq investorlarla birg\u0259 h\u0259yata ke\u00e7iril\u0259n layih\u0259l\u0259r \u00fczr\u0259 i\u015fl\u0259r d\u0259 davam etdirilir. G\u0259l\u0259n ilin sonunad\u0259k 470 meqavat k\u00fcl\u0259k v\u0259 g\u00fcn\u0259\u015f enerjisi m\u00f6vcud olacaq. C\u0259bray\u0131ldak\u0131 230 meqavat g\u00fcc\u00fcnd\u0259 g\u00fcn\u0259\u015f elektrik stansiyas\u0131 buna \u0259lav\u0259 h\u0259cm ver\u0259c\u0259k, \u0259lav\u0259 qaza q\u0259na\u0259t imkan\u0131 yaranacaq.<\/p>\n<p>Enerji potensial\u0131 il\u0259 ba\u011fl\u0131 ara\u015fd\u0131rmalar g\u00f6st\u0259rir ki, Qaraba\u011f v\u0259 \u015e\u0259rqi Z\u0259ng\u0259zurun g\u00fcn\u0259\u015f v\u0259 k\u00fcl\u0259k enerjisinin minimal potensial\u0131 9200 meqavat t\u0259\u015fkil edir. Hidroenerji potensial\u0131 is\u0259 minimal olaraq 600 meqavatd\u0131r. Yeri g\u0259lmi\u015fk\u0259n, azad edilmi\u015f \u0259razil\u0259rd\u0259 30-dan art\u0131q orta v\u0259 ki\u00e7ik h\u0259cmli su elektrik stansiyas\u0131n\u0131n tikilm\u0259si planla\u015fd\u0131r\u0131l\u0131r. Onlardan 5-i art\u0131q istismara verilib.<\/p>\n<p>\u0130taliyada ke\u00e7iril\u0259n 48-ci Beyn\u0259lxalq \u00c7ernobbio Forumunda \u00abEnerji t\u0259hl\u00fck\u0259sizliyinin t\u0259min olunmas\u0131nda Az\u0259rbaycan\u0131n rolu\u00bb m\u00f6vzusunda \u00e7\u0131x\u0131\u015f ed\u0259n, yeni d\u00fcnya nizam\u0131nda Az\u0259rbaycan\u0131n enerji diplomatiyas\u0131n\u0131n u\u011furlar\u0131ndan, enerji strategiyas\u0131n\u0131n m\u00fch\u00fcm m\u0259qamlar\u0131ndan, \u00f6lk\u0259mizin Avropan\u0131n enerji t\u0259hl\u00fck\u0259sizliyin\u0259 verdiyi t\u00f6hf\u0259l\u0259rd\u0259n s\u00f6z a\u00e7an Prezident \u0130lham \u018fliyev bildirmi\u015fdir ki, Az\u0259rbaycan enerji t\u0259hl\u00fck\u0259sizliyi sah\u0259sind\u0259 d\u00fcnyada etibarl\u0131 v\u0259 perspektivli t\u0259r\u0259fda\u015fd\u0131r, t\u0259bii s\u0259rv\u0259tl\u0259rimiz milli m\u0259qs\u0259dl\u0259r\u0259, strateji maraqlara xidm\u0259t edir.<\/p>\n","protected":false},"excerpt":{"rendered":"<p>ADA Universitetind\u0259 ke\u00e7iril\u0259n \u00abOrta D\u0259hliz: geosiyas\u0259t, t\u0259hl\u00fck\u0259sizlik v\u0259 iqtisadiyyat\u00bb m\u00f6vzusunda beyn\u0259lxalq konfransda qeyd olunub ki, Az\u0259rbaycan qit\u0259 d\u00f6vl\u0259tl\u0259ri \u00fc\u00e7\u00fcn \u0259sas enerji m\u0259nb\u0259yidir Avropa d\u00f6vl\u0259tl\u0259ri \u00fc\u00e7\u00fcn alternativsiz m\u0259nb\u0259 olan Az\u0259rbaycan\u0131n enerji diplomatiyas\u0131n\u0131n co\u011frafiyas\u0131 da geni\u015fl\u0259nir. Neft-qaz layih\u0259l\u0259rinin t\u0259\u015f\u0259bb\u00fcskar\u0131 kimi d\u00fcnyan\u0131n tan\u0131nm\u0131\u015f \u015firk\u0259tl\u0259ri il\u0259 \u0259laq\u0259 yaratmaqla t\u0259r\u0259fda\u015fl\u0131\u011fa b\u00f6y\u00fck t\u00f6hf\u0259 ver\u0259n \u00f6lk\u0259mizd\u0259 Bak\u0131 Enerji H\u0259ft\u0259si \u00e7\u0259r\u00e7iv\u0259sind\u0259 27-ci Beyn\u0259lxalq X\u0259z\u0259r Neft v\u0259 Qaz, 10-cu Yubiley X\u0259z\u0259r Beyn\u0259lxalq Energetika v\u0259 B\u0259rpa Olunan Enerji s\u0259rgil\u0259rinin t\u0259\u015fkili, Bak\u0131 Enerji Forumunun ke\u00e7irilm\u0259si, Az\u0259rbaycan\u0131n dialoq m\u0259rk\u0259zi kimi se\u00e7ilm\u0259si d\u00fcnyan\u0131n enerji x\u0259rit\u0259sind\u0259 \u00f6n\u0259mli yeri olan \u00f6lk\u0259miz\u0259 etimadd\u0131r. Az\u0259rbaycan\u0131n enerji t\u0259hl\u00fck\u0259sizliyi&hellip;<\/p>\n","protected":false},"author":2,"featured_media":539662,"comment_status":"closed","ping_status":"closed","sticky":false,"template":"","format":"standard","meta":{"om_disable_all_campaigns":false,"_monsterinsights_skip_tracking":false,"_monsterinsights_sitenote_active":false,"_monsterinsights_sitenote_note":"","_monsterinsights_sitenote_category":0},"categories":[4],"tags":[],"aioseo_notices":[],"gutentor_comment":0,"rttpg_featured_image_url":{"full":["https:\/\/arantv.az\/wp-content\/uploads\/2022\/11\/831da40e166972911550732464111002797.jpg",975,540,false],"landscape":["https:\/\/arantv.az\/wp-content\/uploads\/2022\/11\/831da40e166972911550732464111002797.jpg",975,540,false],"portraits":["https:\/\/arantv.az\/wp-content\/uploads\/2022\/11\/831da40e166972911550732464111002797.jpg",975,540,false],"thumbnail":["https:\/\/arantv.az\/wp-content\/uploads\/2022\/11\/831da40e166972911550732464111002797-500x280.jpg",500,280,true],"medium":["https:\/\/arantv.az\/wp-content\/uploads\/2022\/11\/831da40e166972911550732464111002797-660x365.jpg",660,365,true],"large":["https:\/\/arantv.az\/wp-content\/uploads\/2022\/11\/831da40e166972911550732464111002797-840x465.jpg",640,354,true],"1536x1536":["https:\/\/arantv.az\/wp-content\/uploads\/2022\/11\/831da40e166972911550732464111002797.jpg",975,540,false],"2048x2048":["https:\/\/arantv.az\/wp-content\/uploads\/2022\/11\/831da40e166972911550732464111002797.jpg",975,540,false],"post-thumbnail":["https:\/\/arantv.az\/wp-content\/uploads\/2022\/11\/831da40e166972911550732464111002797-240x172.jpg",240,172,true],"advps-thumb-one":["https:\/\/arantv.az\/wp-content\/uploads\/2022\/11\/831da40e166972911550732464111002797.jpg",975,540,false]},"rttpg_author":{"display_name":"V\u00fcsal Rafiqo\u011flu","author_link":"https:\/\/arantv.az\/?author=2"},"rttpg_comment":0,"rttpg_category":"<a href=\"https:\/\/arantv.az\/?cat=4\" rel=\"category\">Siyas\u0259t<\/a>","rttpg_excerpt":"ADA Universitetind\u0259 ke\u00e7iril\u0259n \u00abOrta D\u0259hliz: geosiyas\u0259t, t\u0259hl\u00fck\u0259sizlik v\u0259 iqtisadiyyat\u00bb m\u00f6vzusunda beyn\u0259lxalq konfransda qeyd olunub ki, Az\u0259rbaycan qit\u0259 d\u00f6vl\u0259tl\u0259ri \u00fc\u00e7\u00fcn \u0259sas enerji m\u0259nb\u0259yidir Avropa d\u00f6vl\u0259tl\u0259ri \u00fc\u00e7\u00fcn alternativsiz m\u0259nb\u0259 olan Az\u0259rbaycan\u0131n enerji diplomatiyas\u0131n\u0131n co\u011frafiyas\u0131 da geni\u015fl\u0259nir. Neft-qaz layih\u0259l\u0259rinin t\u0259\u015f\u0259bb\u00fcskar\u0131 kimi d\u00fcnyan\u0131n tan\u0131nm\u0131\u015f \u015firk\u0259tl\u0259ri il\u0259 \u0259laq\u0259 yaratmaqla t\u0259r\u0259fda\u015fl\u0131\u011fa b\u00f6y\u00fck t\u00f6hf\u0259 ver\u0259n \u00f6lk\u0259mizd\u0259 Bak\u0131 Enerji H\u0259ft\u0259si \u00e7\u0259r\u00e7iv\u0259sind\u0259 27-ci Beyn\u0259lxalq&hellip;","_links":{"self":[{"href":"https:\/\/arantv.az\/index.php?rest_route=\/wp\/v2\/posts\/539661"}],"collection":[{"href":"https:\/\/arantv.az\/index.php?rest_route=\/wp\/v2\/posts"}],"about":[{"href":"https:\/\/arantv.az\/index.php?rest_route=\/wp\/v2\/types\/post"}],"author":[{"embeddable":true,"href":"https:\/\/arantv.az\/index.php?rest_route=\/wp\/v2\/users\/2"}],"replies":[{"embeddable":true,"href":"https:\/\/arantv.az\/index.php?rest_route=%2Fwp%2Fv2%2Fcomments&post=539661"}],"version-history":[{"count":0,"href":"https:\/\/arantv.az\/index.php?rest_route=\/wp\/v2\/posts\/539661\/revisions"}],"wp:featuredmedia":[{"embeddable":true,"href":"https:\/\/arantv.az\/index.php?rest_route=\/wp\/v2\/media\/539662"}],"wp:attachment":[{"href":"https:\/\/arantv.az\/index.php?rest_route=%2Fwp%2Fv2%2Fmedia&parent=539661"}],"wp:term":[{"taxonomy":"category","embeddable":true,"href":"https:\/\/arantv.az\/index.php?rest_route=%2Fwp%2Fv2%2Fcategories&post=539661"},{"taxonomy":"post_tag","embeddable":true,"href":"https:\/\/arantv.az\/index.php?rest_route=%2Fwp%2Fv2%2Ftags&post=539661"}],"curies":[{"name":"wp","href":"https:\/\/api.w.org\/{rel}","templated":true}]}}