{"id":539664,"date":"2022-11-30T07:10:13","date_gmt":"2022-11-30T04:10:13","guid":{"rendered":"https:\/\/arantv.az\/?p=539664"},"modified":"2022-11-30T07:10:13","modified_gmt":"2022-11-30T04:10:13","slug":"qarabaga-v%c9%99-s%c9%99rqi-z%c9%99ng%c9%99zura-ruzi-b%c9%99r%c9%99k%c9%99t-g%c9%99lir","status":"publish","type":"post","link":"https:\/\/arantv.az\/?p=539664","title":{"rendered":"Qaraba\u011fa v\u0259 \u015e\u0259rqi Z\u0259ng\u0259zura ruzi-b\u0259r\u0259k\u0259t g\u0259lir"},"content":{"rendered":"<p><em><strong>Bu torpaqlarda \u0259kin-bi\u00e7in \u00f6lk\u0259mizin \u0259rzaq t\u0259hl\u00fck\u0259sizliyin\u0259 \u00f6z t\u00f6hf\u0259sini ver\u0259c\u0259k<\/strong><\/em><\/p>\n<p>Bu, bir ger\u00e7\u0259klikdir ki, bir \u00e7ox \u00f6lk\u0259l\u0259r COVID-19 pandemiyas\u0131 zaman\u0131 v\u0259 bu g\u00fcn d\u0259 davam ed\u0259n Rusiya-Ukrayna m\u00fcharib\u0259si n\u0259tic\u0259sind\u0259 \u0259halisini \u0259rzaqla t\u0259min etm\u0259kd\u0259 probleml\u0259rl\u0259 \u00fczl\u0259\u015fib. Lakin \u00a0Az\u0259rbaycan bu ciddi problemd\u0259n yan ke\u00e7m\u0259yi bacard\u0131. Buna s\u0259b\u0259b is\u0259 d\u00f6vl\u0259tin vaxt\u0131nda h\u0259yata ke\u00e7irdiyi s\u0259m\u0259r\u0259li t\u0259dbirl\u0259rdir. M\u0259hz bu reall\u0131\u011fa g\u00f6r\u0259 d\u0259 \u00a0Az\u0259rbaycan Qlobal \u018frzaq T\u0259hl\u00fck\u0259sizliyi \u0130ndeksi \u00fczr\u0259 hesabatda ard\u0131c\u0131l olaraq m\u00f6vqeyini yax\u015f\u0131la\u015fd\u0131ran \u00f6lk\u0259l\u0259rin siyah\u0131s\u0131ndad\u0131r. Bu is\u0259 o dem\u0259kdir ki, \u00f6lk\u0259mizd\u0259 g\u00f6r\u00fcl\u0259n kompleks t\u0259dbirl\u0259r n\u0259tic\u0259sind\u0259 \u0259rzaq t\u0259hl\u00fck\u0259sizliyinin t\u0259mini sah\u0259sind\u0259 b\u00f6y\u00fck nailiyy\u0259tl\u0259r \u0259ld\u0259 edilib.<\/p>\n<p>Eyni zamanda, Az\u0259rbaycan Prezidentinin 2022-ci il 19 iyul tarixli \u00ab\u018frzaql\u0131q bu\u011fda il\u0259 \u00f6z\u00fcn\u00fct\u0259minetm\u0259 s\u0259viyy\u0259sinin y\u00fcks\u0259ldilm\u0259sin\u0259 dair bir s\u0131ra t\u0259dbirl\u0259r haqq\u0131nda\u00bb F\u0259rman\u0131 da g\u0259l\u0259c\u0259kd\u0259 \u0259rzaq t\u0259hl\u00fck\u0259sizliyinin yarad\u0131lmas\u0131na yeni imkanlar yaradacaq. Bu s\u0259n\u0259d \u00f6lk\u0259nin \u0259rzaql\u0131q bu\u011fda il\u0259 \u00f6z\u00fcn\u00fct\u0259minetm\u0259 s\u0259viyy\u0259sinin y\u00fcks\u0259ldilm\u0259sini v\u0259 \u0259rzaq t\u0259hl\u00fck\u0259sizliyinin g\u00fccl\u0259ndirilm\u0259sini\u00a0qar\u015f\u0131ya m\u00fch\u00fcm v\u0259zif\u0259 kimi qoyur.<\/p>\n<p>Bu g\u00fcn Az\u0259rbaycanda kartof, meyv\u0259, t\u0259r\u0259v\u0259z v\u0259 s. kimi bir s\u0131ra \u0259rzaq m\u0259hsullar\u0131 il\u0259 \u00f6z\u00fcn\u00fct\u0259minetm\u0259 s\u0259viyy\u0259si y\u00fcks\u0259kdir. Ancaq \u0259rzaql\u0131q bu\u011fda il\u0259 \u00f6z\u00fcn\u00fct\u0259minetm\u0259 s\u0259viyy\u0259si is\u0259 h\u0259l\u0259lik kifay\u0259t deyildir. Ona g\u00f6r\u0259 d\u0259 \u0259rzaql\u0131q bu\u011fda istehsal\u0131n\u0131n art\u0131r\u0131lmas\u0131 aktuall\u0131q da\u015f\u0131y\u0131r.\u00a0X\u00fcsusil\u0259 yax\u0131n zamanlarda \u00f6lk\u0259 \u00fczr\u0259 \u0259rzaq t\u0259minat\u0131 x\u0259rit\u0259sinin haz\u0131rlanmas\u0131 palanla\u015fd\u0131r\u0131l\u0131r.<\/p>\n<p>Onu da n\u0259z\u0259r\u0259 almaq laz\u0131md\u0131r ki, tarix\u0259n xalq\u0131m\u0131z\u0131n istehlak\u0131nda \u00e7\u00f6r\u0259k\u00a0 m\u00fch\u00fcm yer tutub. Onun \u00fc\u00e7\u00fcn d\u0259 \u0259rzaql\u0131q bu\u011fda il\u0259 \u00f6z\u00fcn\u00fct\u0259minetm\u0259 s\u0259viyy\u0259sinin y\u00fcks\u0259ldilm\u0259si istiqam\u0259tind\u0259ki t\u0259dbirl\u0259rin davam\u0131 z\u0259ruridir. Art\u0131q q\u0259rar verilib v\u0259 2023-c\u00fc ild\u0259n ba\u015flayaraq 5 il m\u00fcdd\u0259tind\u0259 \u0259rzaql\u0131q bu\u011fdaya m\u0259hsul subsidiyas\u0131 t\u0259tbiq edil\u0259c\u0259k.<\/p>\n<p>Az\u0259rbaycan d\u00f6vl\u0259ti bu istiqam\u0259td\u0259 yeni h\u0259d\u0259fl\u0259ri d\u0259 m\u00fc\u0259yy\u0259nl\u0259\u015fdirib. Bel\u0259 ki, qar\u015f\u0131dak\u0131 3-4 il \u0259rzind\u0259 \u0259rzaql\u0131q bu\u011fda il\u0259 \u00f6z\u00fcn\u00fct\u0259minetm\u0259 s\u0259viyy\u0259sinin 80 faiz\u0259 \u00e7atd\u0131r\u0131lmas\u0131 istiqam\u0259tind\u0259 i\u015f apar\u0131lacaqd\u0131r.<\/p>\n<p>He\u00e7 \u015f\u00fcbh\u0259siz ki, Qaraba\u011fda v\u0259 \u015e\u0259rqi Z\u0259ng\u0259zurda i\u015f\u011faldan azad edil\u0259n torpaqlar\u0131n \u0259kin d\u00f6vriyy\u0259sin\u0259 c\u0259lb edilm\u0259si d\u0259 \u0259rzaq t\u0259hl\u00fck\u0259sizliyimizin t\u0259min edilm\u0259sin\u0259 b\u00f6y\u00fck t\u00f6hf\u0259 ver\u0259c\u0259k. Art\u0131q 2022- ci ild\u0259 i\u015f\u011faldan azad olunan \u0259razil\u0259rd\u0259 50 min hektarda tax\u0131l \u0259kilib v\u0259 ilkin m\u0259hsul \u0259ld\u0259 olunub. Haz\u0131rda h\u0259min \u0259razil\u0259rin minadan t\u0259mizl\u0259nm\u0259si v\u0259 su t\u0259s\u0259rr\u00fcfat\u0131n\u0131n yenid\u0259nqurulmas\u0131 \u00fczr\u0259 s\u00fcr\u0259tli i\u015fl\u0259r gedir. N\u00f6vb\u0259ti ill\u0259rd\u0259 is\u0259 daha 80-100 min hektar aras\u0131nda torpa\u011f\u0131n \u0259kin d\u00f6vriyy\u0259sin\u0259 c\u0259lb edilm\u0259si planla\u015fd\u0131r\u0131l\u0131r.<\/p>\n<p>Burada bitki\u00e7ilikl\u0259 yana\u015f\u0131, heyvandarl\u0131q da inki\u015faf etdirilir. Art\u0131q K\u0259lb\u0259c\u0259r v\u0259 La\u00e7\u0131n yaylaqlar\u0131nda qoyun\u00e7uluq t\u0259s\u0259rr\u00fcfatlar\u0131 yarad\u0131l\u0131b. T\u0259kc\u0259 2022-ci ild\u0259 \u015e\u0259rqi Z\u0259ng\u0259zur v\u0259 Qaraba\u011f iqtisadi rayonlar\u0131ndak\u0131 yaylaqlara 61 mind\u0259n \u00e7ox ar\u0131 ail\u0259si apar\u0131l\u0131b. Bu is\u0259 o dem\u0259kdir ki, qar\u015f\u0131dak\u0131 ill\u0259rd\u0259 i\u015f\u011faldan azad olunan \u0259razil\u0259rin hesab\u0131na Az\u0259rbaycan\u0131n \u0259rzaq t\u0259hl\u00fck\u0259sizliyi daha da g\u00fccl\u0259n\u0259c\u0259kdir. Bir s\u00f6zl\u0259, Qaraba\u011fa v\u0259 \u015e\u0259rqi Z\u0259ng\u0259zura ruzi b\u0259r\u0259k\u0259t qay\u0131d\u0131r. Bu torpaqlarda \u0259kin-bi\u00e7in \u00f6lk\u0259mizin \u0259rzaq t\u0259hl\u00fck\u0259sizliyin\u0259 \u00f6z t\u00f6hf\u0259sini ver\u0259c\u0259k.<\/p>\n","protected":false},"excerpt":{"rendered":"<p>Bu torpaqlarda \u0259kin-bi\u00e7in \u00f6lk\u0259mizin \u0259rzaq t\u0259hl\u00fck\u0259sizliyin\u0259 \u00f6z t\u00f6hf\u0259sini ver\u0259c\u0259k Bu, bir ger\u00e7\u0259klikdir ki, bir \u00e7ox \u00f6lk\u0259l\u0259r COVID-19 pandemiyas\u0131 zaman\u0131 v\u0259 bu g\u00fcn d\u0259 davam ed\u0259n Rusiya-Ukrayna m\u00fcharib\u0259si n\u0259tic\u0259sind\u0259 \u0259halisini \u0259rzaqla t\u0259min etm\u0259kd\u0259 probleml\u0259rl\u0259 \u00fczl\u0259\u015fib. Lakin \u00a0Az\u0259rbaycan bu ciddi problemd\u0259n yan ke\u00e7m\u0259yi bacard\u0131. Buna s\u0259b\u0259b is\u0259 d\u00f6vl\u0259tin vaxt\u0131nda h\u0259yata ke\u00e7irdiyi s\u0259m\u0259r\u0259li t\u0259dbirl\u0259rdir. M\u0259hz bu reall\u0131\u011fa g\u00f6r\u0259 d\u0259 \u00a0Az\u0259rbaycan Qlobal \u018frzaq T\u0259hl\u00fck\u0259sizliyi \u0130ndeksi \u00fczr\u0259 hesabatda ard\u0131c\u0131l olaraq m\u00f6vqeyini yax\u015f\u0131la\u015fd\u0131ran \u00f6lk\u0259l\u0259rin siyah\u0131s\u0131ndad\u0131r. Bu is\u0259 o dem\u0259kdir ki, \u00f6lk\u0259mizd\u0259 g\u00f6r\u00fcl\u0259n kompleks t\u0259dbirl\u0259r n\u0259tic\u0259sind\u0259 \u0259rzaq t\u0259hl\u00fck\u0259sizliyinin t\u0259mini sah\u0259sind\u0259 b\u00f6y\u00fck nailiyy\u0259tl\u0259r \u0259ld\u0259 edilib. Eyni zamanda, Az\u0259rbaycan&hellip;<\/p>\n","protected":false},"author":2,"featured_media":539665,"comment_status":"closed","ping_status":"closed","sticky":false,"template":"","format":"standard","meta":{"om_disable_all_campaigns":false,"_monsterinsights_skip_tracking":false,"_monsterinsights_sitenote_active":false,"_monsterinsights_sitenote_note":"","_monsterinsights_sitenote_category":0},"categories":[19],"tags":[],"aioseo_notices":[],"gutentor_comment":0,"rttpg_featured_image_url":{"full":["https:\/\/arantv.az\/wp-content\/uploads\/2022\/11\/8808eda0162563853032812163210613558.jpg",975,540,false],"landscape":["https:\/\/arantv.az\/wp-content\/uploads\/2022\/11\/8808eda0162563853032812163210613558.jpg",975,540,false],"portraits":["https:\/\/arantv.az\/wp-content\/uploads\/2022\/11\/8808eda0162563853032812163210613558.jpg",975,540,false],"thumbnail":["https:\/\/arantv.az\/wp-content\/uploads\/2022\/11\/8808eda0162563853032812163210613558-500x280.jpg",500,280,true],"medium":["https:\/\/arantv.az\/wp-content\/uploads\/2022\/11\/8808eda0162563853032812163210613558-660x365.jpg",660,365,true],"large":["https:\/\/arantv.az\/wp-content\/uploads\/2022\/11\/8808eda0162563853032812163210613558-840x465.jpg",640,354,true],"1536x1536":["https:\/\/arantv.az\/wp-content\/uploads\/2022\/11\/8808eda0162563853032812163210613558.jpg",975,540,false],"2048x2048":["https:\/\/arantv.az\/wp-content\/uploads\/2022\/11\/8808eda0162563853032812163210613558.jpg",975,540,false],"post-thumbnail":["https:\/\/arantv.az\/wp-content\/uploads\/2022\/11\/8808eda0162563853032812163210613558-240x172.jpg",240,172,true],"advps-thumb-one":["https:\/\/arantv.az\/wp-content\/uploads\/2022\/11\/8808eda0162563853032812163210613558.jpg",975,540,false]},"rttpg_author":{"display_name":"V\u00fcsal Rafiqo\u011flu","author_link":"https:\/\/arantv.az\/?author=2"},"rttpg_comment":0,"rttpg_category":"<a href=\"https:\/\/arantv.az\/?cat=19\" rel=\"category\">G\u00fcnd\u0259m<\/a>","rttpg_excerpt":"Bu torpaqlarda \u0259kin-bi\u00e7in \u00f6lk\u0259mizin \u0259rzaq t\u0259hl\u00fck\u0259sizliyin\u0259 \u00f6z t\u00f6hf\u0259sini ver\u0259c\u0259k Bu, bir ger\u00e7\u0259klikdir ki, bir \u00e7ox \u00f6lk\u0259l\u0259r COVID-19 pandemiyas\u0131 zaman\u0131 v\u0259 bu g\u00fcn d\u0259 davam ed\u0259n Rusiya-Ukrayna m\u00fcharib\u0259si n\u0259tic\u0259sind\u0259 \u0259halisini \u0259rzaqla t\u0259min etm\u0259kd\u0259 probleml\u0259rl\u0259 \u00fczl\u0259\u015fib. Lakin \u00a0Az\u0259rbaycan bu ciddi problemd\u0259n yan ke\u00e7m\u0259yi bacard\u0131. Buna s\u0259b\u0259b is\u0259 d\u00f6vl\u0259tin vaxt\u0131nda h\u0259yata ke\u00e7irdiyi s\u0259m\u0259r\u0259li t\u0259dbirl\u0259rdir. M\u0259hz bu reall\u0131\u011fa g\u00f6r\u0259&hellip;","_links":{"self":[{"href":"https:\/\/arantv.az\/index.php?rest_route=\/wp\/v2\/posts\/539664"}],"collection":[{"href":"https:\/\/arantv.az\/index.php?rest_route=\/wp\/v2\/posts"}],"about":[{"href":"https:\/\/arantv.az\/index.php?rest_route=\/wp\/v2\/types\/post"}],"author":[{"embeddable":true,"href":"https:\/\/arantv.az\/index.php?rest_route=\/wp\/v2\/users\/2"}],"replies":[{"embeddable":true,"href":"https:\/\/arantv.az\/index.php?rest_route=%2Fwp%2Fv2%2Fcomments&post=539664"}],"version-history":[{"count":0,"href":"https:\/\/arantv.az\/index.php?rest_route=\/wp\/v2\/posts\/539664\/revisions"}],"wp:featuredmedia":[{"embeddable":true,"href":"https:\/\/arantv.az\/index.php?rest_route=\/wp\/v2\/media\/539665"}],"wp:attachment":[{"href":"https:\/\/arantv.az\/index.php?rest_route=%2Fwp%2Fv2%2Fmedia&parent=539664"}],"wp:term":[{"taxonomy":"category","embeddable":true,"href":"https:\/\/arantv.az\/index.php?rest_route=%2Fwp%2Fv2%2Fcategories&post=539664"},{"taxonomy":"post_tag","embeddable":true,"href":"https:\/\/arantv.az\/index.php?rest_route=%2Fwp%2Fv2%2Ftags&post=539664"}],"curies":[{"name":"wp","href":"https:\/\/api.w.org\/{rel}","templated":true}]}}